{"id":1000,"date":"2018-12-14T18:30:14","date_gmt":"2018-12-14T17:30:14","guid":{"rendered":"http:\/\/agora.xtec.cat\/cfasalvadordali\/?p=1000"},"modified":"2018-12-14T18:30:14","modified_gmt":"2018-12-14T17:30:14","slug":"sortida-programada-al-museu-del-cantir","status":"publish","type":"post","link":"https:\/\/agora.xtec.cat\/cfasalvadordali\/general\/sortida-programada-al-museu-del-cantir\/","title":{"rendered":"SORTIDA PROGRAMADA AL MUSEU DEL C\u00c0NTIR"},"content":{"rendered":"<p>Un grup d&#8217;alumnes i 3 mestres de l&#8217;escola van visitar el Museu del C\u00e0ntir d&#8217;Argentona el passat mes de novembre.<\/p>\n<figure class=\"figure wp-caption aligncenter\"><a href=\"https:\/\/agora.xtec.cat\/cfasalvadordali\/wp-content\/uploads\/usu363\/2018\/12\/cantir2.jpg\"><img loading=\"lazy\" decoding=\"async\" class=\" wp-image-1003\" src=\"https:\/\/agora.xtec.cat\/cfasalvadordali\/wp-content\/uploads\/usu363\/2018\/12\/cantir2-768x1024.jpg\" alt=\"\" width=\"568\" height=\"757\" srcset=\"https:\/\/agora.xtec.cat\/cfasalvadordali\/wp-content\/uploads\/usu363\/2018\/12\/cantir2-768x1024.jpg 768w, https:\/\/agora.xtec.cat\/cfasalvadordali\/wp-content\/uploads\/usu363\/2018\/12\/cantir2-225x300.jpg 225w, https:\/\/agora.xtec.cat\/cfasalvadordali\/wp-content\/uploads\/usu363\/2018\/12\/cantir2.jpg 1024w\" sizes=\"auto, (max-width: 568px) 100vw, 568px\" \/><\/a><figcaption class=\"wp-caption-text\">ptr<\/figcaption><\/figure>\n<p>El Museu del C\u00e0ntir d\u2019Argentona \u00e9s una instituci\u00f3 p\u00fablica de l\u2019Ajuntament d\u2019Argentona, gestionada per un Patronat Municipal. Tot i que el museu es va fundar l\u2019any 1975, no \u00e9s fins el 1984 que l\u2019Ajuntament va crear el Patronat com a \u00f2rgan de gesti\u00f3. Fins llavors el museu va ser gestionat pels Amics del Museu del C\u00e0ntir d\u2019Argentona, entitat que encara avui col\u2022labora amb el museu, especialment durant els actes de la Festa del C\u00e0ntir i la fira Argill\u00e0 Argentona.<\/p>\n<p>El museu consta amb el n\u00fam. 23 dels 188 museus del Registre de Museus de Catalunya, gestionat pel Departament de Cultura de la Generalitat. Tamb\u00e9 forma part de la Xarxa de Museus Locals de la Diputaci\u00f3 de Barcelona des de l\u2019any 1994.<\/p>\n<p>El museu \u00e9s \u00fanic al m\u00f3n en la seva especialitat, tot i que podem trobar dues col\u2022leccions de c\u00e0ntirs privades obertes al p\u00fablic: el Museo del Botijo de Villena (Alacant) i el de Toral de los Guzmanes (Lle\u00f3).<\/p>\n<p>Les col\u2022leccions del Museu del C\u00e0ntir d\u2019Argentona estan formades per m\u00e9s de quatre mil exemplars que van de l\u2019Edat de Bronze a Picasso, passant per grans col\u2022leccions de terrissa de volta dels segles XIV al XVIII, nombrosos exemplars del segle XIX i el gruix de la col\u2022lecci\u00f3, format per terrissa popular i tradicional de tot el segle XX. La seva proced\u00e8ncia \u00e9s molt diversa, per\u00f2 sobre tot se centre a Catalunya i l\u2019Estat espanyol, tot i que els darrers anys han ingressat nombrosos exemplars d\u2019altres pa\u00efsos, com Portugal, Fran\u00e7a, It\u00e0lia, Marroc, M\u00e8xic i Per\u00fa, entre molts altres.<\/p>\n<p>Com a museu, compleix amb tots els requisits legals i de bones pr\u00e0ctiques que s\u00f3n d\u2019aplicaci\u00f3, com registre, documentaci\u00f3, conservaci\u00f3 i difusi\u00f3 de les col\u2022leccions que el museu estatja. A m\u00e9s, el museu \u00e9s una instituci\u00f3 amb gran activitat cultural, com exposicions temporals, xerrades, escola de cer\u00e0mica, festa del c\u00e0ntir, la fira de terrissa i altres activitats que fan del museu una instituci\u00f3 de refer\u00e8ncia al Maresme i en el camp de la cer\u00e0mica.<\/p>\n<p>Els alumnes van aprendre a confeccionar c\u00e0ntirs i van crear cadasc\u00fa el seu. Aquests c\u00e0ntirs es troben exposats al vest\u00edbul de l&#8217;escola.<\/p>\n<p><a href=\"https:\/\/agora.xtec.cat\/cfasalvadordali\/wp-content\/uploads\/usu363\/2018\/12\/cantir1.jpg\"><img loading=\"lazy\" decoding=\"async\" class=\" wp-image-1002\" src=\"https:\/\/agora.xtec.cat\/cfasalvadordali\/wp-content\/uploads\/usu363\/2018\/12\/cantir1-768x1024.jpg\" alt=\"\" width=\"538\" height=\"717\" srcset=\"https:\/\/agora.xtec.cat\/cfasalvadordali\/wp-content\/uploads\/usu363\/2018\/12\/cantir1-768x1024.jpg 768w, https:\/\/agora.xtec.cat\/cfasalvadordali\/wp-content\/uploads\/usu363\/2018\/12\/cantir1-225x300.jpg 225w, https:\/\/agora.xtec.cat\/cfasalvadordali\/wp-content\/uploads\/usu363\/2018\/12\/cantir1.jpg 1024w\" sizes=\"auto, (max-width: 538px) 100vw, 538px\" \/><\/a><\/p>\n","protected":false},"excerpt":{"rendered":"<p>Un grup d&#8217;alumnes i 3 mestres de l&#8217;escola van visitar el Museu del C\u00e0ntir d&#8217;Argentona el passat mes de novembre.<br \/>\n<a href=\"https:\/\/agora.xtec.cat\/cfasalvadordali\/wp-content\/uploads\/usu363\/2018\/12\/cantir2.jpg\"><\/a>ptr<br \/>\nEl Museu del C\u00e0ntir d\u2019Argentona \u00e9s una instituci\u00f3 p\u00fablica de l\u2019Ajuntament d\u2019Argentona, gestionada per un Patronat Municipal. Tot i que el museu es va fundar&hellip;  <a href=\"https:\/\/agora.xtec.cat\/cfasalvadordali\/general\/sortida-programada-al-museu-del-cantir\/\" title=\"Read SORTIDA PROGRAMADA AL MUSEU DEL C\u00c0NTIR\">Llegeix m\u00e9s\u00bb<\/a><\/p>\n","protected":false},"author":1,"featured_media":1001,"comment_status":"open","ping_status":"closed","sticky":false,"template":"","format":"standard","meta":{"_bbp_topic_count":0,"_bbp_reply_count":0,"_bbp_total_topic_count":0,"_bbp_total_reply_count":0,"_bbp_voice_count":0,"_bbp_anonymous_reply_count":0,"_bbp_topic_count_hidden":0,"_bbp_reply_count_hidden":0,"_bbp_forum_subforum_count":0,"footnotes":""},"categories":[96,1,29],"tags":[],"class_list":["post-1000","post","type-post","status-publish","format-standard","has-post-thumbnail","hentry","category-activitats-culturals","category-general","category-portada"],"post_mailing_queue_ids":[],"_links":{"self":[{"href":"https:\/\/agora.xtec.cat\/cfasalvadordali\/wp-json\/wp\/v2\/posts\/1000","targetHints":{"allow":["GET"]}}],"collection":[{"href":"https:\/\/agora.xtec.cat\/cfasalvadordali\/wp-json\/wp\/v2\/posts"}],"about":[{"href":"https:\/\/agora.xtec.cat\/cfasalvadordali\/wp-json\/wp\/v2\/types\/post"}],"author":[{"embeddable":true,"href":"https:\/\/agora.xtec.cat\/cfasalvadordali\/wp-json\/wp\/v2\/users\/1"}],"replies":[{"embeddable":true,"href":"https:\/\/agora.xtec.cat\/cfasalvadordali\/wp-json\/wp\/v2\/comments?post=1000"}],"version-history":[{"count":1,"href":"https:\/\/agora.xtec.cat\/cfasalvadordali\/wp-json\/wp\/v2\/posts\/1000\/revisions"}],"predecessor-version":[{"id":1004,"href":"https:\/\/agora.xtec.cat\/cfasalvadordali\/wp-json\/wp\/v2\/posts\/1000\/revisions\/1004"}],"wp:featuredmedia":[{"embeddable":true,"href":"https:\/\/agora.xtec.cat\/cfasalvadordali\/wp-json\/wp\/v2\/media\/1001"}],"wp:attachment":[{"href":"https:\/\/agora.xtec.cat\/cfasalvadordali\/wp-json\/wp\/v2\/media?parent=1000"}],"wp:term":[{"taxonomy":"category","embeddable":true,"href":"https:\/\/agora.xtec.cat\/cfasalvadordali\/wp-json\/wp\/v2\/categories?post=1000"},{"taxonomy":"post_tag","embeddable":true,"href":"https:\/\/agora.xtec.cat\/cfasalvadordali\/wp-json\/wp\/v2\/tags?post=1000"}],"curies":[{"name":"wp","href":"https:\/\/api.w.org\/{rel}","templated":true}]}}