{"id":4946,"date":"2026-04-29T18:08:20","date_gmt":"2026-04-29T16:08:20","guid":{"rendered":"https:\/\/agora.xtec.cat\/cfareus\/?p=4946"},"modified":"2026-04-29T18:44:50","modified_gmt":"2026-04-29T16:44:50","slug":"estudiants-dangles-del-cfa-reus","status":"publish","type":"post","link":"https:\/\/agora.xtec.cat\/cfareus\/general\/estudiants-dangles-del-cfa-reus\/","title":{"rendered":"Sortida de Final de Curs d&#8217;Angl\u00e8s: Santes Creus"},"content":{"rendered":"<p>Per tancar el curs de la millor manera possible, des del departament d&#8217;Angl\u00e8s hem organitzat una experi\u00e8ncia \u00fanica de llengua i cultura al Reial Monestir de Santes Creus. Ser\u00e0 una jornada ideal per compartir moments fora de l&#8217;aula, practicar l&#8217;idioma i descobrir un dels tresors del nostre patrimoni.<\/p>\n<p>Apunta\u2019t els <strong>detalls de la sortida<\/strong>:<br \/>\n&#8211; Data: 28 de maig<br \/>\n&#8211; Horari: De 9:00 h a 17:00 h (Sortida des del CFA Reus)<br \/>\n&#8211; Preu: 35 \u20ac<br \/>\nInclou: Entrada al monestir, visita guiada i un dinar complet a l&#8217;Hostal Grau.<br \/>\nNota: El transport en autob\u00fas va a c\u00e0rrec del centre (gratu\u00eft per a l&#8217;alumnat).<\/p>\n<p><strong>Inscripcions<\/strong><br \/>\nNo et quedis sense la teva pla\u00e7a! Pots apuntar-te a la secretaria del centre:<br \/>\n<strong>Termini<\/strong>: Del 5 de maig al 15 de maig.<\/p>\n<p>Vine a gaudir d&#8217;un dia de cultura, hist\u00f2ria i bona companyia abans de les vacances d&#8217;estiu. T&#8217;hi esperem!<\/p>\n<p data-path-to-node=\"7\">\n<a href=\"https:\/\/agora.xtec.cat\/cfareus\/wp-content\/uploads\/usu1320\/2026\/04\/sortida-Santes-Creus.jpg\"><img loading=\"lazy\" decoding=\"async\" class=\"aligncenter wp-image-4948 size-large\" src=\"https:\/\/agora.xtec.cat\/cfareus\/wp-content\/uploads\/usu1320\/2026\/04\/sortida-Santes-Creus-724x1024.jpg\" alt=\"\" width=\"724\" height=\"1024\" srcset=\"https:\/\/agora.xtec.cat\/cfareus\/wp-content\/uploads\/usu1320\/2026\/04\/sortida-Santes-Creus-724x1024.jpg 724w, https:\/\/agora.xtec.cat\/cfareus\/wp-content\/uploads\/usu1320\/2026\/04\/sortida-Santes-Creus-212x300.jpg 212w, https:\/\/agora.xtec.cat\/cfareus\/wp-content\/uploads\/usu1320\/2026\/04\/sortida-Santes-Creus-768x1086.jpg 768w, https:\/\/agora.xtec.cat\/cfareus\/wp-content\/uploads\/usu1320\/2026\/04\/sortida-Santes-Creus-1086x1536.jpg 1086w, https:\/\/agora.xtec.cat\/cfareus\/wp-content\/uploads\/usu1320\/2026\/04\/sortida-Santes-Creus-1448x2048.jpg 1448w, https:\/\/agora.xtec.cat\/cfareus\/wp-content\/uploads\/usu1320\/2026\/04\/sortida-Santes-Creus.jpg 1587w\" sizes=\"auto, (max-width: 724px) 100vw, 724px\" \/><\/a><\/p>\n<p data-path-to-node=\"7\">\n","protected":false},"excerpt":{"rendered":"<p>Per tancar el curs de la millor manera possible, des del departament d&#8217;Angl\u00e8s hem organitzat una experi\u00e8ncia \u00fanica de llengua i cultura al Reial Monestir de Santes Creus. Ser\u00e0 una jornada ideal per compartir moments fora de l&#8217;aula, practicar l&#8217;idioma i descobrir un dels tresors&hellip;  <a href=\"https:\/\/agora.xtec.cat\/cfareus\/general\/estudiants-dangles-del-cfa-reus\/\" title=\"Read Sortida de Final de Curs d&#8217;Angl\u00e8s: Santes Creus\">Llegeix m\u00e9s\u00bb<\/a><\/p>\n","protected":false},"author":1,"featured_media":4947,"comment_status":"closed","ping_status":"open","sticky":false,"template":"","format":"standard","meta":{"_bbp_topic_count":0,"_bbp_reply_count":0,"_bbp_total_topic_count":0,"_bbp_total_reply_count":0,"_bbp_voice_count":0,"_bbp_anonymous_reply_count":0,"_bbp_topic_count_hidden":0,"_bbp_reply_count_hidden":0,"_bbp_forum_subforum_count":0,"footnotes":""},"categories":[1,29],"tags":[],"class_list":["post-4946","post","type-post","status-publish","format-standard","has-post-thumbnail","hentry","category-general","category-portada"],"post_mailing_queue_ids":[],"_links":{"self":[{"href":"https:\/\/agora.xtec.cat\/cfareus\/wp-json\/wp\/v2\/posts\/4946","targetHints":{"allow":["GET"]}}],"collection":[{"href":"https:\/\/agora.xtec.cat\/cfareus\/wp-json\/wp\/v2\/posts"}],"about":[{"href":"https:\/\/agora.xtec.cat\/cfareus\/wp-json\/wp\/v2\/types\/post"}],"author":[{"embeddable":true,"href":"https:\/\/agora.xtec.cat\/cfareus\/wp-json\/wp\/v2\/users\/1"}],"replies":[{"embeddable":true,"href":"https:\/\/agora.xtec.cat\/cfareus\/wp-json\/wp\/v2\/comments?post=4946"}],"version-history":[{"count":3,"href":"https:\/\/agora.xtec.cat\/cfareus\/wp-json\/wp\/v2\/posts\/4946\/revisions"}],"predecessor-version":[{"id":4976,"href":"https:\/\/agora.xtec.cat\/cfareus\/wp-json\/wp\/v2\/posts\/4946\/revisions\/4976"}],"wp:featuredmedia":[{"embeddable":true,"href":"https:\/\/agora.xtec.cat\/cfareus\/wp-json\/wp\/v2\/media\/4947"}],"wp:attachment":[{"href":"https:\/\/agora.xtec.cat\/cfareus\/wp-json\/wp\/v2\/media?parent=4946"}],"wp:term":[{"taxonomy":"category","embeddable":true,"href":"https:\/\/agora.xtec.cat\/cfareus\/wp-json\/wp\/v2\/categories?post=4946"},{"taxonomy":"post_tag","embeddable":true,"href":"https:\/\/agora.xtec.cat\/cfareus\/wp-json\/wp\/v2\/tags?post=4946"}],"curies":[{"name":"wp","href":"https:\/\/api.w.org\/{rel}","templated":true}]}}