{"id":4934,"date":"2026-04-28T15:24:25","date_gmt":"2026-04-28T13:24:25","guid":{"rendered":"https:\/\/agora.xtec.cat\/cfareus\/?p=4934"},"modified":"2026-04-28T15:24:25","modified_gmt":"2026-04-28T13:24:25","slug":"taller-de-formacio-laboral-a-lalumnat-de-ges","status":"publish","type":"post","link":"https:\/\/agora.xtec.cat\/cfareus\/general\/taller-de-formacio-laboral-a-lalumnat-de-ges\/","title":{"rendered":"Taller de formaci\u00f3 laboral a l&#8217;alumnat de GES"},"content":{"rendered":"<p><span style=\"font-weight: 400;\">Avui ha tingut lloc el taller de formaci\u00f3 laboral a c\u00e0rrec de M\u00e0rius Tejero, representant de la USTEC, per a l&#8217;alumnat de GES 1M i GES 2. Durant la sessi\u00f3, els estudiants van poder resoldre dubtes sobre el m\u00f3n del treball i con\u00e8ixer de primera m\u00e0 els seus drets i deures. Una jornada clau per refor\u00e7ar l&#8217;orientaci\u00f3 professional i preparar el futur laboral del nostre alumnat.<\/span><\/p>\n<p><a href=\"https:\/\/agora.xtec.cat\/cfareus\/wp-content\/uploads\/usu1320\/2026\/04\/PHOTO-2026-04-28-10-49-17-1.jpg\"><img loading=\"lazy\" decoding=\"async\" class=\"aligncenter wp-image-4935 size-large\" src=\"https:\/\/agora.xtec.cat\/cfareus\/wp-content\/uploads\/usu1320\/2026\/04\/PHOTO-2026-04-28-10-49-17-1-1024x768.jpg\" alt=\"\" width=\"1024\" height=\"768\" srcset=\"https:\/\/agora.xtec.cat\/cfareus\/wp-content\/uploads\/usu1320\/2026\/04\/PHOTO-2026-04-28-10-49-17-1-1024x768.jpg 1024w, https:\/\/agora.xtec.cat\/cfareus\/wp-content\/uploads\/usu1320\/2026\/04\/PHOTO-2026-04-28-10-49-17-1-300x225.jpg 300w, https:\/\/agora.xtec.cat\/cfareus\/wp-content\/uploads\/usu1320\/2026\/04\/PHOTO-2026-04-28-10-49-17-1-768x576.jpg 768w, https:\/\/agora.xtec.cat\/cfareus\/wp-content\/uploads\/usu1320\/2026\/04\/PHOTO-2026-04-28-10-49-17-1-1536x1152.jpg 1536w, https:\/\/agora.xtec.cat\/cfareus\/wp-content\/uploads\/usu1320\/2026\/04\/PHOTO-2026-04-28-10-49-17-1-200x150.jpg 200w, https:\/\/agora.xtec.cat\/cfareus\/wp-content\/uploads\/usu1320\/2026\/04\/PHOTO-2026-04-28-10-49-17-1.jpg 2040w\" sizes=\"auto, (max-width: 1024px) 100vw, 1024px\" \/><\/a> <a href=\"https:\/\/agora.xtec.cat\/cfareus\/wp-content\/uploads\/usu1320\/2026\/04\/PHOTO-2026-04-28-10-49-17.jpg\"><img loading=\"lazy\" decoding=\"async\" class=\"aligncenter wp-image-4936 size-large\" src=\"https:\/\/agora.xtec.cat\/cfareus\/wp-content\/uploads\/usu1320\/2026\/04\/PHOTO-2026-04-28-10-49-17-1024x768.jpg\" alt=\"\" width=\"1024\" height=\"768\" srcset=\"https:\/\/agora.xtec.cat\/cfareus\/wp-content\/uploads\/usu1320\/2026\/04\/PHOTO-2026-04-28-10-49-17-1024x768.jpg 1024w, https:\/\/agora.xtec.cat\/cfareus\/wp-content\/uploads\/usu1320\/2026\/04\/PHOTO-2026-04-28-10-49-17-300x225.jpg 300w, https:\/\/agora.xtec.cat\/cfareus\/wp-content\/uploads\/usu1320\/2026\/04\/PHOTO-2026-04-28-10-49-17-768x576.jpg 768w, https:\/\/agora.xtec.cat\/cfareus\/wp-content\/uploads\/usu1320\/2026\/04\/PHOTO-2026-04-28-10-49-17-1536x1152.jpg 1536w, https:\/\/agora.xtec.cat\/cfareus\/wp-content\/uploads\/usu1320\/2026\/04\/PHOTO-2026-04-28-10-49-17-200x150.jpg 200w, https:\/\/agora.xtec.cat\/cfareus\/wp-content\/uploads\/usu1320\/2026\/04\/PHOTO-2026-04-28-10-49-17.jpg 2040w\" sizes=\"auto, (max-width: 1024px) 100vw, 1024px\" \/><\/a><\/p>\n","protected":false},"excerpt":{"rendered":"<p>Avui ha tingut lloc el taller de formaci\u00f3 laboral a c\u00e0rrec de M\u00e0rius Tejero, representant de la USTEC, per a l&#8217;alumnat de GES 1M i GES 2. Durant la sessi\u00f3, els estudiants van poder resoldre dubtes sobre el m\u00f3n del treball i con\u00e8ixer de primera&hellip;  <a href=\"https:\/\/agora.xtec.cat\/cfareus\/general\/taller-de-formacio-laboral-a-lalumnat-de-ges\/\" title=\"Read Taller de formaci\u00f3 laboral a l&#8217;alumnat de GES\">Llegeix m\u00e9s\u00bb<\/a><\/p>\n","protected":false},"author":1,"featured_media":4937,"comment_status":"closed","ping_status":"open","sticky":false,"template":"","format":"standard","meta":{"_bbp_topic_count":0,"_bbp_reply_count":0,"_bbp_total_topic_count":0,"_bbp_total_reply_count":0,"_bbp_voice_count":0,"_bbp_anonymous_reply_count":0,"_bbp_topic_count_hidden":0,"_bbp_reply_count_hidden":0,"_bbp_forum_subforum_count":0,"footnotes":""},"categories":[1],"tags":[],"class_list":["post-4934","post","type-post","status-publish","format-standard","has-post-thumbnail","hentry","category-general"],"post_mailing_queue_ids":[],"_links":{"self":[{"href":"https:\/\/agora.xtec.cat\/cfareus\/wp-json\/wp\/v2\/posts\/4934","targetHints":{"allow":["GET"]}}],"collection":[{"href":"https:\/\/agora.xtec.cat\/cfareus\/wp-json\/wp\/v2\/posts"}],"about":[{"href":"https:\/\/agora.xtec.cat\/cfareus\/wp-json\/wp\/v2\/types\/post"}],"author":[{"embeddable":true,"href":"https:\/\/agora.xtec.cat\/cfareus\/wp-json\/wp\/v2\/users\/1"}],"replies":[{"embeddable":true,"href":"https:\/\/agora.xtec.cat\/cfareus\/wp-json\/wp\/v2\/comments?post=4934"}],"version-history":[{"count":1,"href":"https:\/\/agora.xtec.cat\/cfareus\/wp-json\/wp\/v2\/posts\/4934\/revisions"}],"predecessor-version":[{"id":4939,"href":"https:\/\/agora.xtec.cat\/cfareus\/wp-json\/wp\/v2\/posts\/4934\/revisions\/4939"}],"wp:featuredmedia":[{"embeddable":true,"href":"https:\/\/agora.xtec.cat\/cfareus\/wp-json\/wp\/v2\/media\/4937"}],"wp:attachment":[{"href":"https:\/\/agora.xtec.cat\/cfareus\/wp-json\/wp\/v2\/media?parent=4934"}],"wp:term":[{"taxonomy":"category","embeddable":true,"href":"https:\/\/agora.xtec.cat\/cfareus\/wp-json\/wp\/v2\/categories?post=4934"},{"taxonomy":"post_tag","embeddable":true,"href":"https:\/\/agora.xtec.cat\/cfareus\/wp-json\/wp\/v2\/tags?post=4934"}],"curies":[{"name":"wp","href":"https:\/\/api.w.org\/{rel}","templated":true}]}}