{"id":2018,"date":"2025-06-19T18:43:06","date_gmt":"2025-06-19T16:43:06","guid":{"rendered":"https:\/\/agora.xtec.cat\/cfarafaelfarre\/?p=2018"},"modified":"2025-12-02T18:15:01","modified_gmt":"2025-12-02T17:15:01","slug":"festa-de-final-de-curs","status":"publish","type":"post","link":"https:\/\/agora.xtec.cat\/cfarafaelfarre\/articles\/festa-de-final-de-curs\/","title":{"rendered":"Festa de Final de Curs"},"content":{"rendered":"<p>El passat dijous 12 de juny el Centre de Formaci\u00f3 d&#8217;Adults Rafael Farr\u00e9 va celebrar la seva festa de comiat de Final de Curs al recinte del pati del teatre de La Peni.<\/p>\n<p>Aquest dia va servir per organitzar una gran festa on tots els alumnes del centre van poder gaudir de m\u00fasica en directe punxada per un DJ, begudes i un berenar \/ sopar en l&#8217;espai del pati de La Peni. L&#8217;alumnat es va poder reunir al pati per intercanviar impressions, riures i una bona estona compartida tamb\u00e9 amb els docents. A m\u00e9s, aquest acte de tancament no nom\u00e9s va reunir als alumnes de tots els cursos, sin\u00f3 que tamb\u00e9 va donar lloc a l&#8217;acte de graduaci\u00f3 de l&#8217;alumnat de GES II que ja finalitzen els seus estudis al centre.<\/p>\n<p>Aquesta festa dona per tancat el curs escolar d&#8217;enguany i dona el tret de sortida a les vacances escolars.<\/p>\n<p>Des de l&#8217;equip docent, volem donar les gr\u00e0cies a totes aquelles persones que ens van ajudar amb el muntatge i preparaci\u00f3 de la festa de forma desinteressada (equip de so, DJ, etc.).<\/p>\n<p>Bones vacances! Ens retrobem, al setembre!<\/p>\n<p>&nbsp;<\/p>\n<p>#escola<\/p>\n<p>#comunitat<\/p>\n","protected":false},"excerpt":{"rendered":"<p>El passat dijous 12 de juny el Centre de Formaci\u00f3 d&#8217;Adults Rafael Farr\u00e9 va celebrar la seva festa de comiat de Final de Curs al recinte del pati del teatre de La Peni.<br \/>\nAquest dia va servir per organitzar una gran festa on tots els alumnes&hellip;  <a href=\"https:\/\/agora.xtec.cat\/cfarafaelfarre\/articles\/festa-de-final-de-curs\/\" title=\"Read Festa de Final de Curs\">Llegeix m\u00e9s\u00bb<\/a><\/p>\n","protected":false},"author":1,"featured_media":2019,"comment_status":"open","ping_status":"open","sticky":false,"template":"","format":"standard","meta":{"_bbp_topic_count":0,"_bbp_reply_count":0,"_bbp_total_topic_count":0,"_bbp_total_reply_count":0,"_bbp_voice_count":0,"_bbp_anonymous_reply_count":0,"_bbp_topic_count_hidden":0,"_bbp_reply_count_hidden":0,"_bbp_forum_subforum_count":0,"footnotes":""},"categories":[1],"tags":[],"class_list":["post-2018","post","type-post","status-publish","format-standard","has-post-thumbnail","hentry","category-articles"],"post_mailing_queue_ids":[],"_links":{"self":[{"href":"https:\/\/agora.xtec.cat\/cfarafaelfarre\/wp-json\/wp\/v2\/posts\/2018","targetHints":{"allow":["GET"]}}],"collection":[{"href":"https:\/\/agora.xtec.cat\/cfarafaelfarre\/wp-json\/wp\/v2\/posts"}],"about":[{"href":"https:\/\/agora.xtec.cat\/cfarafaelfarre\/wp-json\/wp\/v2\/types\/post"}],"author":[{"embeddable":true,"href":"https:\/\/agora.xtec.cat\/cfarafaelfarre\/wp-json\/wp\/v2\/users\/1"}],"replies":[{"embeddable":true,"href":"https:\/\/agora.xtec.cat\/cfarafaelfarre\/wp-json\/wp\/v2\/comments?post=2018"}],"version-history":[{"count":1,"href":"https:\/\/agora.xtec.cat\/cfarafaelfarre\/wp-json\/wp\/v2\/posts\/2018\/revisions"}],"predecessor-version":[{"id":2020,"href":"https:\/\/agora.xtec.cat\/cfarafaelfarre\/wp-json\/wp\/v2\/posts\/2018\/revisions\/2020"}],"wp:featuredmedia":[{"embeddable":true,"href":"https:\/\/agora.xtec.cat\/cfarafaelfarre\/wp-json\/wp\/v2\/media\/2019"}],"wp:attachment":[{"href":"https:\/\/agora.xtec.cat\/cfarafaelfarre\/wp-json\/wp\/v2\/media?parent=2018"}],"wp:term":[{"taxonomy":"category","embeddable":true,"href":"https:\/\/agora.xtec.cat\/cfarafaelfarre\/wp-json\/wp\/v2\/categories?post=2018"},{"taxonomy":"post_tag","embeddable":true,"href":"https:\/\/agora.xtec.cat\/cfarafaelfarre\/wp-json\/wp\/v2\/tags?post=2018"}],"curies":[{"name":"wp","href":"https:\/\/api.w.org\/{rel}","templated":true}]}}