{"id":1972,"date":"2025-04-11T12:45:20","date_gmt":"2025-04-11T10:45:20","guid":{"rendered":"https:\/\/agora.xtec.cat\/cfarafaelfarre\/?p=1972"},"modified":"2025-04-11T12:46:16","modified_gmt":"2025-04-11T10:46:16","slug":"autors-a-les-aules","status":"publish","type":"post","link":"https:\/\/agora.xtec.cat\/cfarafaelfarre\/articles\/autors-a-les-aules\/","title":{"rendered":"Autors a les Aules"},"content":{"rendered":"<p>El passat dilluns 7 d&#8217;abril, ens va visitar l&#8217;Albert Forns Canal, autor de\u00a0<em>I el cel ens va caure al damunt<\/em>, la lectura obligat\u00f2ria que aquest trimestre l&#8217;alumnat de GES II ha llegit a l&#8217;aula.<\/p>\n<p>Aquesta lectura s&#8217;emmarca dins del programa\u00a0<i>Autors a les aules.<\/i><\/p>\n<p>Es tracta d&#8217;una activitat del programa\u00a0<i>Lletres a les aules<\/i>\u00a0que, des de 1998, promociona la literatura catalana i el foment de la lectura en l&#8217;\u00e0mbit de l&#8217;ensenyament primari i secundari organitzada per la ILC i el Departament d\u2019Educaci\u00f3.<\/p>\n<p>Aquesta activitat ha perm\u00e8s a l&#8217;alumnat entrar en contacte directe amb l&#8217;escriptor, en aquest cas, l&#8217;Albert. Durant la sessi\u00f3, s&#8217;ha establert un di\u00e0leg al voltant del llibre (l&#8217;obra ambientada en la Guerra Civil Espanyola, concretament en les hist\u00f2ries dels fets del 31 de maig a Granollers). La visita de l&#8217;Albert ha estat molt enriquidora, i l&#8217;alumnat es troba molt content d&#8217;haver pogut tenir a l&#8217;autor a l&#8217;aula.<\/p>\n<p>&nbsp;<\/p>\n<p>#comunitat<\/p>\n<p>#llibres<\/p>\n<p>#escola<\/p>\n","protected":false},"excerpt":{"rendered":"<p>El passat dilluns 7 d&#8217;abril, ens va visitar l&#8217;Albert Forns Canal, autor de\u00a0I el cel ens va caure al damunt, la lectura obligat\u00f2ria que aquest trimestre l&#8217;alumnat de GES II ha llegit a l&#8217;aula.<br \/>\nAquesta lectura s&#8217;emmarca dins del programa\u00a0Autors a les aules.<br \/>\nEs tracta d&#8217;una activitat&hellip;  <a href=\"https:\/\/agora.xtec.cat\/cfarafaelfarre\/articles\/autors-a-les-aules\/\" title=\"Read Autors a les Aules\">Llegeix m\u00e9s\u00bb<\/a><\/p>\n","protected":false},"author":1,"featured_media":1973,"comment_status":"open","ping_status":"closed","sticky":false,"template":"","format":"standard","meta":{"_bbp_topic_count":0,"_bbp_reply_count":0,"_bbp_total_topic_count":0,"_bbp_total_reply_count":0,"_bbp_voice_count":0,"_bbp_anonymous_reply_count":0,"_bbp_topic_count_hidden":0,"_bbp_reply_count_hidden":0,"_bbp_forum_subforum_count":0,"footnotes":""},"categories":[1],"tags":[],"class_list":["post-1972","post","type-post","status-publish","format-standard","has-post-thumbnail","hentry","category-articles"],"post_mailing_queue_ids":[],"_links":{"self":[{"href":"https:\/\/agora.xtec.cat\/cfarafaelfarre\/wp-json\/wp\/v2\/posts\/1972","targetHints":{"allow":["GET"]}}],"collection":[{"href":"https:\/\/agora.xtec.cat\/cfarafaelfarre\/wp-json\/wp\/v2\/posts"}],"about":[{"href":"https:\/\/agora.xtec.cat\/cfarafaelfarre\/wp-json\/wp\/v2\/types\/post"}],"author":[{"embeddable":true,"href":"https:\/\/agora.xtec.cat\/cfarafaelfarre\/wp-json\/wp\/v2\/users\/1"}],"replies":[{"embeddable":true,"href":"https:\/\/agora.xtec.cat\/cfarafaelfarre\/wp-json\/wp\/v2\/comments?post=1972"}],"version-history":[{"count":2,"href":"https:\/\/agora.xtec.cat\/cfarafaelfarre\/wp-json\/wp\/v2\/posts\/1972\/revisions"}],"predecessor-version":[{"id":1975,"href":"https:\/\/agora.xtec.cat\/cfarafaelfarre\/wp-json\/wp\/v2\/posts\/1972\/revisions\/1975"}],"wp:featuredmedia":[{"embeddable":true,"href":"https:\/\/agora.xtec.cat\/cfarafaelfarre\/wp-json\/wp\/v2\/media\/1973"}],"wp:attachment":[{"href":"https:\/\/agora.xtec.cat\/cfarafaelfarre\/wp-json\/wp\/v2\/media?parent=1972"}],"wp:term":[{"taxonomy":"category","embeddable":true,"href":"https:\/\/agora.xtec.cat\/cfarafaelfarre\/wp-json\/wp\/v2\/categories?post=1972"},{"taxonomy":"post_tag","embeddable":true,"href":"https:\/\/agora.xtec.cat\/cfarafaelfarre\/wp-json\/wp\/v2\/tags?post=1972"}],"curies":[{"name":"wp","href":"https:\/\/api.w.org\/{rel}","templated":true}]}}