{"id":1854,"date":"2024-12-20T12:19:13","date_gmt":"2024-12-20T11:19:13","guid":{"rendered":"https:\/\/agora.xtec.cat\/cfarafaelfarre\/?p=1854"},"modified":"2024-12-20T12:27:41","modified_gmt":"2024-12-20T11:27:41","slug":"berenar-de-nadal-teatre-nacional-de-catalunya","status":"publish","type":"post","link":"https:\/\/agora.xtec.cat\/cfarafaelfarre\/articles\/berenar-de-nadal-teatre-nacional-de-catalunya\/","title":{"rendered":"Berenar de Nadal + Teatre Nacional de Catalunya"},"content":{"rendered":"<p>El dijous 19 de desembre, la nostra escola va acomiadar el primer trimestre amb una celebraci\u00f3 molt especial per donar la benvinguda al Nadal. L\u2019acte va comen\u00e7ar amb un berenar ple de calidesa, on no van faltar la m\u00fasica nadalenca, la coca dol\u00e7a, els torrons, el cava i la nostra beguda estrella: la \u201cmimosa\u201d.<\/p>\n<p>Despr\u00e9s del berenar, vam tenir l\u2019oportunitat de gaudir de l\u2019obra <em>Anna Karenina<\/em> al Teatre Nacional de Catalunya. Una adaptaci\u00f3 magistral dirigida per Carme Portaceli i interpretada per un repartiment de luxe, amb Ariadna Gil i Eduard Farelo com a protagonistes.<\/p>\n<p>Aquest tipus d\u2019activitats ens permeten sortir de la rutina i enfortir el sentit de comunitat que caracteritza la nostra escola, un valor del qual estem orgullosos.<\/p>\n<p><a href=\"https:\/\/agora.xtec.cat\/cfarafaelfarre\/wp-content\/uploads\/usu2189\/2024\/12\/IMG-20241220-WA0014.jpg\"><img loading=\"lazy\" decoding=\"async\" class=\"wp-image-1862 alignleft\" src=\"https:\/\/agora.xtec.cat\/cfarafaelfarre\/wp-content\/uploads\/usu2189\/2024\/12\/IMG-20241220-WA0014-771x1024.jpg\" alt=\"\" width=\"686\" height=\"911\" srcset=\"https:\/\/agora.xtec.cat\/cfarafaelfarre\/wp-content\/uploads\/usu2189\/2024\/12\/IMG-20241220-WA0014-771x1024.jpg 771w, https:\/\/agora.xtec.cat\/cfarafaelfarre\/wp-content\/uploads\/usu2189\/2024\/12\/IMG-20241220-WA0014-226x300.jpg 226w, https:\/\/agora.xtec.cat\/cfarafaelfarre\/wp-content\/uploads\/usu2189\/2024\/12\/IMG-20241220-WA0014-768x1020.jpg 768w, https:\/\/agora.xtec.cat\/cfarafaelfarre\/wp-content\/uploads\/usu2189\/2024\/12\/IMG-20241220-WA0014-1157x1536.jpg 1157w, https:\/\/agora.xtec.cat\/cfarafaelfarre\/wp-content\/uploads\/usu2189\/2024\/12\/IMG-20241220-WA0014.jpg 1536w\" sizes=\"auto, (max-width: 686px) 100vw, 686px\" \/><\/a><a href=\"https:\/\/agora.xtec.cat\/cfarafaelfarre\/wp-content\/uploads\/usu2189\/2024\/12\/IMG-20241220-WA0011.jpg\"><img loading=\"lazy\" decoding=\"async\" class=\"alignnone size-large wp-image-1864\" src=\"https:\/\/agora.xtec.cat\/cfarafaelfarre\/wp-content\/uploads\/usu2189\/2024\/12\/IMG-20241220-WA0011-771x1024.jpg\" alt=\"\" width=\"771\" height=\"1024\" srcset=\"https:\/\/agora.xtec.cat\/cfarafaelfarre\/wp-content\/uploads\/usu2189\/2024\/12\/IMG-20241220-WA0011-771x1024.jpg 771w, https:\/\/agora.xtec.cat\/cfarafaelfarre\/wp-content\/uploads\/usu2189\/2024\/12\/IMG-20241220-WA0011-226x300.jpg 226w, https:\/\/agora.xtec.cat\/cfarafaelfarre\/wp-content\/uploads\/usu2189\/2024\/12\/IMG-20241220-WA0011-768x1020.jpg 768w, https:\/\/agora.xtec.cat\/cfarafaelfarre\/wp-content\/uploads\/usu2189\/2024\/12\/IMG-20241220-WA0011-1157x1536.jpg 1157w, https:\/\/agora.xtec.cat\/cfarafaelfarre\/wp-content\/uploads\/usu2189\/2024\/12\/IMG-20241220-WA0011.jpg 1536w\" sizes=\"auto, (max-width: 771px) 100vw, 771px\" \/><\/a><a href=\"https:\/\/agora.xtec.cat\/cfarafaelfarre\/wp-content\/uploads\/usu2189\/2024\/12\/IMG-20241220-WA0008.jpg\"><img loading=\"lazy\" decoding=\"async\" class=\"alignnone size-large wp-image-1865\" src=\"https:\/\/agora.xtec.cat\/cfarafaelfarre\/wp-content\/uploads\/usu2189\/2024\/12\/IMG-20241220-WA0008-771x1024.jpg\" alt=\"\" width=\"771\" height=\"1024\" srcset=\"https:\/\/agora.xtec.cat\/cfarafaelfarre\/wp-content\/uploads\/usu2189\/2024\/12\/IMG-20241220-WA0008-771x1024.jpg 771w, https:\/\/agora.xtec.cat\/cfarafaelfarre\/wp-content\/uploads\/usu2189\/2024\/12\/IMG-20241220-WA0008-226x300.jpg 226w, https:\/\/agora.xtec.cat\/cfarafaelfarre\/wp-content\/uploads\/usu2189\/2024\/12\/IMG-20241220-WA0008-768x1020.jpg 768w, https:\/\/agora.xtec.cat\/cfarafaelfarre\/wp-content\/uploads\/usu2189\/2024\/12\/IMG-20241220-WA0008-1157x1536.jpg 1157w, https:\/\/agora.xtec.cat\/cfarafaelfarre\/wp-content\/uploads\/usu2189\/2024\/12\/IMG-20241220-WA0008.jpg 1536w\" sizes=\"auto, (max-width: 771px) 100vw, 771px\" \/><\/a><a href=\"https:\/\/agora.xtec.cat\/cfarafaelfarre\/wp-content\/uploads\/usu2189\/2024\/12\/IMG-20241220-WA0007.jpg\"><img loading=\"lazy\" decoding=\"async\" class=\"alignnone size-large wp-image-1857\" src=\"https:\/\/agora.xtec.cat\/cfarafaelfarre\/wp-content\/uploads\/usu2189\/2024\/12\/IMG-20241220-WA0007-768x1024.jpg\" alt=\"\" width=\"768\" height=\"1024\" srcset=\"https:\/\/agora.xtec.cat\/cfarafaelfarre\/wp-content\/uploads\/usu2189\/2024\/12\/IMG-20241220-WA0007-768x1024.jpg 768w, https:\/\/agora.xtec.cat\/cfarafaelfarre\/wp-content\/uploads\/usu2189\/2024\/12\/IMG-20241220-WA0007-225x300.jpg 225w, https:\/\/agora.xtec.cat\/cfarafaelfarre\/wp-content\/uploads\/usu2189\/2024\/12\/IMG-20241220-WA0007-1152x1536.jpg 1152w, https:\/\/agora.xtec.cat\/cfarafaelfarre\/wp-content\/uploads\/usu2189\/2024\/12\/IMG-20241220-WA0007.jpg 1536w\" sizes=\"auto, (max-width: 768px) 100vw, 768px\" \/><\/a><a href=\"https:\/\/agora.xtec.cat\/cfarafaelfarre\/wp-content\/uploads\/usu2189\/2024\/12\/IMG-20241220-WA0015.jpg\"><img loading=\"lazy\" decoding=\"async\" class=\"alignnone size-large wp-image-1863\" src=\"https:\/\/agora.xtec.cat\/cfarafaelfarre\/wp-content\/uploads\/usu2189\/2024\/12\/IMG-20241220-WA0015-771x1024.jpg\" alt=\"\" width=\"771\" height=\"1024\" srcset=\"https:\/\/agora.xtec.cat\/cfarafaelfarre\/wp-content\/uploads\/usu2189\/2024\/12\/IMG-20241220-WA0015-771x1024.jpg 771w, https:\/\/agora.xtec.cat\/cfarafaelfarre\/wp-content\/uploads\/usu2189\/2024\/12\/IMG-20241220-WA0015-226x300.jpg 226w, https:\/\/agora.xtec.cat\/cfarafaelfarre\/wp-content\/uploads\/usu2189\/2024\/12\/IMG-20241220-WA0015-768x1020.jpg 768w, https:\/\/agora.xtec.cat\/cfarafaelfarre\/wp-content\/uploads\/usu2189\/2024\/12\/IMG-20241220-WA0015-1157x1536.jpg 1157w, https:\/\/agora.xtec.cat\/cfarafaelfarre\/wp-content\/uploads\/usu2189\/2024\/12\/IMG-20241220-WA0015.jpg 1536w\" sizes=\"auto, (max-width: 771px) 100vw, 771px\" \/><\/a><a href=\"https:\/\/agora.xtec.cat\/cfarafaelfarre\/wp-content\/uploads\/usu2189\/2024\/12\/IMG_2739-2-1.jpg\"><img loading=\"lazy\" decoding=\"async\" class=\" wp-image-1872 alignleft\" src=\"https:\/\/agora.xtec.cat\/cfarafaelfarre\/wp-content\/uploads\/usu2189\/2024\/12\/IMG_2739-2-1.jpg\" alt=\"\" width=\"667\" height=\"500\" srcset=\"https:\/\/agora.xtec.cat\/cfarafaelfarre\/wp-content\/uploads\/usu2189\/2024\/12\/IMG_2739-2-1.jpg 640w, https:\/\/agora.xtec.cat\/cfarafaelfarre\/wp-content\/uploads\/usu2189\/2024\/12\/IMG_2739-2-1-300x225.jpg 300w, https:\/\/agora.xtec.cat\/cfarafaelfarre\/wp-content\/uploads\/usu2189\/2024\/12\/IMG_2739-2-1-200x150.jpg 200w\" sizes=\"auto, (max-width: 667px) 100vw, 667px\" \/><\/a><a href=\"https:\/\/agora.xtec.cat\/cfarafaelfarre\/wp-content\/uploads\/usu2189\/2024\/12\/Captura-2024-12-20-a-les-11.42.36.jpeg\"><img loading=\"lazy\" decoding=\"async\" class=\"wp-image-1856 alignleft\" src=\"https:\/\/agora.xtec.cat\/cfarafaelfarre\/wp-content\/uploads\/usu2189\/2024\/12\/Captura-2024-12-20-a-les-11.42.36.jpeg\" alt=\"\" width=\"745\" height=\"517\" srcset=\"https:\/\/agora.xtec.cat\/cfarafaelfarre\/wp-content\/uploads\/usu2189\/2024\/12\/Captura-2024-12-20-a-les-11.42.36.jpeg 640w, https:\/\/agora.xtec.cat\/cfarafaelfarre\/wp-content\/uploads\/usu2189\/2024\/12\/Captura-2024-12-20-a-les-11.42.36-300x208.jpeg 300w\" sizes=\"auto, (max-width: 745px) 100vw, 745px\" \/><\/a><a href=\"https:\/\/agora.xtec.cat\/cfarafaelfarre\/wp-content\/uploads\/usu2189\/2024\/12\/IMG-20241220-WA0012.jpg\"><img loading=\"lazy\" decoding=\"async\" class=\"alignnone size-large wp-image-1858\" src=\"https:\/\/agora.xtec.cat\/cfarafaelfarre\/wp-content\/uploads\/usu2189\/2024\/12\/IMG-20241220-WA0012-771x1024.jpg\" alt=\"\" width=\"771\" height=\"1024\" srcset=\"https:\/\/agora.xtec.cat\/cfarafaelfarre\/wp-content\/uploads\/usu2189\/2024\/12\/IMG-20241220-WA0012-771x1024.jpg 771w, https:\/\/agora.xtec.cat\/cfarafaelfarre\/wp-content\/uploads\/usu2189\/2024\/12\/IMG-20241220-WA0012-226x300.jpg 226w, https:\/\/agora.xtec.cat\/cfarafaelfarre\/wp-content\/uploads\/usu2189\/2024\/12\/IMG-20241220-WA0012-768x1020.jpg 768w, https:\/\/agora.xtec.cat\/cfarafaelfarre\/wp-content\/uploads\/usu2189\/2024\/12\/IMG-20241220-WA0012-1157x1536.jpg 1157w, https:\/\/agora.xtec.cat\/cfarafaelfarre\/wp-content\/uploads\/usu2189\/2024\/12\/IMG-20241220-WA0012.jpg 1536w\" sizes=\"auto, (max-width: 771px) 100vw, 771px\" \/><\/a><\/p>\n","protected":false},"excerpt":{"rendered":"<p>El dijous 19 de desembre, la nostra escola va acomiadar el primer trimestre amb una celebraci\u00f3 molt especial per donar la benvinguda al Nadal. L\u2019acte va comen\u00e7ar amb un berenar ple de calidesa, on no van faltar la m\u00fasica nadalenca, la coca dol\u00e7a, els torrons,&hellip;  <a href=\"https:\/\/agora.xtec.cat\/cfarafaelfarre\/articles\/berenar-de-nadal-teatre-nacional-de-catalunya\/\" title=\"Read Berenar de Nadal + Teatre Nacional de Catalunya\">Llegeix m\u00e9s\u00bb<\/a><\/p>\n","protected":false},"author":1,"featured_media":1872,"comment_status":"open","ping_status":"closed","sticky":false,"template":"","format":"standard","meta":{"_bbp_topic_count":0,"_bbp_reply_count":0,"_bbp_total_topic_count":0,"_bbp_total_reply_count":0,"_bbp_voice_count":0,"_bbp_anonymous_reply_count":0,"_bbp_topic_count_hidden":0,"_bbp_reply_count_hidden":0,"_bbp_forum_subforum_count":0,"footnotes":""},"categories":[1],"tags":[],"class_list":["post-1854","post","type-post","status-publish","format-standard","has-post-thumbnail","hentry","category-articles"],"post_mailing_queue_ids":[],"_links":{"self":[{"href":"https:\/\/agora.xtec.cat\/cfarafaelfarre\/wp-json\/wp\/v2\/posts\/1854","targetHints":{"allow":["GET"]}}],"collection":[{"href":"https:\/\/agora.xtec.cat\/cfarafaelfarre\/wp-json\/wp\/v2\/posts"}],"about":[{"href":"https:\/\/agora.xtec.cat\/cfarafaelfarre\/wp-json\/wp\/v2\/types\/post"}],"author":[{"embeddable":true,"href":"https:\/\/agora.xtec.cat\/cfarafaelfarre\/wp-json\/wp\/v2\/users\/1"}],"replies":[{"embeddable":true,"href":"https:\/\/agora.xtec.cat\/cfarafaelfarre\/wp-json\/wp\/v2\/comments?post=1854"}],"version-history":[{"count":4,"href":"https:\/\/agora.xtec.cat\/cfarafaelfarre\/wp-json\/wp\/v2\/posts\/1854\/revisions"}],"predecessor-version":[{"id":1876,"href":"https:\/\/agora.xtec.cat\/cfarafaelfarre\/wp-json\/wp\/v2\/posts\/1854\/revisions\/1876"}],"wp:featuredmedia":[{"embeddable":true,"href":"https:\/\/agora.xtec.cat\/cfarafaelfarre\/wp-json\/wp\/v2\/media\/1872"}],"wp:attachment":[{"href":"https:\/\/agora.xtec.cat\/cfarafaelfarre\/wp-json\/wp\/v2\/media?parent=1854"}],"wp:term":[{"taxonomy":"category","embeddable":true,"href":"https:\/\/agora.xtec.cat\/cfarafaelfarre\/wp-json\/wp\/v2\/categories?post=1854"},{"taxonomy":"post_tag","embeddable":true,"href":"https:\/\/agora.xtec.cat\/cfarafaelfarre\/wp-json\/wp\/v2\/tags?post=1854"}],"curies":[{"name":"wp","href":"https:\/\/api.w.org\/{rel}","templated":true}]}}