{"id":1910,"date":"2022-04-22T13:40:22","date_gmt":"2022-04-22T11:40:22","guid":{"rendered":"https:\/\/agora.xtec.cat\/cfaperecalders\/?p=1910"},"modified":"2023-12-16T13:37:55","modified_gmt":"2023-12-16T12:37:55","slug":"celebrem-sant-jordi","status":"publish","type":"post","link":"https:\/\/agora.xtec.cat\/cfaperecalders\/general\/celebrem-sant-jordi\/","title":{"rendered":"Celebrem Sant Jordi"},"content":{"rendered":"<p>Clica <a href=\"https:\/\/www.canva.com\/design\/DAFAZQ2XZp4\/gSIdxUBhggvfiEW2G8YwbQ\/watch?utm_content=DAFAZQ2XZp4&amp;utm_campaign=designshare&amp;utm_medium=link&amp;utm_source=publishsharelink\" target=\"_blank\" rel=\"noopener\">AQU\u00cd<\/a> per veure el v\u00eddeo que hem editat de la celebraci\u00f3 del Sant Jordi!<\/p>\n<p><img loading=\"lazy\" decoding=\"async\" class=\"wp-image-1933 alignright\" src=\"https:\/\/agora.xtec.cat\/cfaperecalders\/wp-content\/uploads\/usu1874\/2022\/04\/Video-SJ-imatge.jpg\" alt=\"\" width=\"563\" height=\"253\" srcset=\"https:\/\/agora.xtec.cat\/cfaperecalders\/wp-content\/uploads\/usu1874\/2022\/04\/Video-SJ-imatge.jpg 1800w, https:\/\/agora.xtec.cat\/cfaperecalders\/wp-content\/uploads\/usu1874\/2022\/04\/Video-SJ-imatge-300x135.jpg 300w, https:\/\/agora.xtec.cat\/cfaperecalders\/wp-content\/uploads\/usu1874\/2022\/04\/Video-SJ-imatge-1024x460.jpg 1024w, https:\/\/agora.xtec.cat\/cfaperecalders\/wp-content\/uploads\/usu1874\/2022\/04\/Video-SJ-imatge-768x345.jpg 768w, https:\/\/agora.xtec.cat\/cfaperecalders\/wp-content\/uploads\/usu1874\/2022\/04\/Video-SJ-imatge-1536x689.jpg 1536w\" sizes=\"auto, (max-width: 563px) 100vw, 563px\" \/><\/p>\n<p><span style=\"font-weight: 400;\">El dia 22 d\u2019abril del 22, hem celebrat el Sant Jordi a l\u2019auditori del CFA Pere Calders. Des de l\u2019escola, volem agrair la participaci\u00f3 de tothom que ha llegit els poemes en la seva llengua materna. Amb una mirada cr\u00edtica, els i les alumnes han refet col\u00b7laborativament, la llegenda.\u00a0<\/span><\/p>\n<p><span style=\"font-weight: 400;\">Tamb\u00e9 volem felicitar els i les guanyadores del concurs de poesia: Alfonso, Merc\u00e8 i Desir\u00e9e; aix\u00ed com felicitar la tallerista que ens ha ensenyat a fer roses de papirofl\u00e8xia precioses. #fadults #SantJordi22 #Educaci\u00f3<\/span><\/p>\n<p><a href=\"https:\/\/photos.app.goo.gl\/3MzDaniZgDTCApPN9\">https:\/\/photos.app.goo.gl\/3MzDaniZgDTCApPN9<\/a><\/p>\n","protected":false},"excerpt":{"rendered":"<p>Clica AQU\u00cd per veure el v\u00eddeo que hem editat de la celebraci\u00f3 del Sant Jordi! El dia 22 d\u2019abril del 22, hem celebrat el Sant Jordi a l\u2019auditori del CFA Pere Calders. Des de l\u2019escola, volem agrair la participaci\u00f3 de tothom que ha llegit els poemes en la seva llengua materna. Amb una mirada cr\u00edtica, [&hellip;]<\/p>\n","protected":false},"author":1,"featured_media":1933,"comment_status":"closed","ping_status":"closed","sticky":false,"template":"","format":"standard","meta":{"_bbp_topic_count":0,"_bbp_reply_count":0,"_bbp_total_topic_count":0,"_bbp_total_reply_count":0,"_bbp_voice_count":0,"_bbp_anonymous_reply_count":0,"_bbp_topic_count_hidden":0,"_bbp_reply_count_hidden":0,"_bbp_forum_subforum_count":0,"site-sidebar-layout":"default","site-content-layout":"","ast-site-content-layout":"","site-content-style":"default","site-sidebar-style":"default","ast-global-header-display":"","ast-banner-title-visibility":"","ast-main-header-display":"","ast-hfb-above-header-display":"","ast-hfb-below-header-display":"","ast-hfb-mobile-header-display":"","site-post-title":"","ast-breadcrumbs-content":"","ast-featured-img":"","footer-sml-layout":"","theme-transparent-header-meta":"","adv-header-id-meta":"","stick-header-meta":"","header-above-stick-meta":"","header-main-stick-meta":"","header-below-stick-meta":"","astra-migrate-meta-layouts":"default","ast-page-background-enabled":"default","ast-page-background-meta":{"desktop":{"background-color":"var(--ast-global-color-4)","background-image":"","background-repeat":"repeat","background-position":"center center","background-size":"auto","background-attachment":"scroll","background-type":"","background-media":"","overlay-type":"","overlay-color":"","overlay-opacity":"","overlay-gradient":""},"tablet":{"background-color":"","background-image":"","background-repeat":"repeat","background-position":"center center","background-size":"auto","background-attachment":"scroll","background-type":"","background-media":"","overlay-type":"","overlay-color":"","overlay-opacity":"","overlay-gradient":""},"mobile":{"background-color":"","background-image":"","background-repeat":"repeat","background-position":"center center","background-size":"auto","background-attachment":"scroll","background-type":"","background-media":"","overlay-type":"","overlay-color":"","overlay-opacity":"","overlay-gradient":""}},"ast-content-background-meta":{"desktop":{"background-color":"var(--ast-global-color-5)","background-image":"","background-repeat":"repeat","background-position":"center center","background-size":"auto","background-attachment":"scroll","background-type":"","background-media":"","overlay-type":"","overlay-color":"","overlay-opacity":"","overlay-gradient":""},"tablet":{"background-color":"var(--ast-global-color-5)","background-image":"","background-repeat":"repeat","background-position":"center center","background-size":"auto","background-attachment":"scroll","background-type":"","background-media":"","overlay-type":"","overlay-color":"","overlay-opacity":"","overlay-gradient":""},"mobile":{"background-color":"var(--ast-global-color-5)","background-image":"","background-repeat":"repeat","background-position":"center center","background-size":"auto","background-attachment":"scroll","background-type":"","background-media":"","overlay-type":"","overlay-color":"","overlay-opacity":"","overlay-gradient":""}},"footnotes":""},"categories":[1],"tags":[],"class_list":["post-1910","post","type-post","status-publish","format-standard","has-post-thumbnail","hentry","category-general"],"post_mailing_queue_ids":[],"_links":{"self":[{"href":"https:\/\/agora.xtec.cat\/cfaperecalders\/wp-json\/wp\/v2\/posts\/1910","targetHints":{"allow":["GET"]}}],"collection":[{"href":"https:\/\/agora.xtec.cat\/cfaperecalders\/wp-json\/wp\/v2\/posts"}],"about":[{"href":"https:\/\/agora.xtec.cat\/cfaperecalders\/wp-json\/wp\/v2\/types\/post"}],"author":[{"embeddable":true,"href":"https:\/\/agora.xtec.cat\/cfaperecalders\/wp-json\/wp\/v2\/users\/1"}],"replies":[{"embeddable":true,"href":"https:\/\/agora.xtec.cat\/cfaperecalders\/wp-json\/wp\/v2\/comments?post=1910"}],"version-history":[{"count":2,"href":"https:\/\/agora.xtec.cat\/cfaperecalders\/wp-json\/wp\/v2\/posts\/1910\/revisions"}],"predecessor-version":[{"id":1936,"href":"https:\/\/agora.xtec.cat\/cfaperecalders\/wp-json\/wp\/v2\/posts\/1910\/revisions\/1936"}],"wp:featuredmedia":[{"embeddable":true,"href":"https:\/\/agora.xtec.cat\/cfaperecalders\/wp-json\/wp\/v2\/media\/1933"}],"wp:attachment":[{"href":"https:\/\/agora.xtec.cat\/cfaperecalders\/wp-json\/wp\/v2\/media?parent=1910"}],"wp:term":[{"taxonomy":"category","embeddable":true,"href":"https:\/\/agora.xtec.cat\/cfaperecalders\/wp-json\/wp\/v2\/categories?post=1910"},{"taxonomy":"post_tag","embeddable":true,"href":"https:\/\/agora.xtec.cat\/cfaperecalders\/wp-json\/wp\/v2\/tags?post=1910"}],"curies":[{"name":"wp","href":"https:\/\/api.w.org\/{rel}","templated":true}]}}