{"id":1777,"date":"2021-10-17T10:18:53","date_gmt":"2021-10-17T08:18:53","guid":{"rendered":"https:\/\/agora.xtec.cat\/cfaperecalders\/?p=1777"},"modified":"2021-10-17T10:19:47","modified_gmt":"2021-10-17T08:19:47","slug":"curs-de-formacio-estrategies-de-pensament-visual-al-mnac","status":"publish","type":"post","link":"https:\/\/agora.xtec.cat\/cfaperecalders\/general\/curs-de-formacio-estrategies-de-pensament-visual-al-mnac\/","title":{"rendered":"Curs de formaci\u00f3 Estrat\u00e8gies de Pensament Visual al MNAC"},"content":{"rendered":"<p style=\"font-family: 'Helvetica Neue', Helvetica, Helvetica, Arial, sans-serif; font-size: 16px;\"><img loading=\"lazy\" decoding=\"async\" class=\"size-full wp-image-1778 alignright\" src=\"https:\/\/agora.xtec.cat\/cfaperecalders\/wp-content\/uploads\/usu1874\/2021\/10\/1634312282666.jpeg\" alt=\"\" width=\"320\" height=\"240\" srcset=\"https:\/\/agora.xtec.cat\/cfaperecalders\/wp-content\/uploads\/usu1874\/2021\/10\/1634312282666.jpeg 320w, https:\/\/agora.xtec.cat\/cfaperecalders\/wp-content\/uploads\/usu1874\/2021\/10\/1634312282666-300x225.jpeg 300w, https:\/\/agora.xtec.cat\/cfaperecalders\/wp-content\/uploads\/usu1874\/2021\/10\/1634312282666-200x150.jpeg 200w\" sizes=\"auto, (max-width: 320px) 100vw, 320px\" \/>Aquest dijous, dia 14 d\u2019octubre, ha comen\u00e7at al MNAC la primera sessi\u00f3 del tercer any de formaci\u00f3 del Curs Es<span style=\"font-family: inherit; font-size: 1em;\">trat\u00e8gies de Pensament Visual. Curs emmarcat dins el programa d\u2019innovaci\u00f3 pedag\u00f2gica L\u2019Art de Parlar i adrec\u0327at als docents de segones llengu\u0308es d\u2019adults, que han realitzat els cursos anteriors de VTS. El curs, impartit per les formadores M.Morales, E. Fuertes i M. Arce i que compta amb la col\u00b7laboraci\u00f3 de l\u2019equip d\u2019educadores del MNAC, proposa ampliar coneixements i expertesa com a facilitadors per aprofundir en l\u2019aprenentatge de segones llengu\u0308es, estendre l\u2019aplicacio\u0301 del VTS a altres disciplines i consolidar el programa LAP en l\u2019a\u0300mbit dels CFA.<\/span><\/p>\n<p>El personal docent de l\u2019\u00c0mbit de Comunicaci\u00f3 del CFA Pere Calders, per tercer any consecutiu, hi participa i dona suport a aquest projecte tan engrescador amb la voluntat de refor\u00e7ar la compet\u00e8ncia oral dels alumnes de llengua i apropar-los alhora als museus.<\/p>\n<p><img loading=\"lazy\" decoding=\"async\" class=\"aligncenter wp-image-1779\" src=\"https:\/\/agora.xtec.cat\/cfaperecalders\/wp-content\/uploads\/usu1874\/2021\/10\/1634312399678.jpeg\" alt=\"\" width=\"611\" height=\"458\" srcset=\"https:\/\/agora.xtec.cat\/cfaperecalders\/wp-content\/uploads\/usu1874\/2021\/10\/1634312399678.jpeg 320w, https:\/\/agora.xtec.cat\/cfaperecalders\/wp-content\/uploads\/usu1874\/2021\/10\/1634312399678-300x225.jpeg 300w, https:\/\/agora.xtec.cat\/cfaperecalders\/wp-content\/uploads\/usu1874\/2021\/10\/1634312399678-200x150.jpeg 200w\" sizes=\"auto, (max-width: 611px) 100vw, 611px\" \/><\/p>\n","protected":false},"excerpt":{"rendered":"<p>Aquest dijous, dia 14 d\u2019octubre, ha comen\u00e7at al MNAC la primera sessi\u00f3 del tercer any de formaci\u00f3 del Curs Estrat\u00e8gies de Pensament Visual. Curs emmarcat dins el programa d\u2019innovaci\u00f3 pedag\u00f2gica L\u2019Art de Parlar i adrec\u0327at als docents de segones llengu\u0308es d\u2019adults, que han realitzat els cursos anteriors de VTS. El curs, impartit per les formadores [&hellip;]<\/p>\n","protected":false},"author":1,"featured_media":1778,"comment_status":"closed","ping_status":"closed","sticky":false,"template":"","format":"standard","meta":{"_bbp_topic_count":0,"_bbp_reply_count":0,"_bbp_total_topic_count":0,"_bbp_total_reply_count":0,"_bbp_voice_count":0,"_bbp_anonymous_reply_count":0,"_bbp_topic_count_hidden":0,"_bbp_reply_count_hidden":0,"_bbp_forum_subforum_count":0,"site-sidebar-layout":"default","site-content-layout":"","ast-site-content-layout":"","site-content-style":"default","site-sidebar-style":"default","ast-global-header-display":"","ast-banner-title-visibility":"","ast-main-header-display":"","ast-hfb-above-header-display":"","ast-hfb-below-header-display":"","ast-hfb-mobile-header-display":"","site-post-title":"","ast-breadcrumbs-content":"","ast-featured-img":"","footer-sml-layout":"","theme-transparent-header-meta":"","adv-header-id-meta":"","stick-header-meta":"","header-above-stick-meta":"","header-main-stick-meta":"","header-below-stick-meta":"","astra-migrate-meta-layouts":"default","ast-page-background-enabled":"default","ast-page-background-meta":{"desktop":{"background-color":"var(--ast-global-color-4)","background-image":"","background-repeat":"repeat","background-position":"center center","background-size":"auto","background-attachment":"scroll","background-type":"","background-media":"","overlay-type":"","overlay-color":"","overlay-opacity":"","overlay-gradient":""},"tablet":{"background-color":"","background-image":"","background-repeat":"repeat","background-position":"center center","background-size":"auto","background-attachment":"scroll","background-type":"","background-media":"","overlay-type":"","overlay-color":"","overlay-opacity":"","overlay-gradient":""},"mobile":{"background-color":"","background-image":"","background-repeat":"repeat","background-position":"center center","background-size":"auto","background-attachment":"scroll","background-type":"","background-media":"","overlay-type":"","overlay-color":"","overlay-opacity":"","overlay-gradient":""}},"ast-content-background-meta":{"desktop":{"background-color":"var(--ast-global-color-5)","background-image":"","background-repeat":"repeat","background-position":"center center","background-size":"auto","background-attachment":"scroll","background-type":"","background-media":"","overlay-type":"","overlay-color":"","overlay-opacity":"","overlay-gradient":""},"tablet":{"background-color":"var(--ast-global-color-5)","background-image":"","background-repeat":"repeat","background-position":"center center","background-size":"auto","background-attachment":"scroll","background-type":"","background-media":"","overlay-type":"","overlay-color":"","overlay-opacity":"","overlay-gradient":""},"mobile":{"background-color":"var(--ast-global-color-5)","background-image":"","background-repeat":"repeat","background-position":"center center","background-size":"auto","background-attachment":"scroll","background-type":"","background-media":"","overlay-type":"","overlay-color":"","overlay-opacity":"","overlay-gradient":""}},"footnotes":""},"categories":[1],"tags":[],"class_list":["post-1777","post","type-post","status-publish","format-standard","has-post-thumbnail","hentry","category-general"],"post_mailing_queue_ids":[],"_links":{"self":[{"href":"https:\/\/agora.xtec.cat\/cfaperecalders\/wp-json\/wp\/v2\/posts\/1777","targetHints":{"allow":["GET"]}}],"collection":[{"href":"https:\/\/agora.xtec.cat\/cfaperecalders\/wp-json\/wp\/v2\/posts"}],"about":[{"href":"https:\/\/agora.xtec.cat\/cfaperecalders\/wp-json\/wp\/v2\/types\/post"}],"author":[{"embeddable":true,"href":"https:\/\/agora.xtec.cat\/cfaperecalders\/wp-json\/wp\/v2\/users\/1"}],"replies":[{"embeddable":true,"href":"https:\/\/agora.xtec.cat\/cfaperecalders\/wp-json\/wp\/v2\/comments?post=1777"}],"version-history":[{"count":2,"href":"https:\/\/agora.xtec.cat\/cfaperecalders\/wp-json\/wp\/v2\/posts\/1777\/revisions"}],"predecessor-version":[{"id":1781,"href":"https:\/\/agora.xtec.cat\/cfaperecalders\/wp-json\/wp\/v2\/posts\/1777\/revisions\/1781"}],"wp:featuredmedia":[{"embeddable":true,"href":"https:\/\/agora.xtec.cat\/cfaperecalders\/wp-json\/wp\/v2\/media\/1778"}],"wp:attachment":[{"href":"https:\/\/agora.xtec.cat\/cfaperecalders\/wp-json\/wp\/v2\/media?parent=1777"}],"wp:term":[{"taxonomy":"category","embeddable":true,"href":"https:\/\/agora.xtec.cat\/cfaperecalders\/wp-json\/wp\/v2\/categories?post=1777"},{"taxonomy":"post_tag","embeddable":true,"href":"https:\/\/agora.xtec.cat\/cfaperecalders\/wp-json\/wp\/v2\/tags?post=1777"}],"curies":[{"name":"wp","href":"https:\/\/api.w.org\/{rel}","templated":true}]}}