{"id":1480,"date":"2021-05-09T19:12:44","date_gmt":"2021-05-09T17:12:44","guid":{"rendered":"http:\/\/agora.xtec.cat\/cfaperecalders\/?p=1480"},"modified":"2021-05-09T19:12:44","modified_gmt":"2021-05-09T17:12:44","slug":"vts-al-somni-america","status":"publish","type":"post","link":"https:\/\/agora.xtec.cat\/cfaperecalders\/general\/vts-al-somni-america\/","title":{"rendered":"VTS al somni americ\u00e0"},"content":{"rendered":"<figure class=\"wp-block-image size-large\"><img decoding=\"async\" class=\"wp-image-367\" src=\"https:\/\/cfaperecaldersvts.files.wordpress.com\/2021\/05\/img_20210323_125032813630813.jpg?w=1024\" sizes=\"(max-width: 1024px) 100vw, 1024px\" srcset=\"https:\/\/cfaperecaldersvts.files.wordpress.com\/2021\/05\/img_20210323_125032813630813.jpg?w=1024 1024w, https:\/\/cfaperecaldersvts.files.wordpress.com\/2021\/05\/img_20210323_125032813630813.jpg?w=2048 2048w, https:\/\/cfaperecaldersvts.files.wordpress.com\/2021\/05\/img_20210323_125032813630813.jpg?w=150 150w, https:\/\/cfaperecaldersvts.files.wordpress.com\/2021\/05\/img_20210323_125032813630813.jpg?w=300 300w, https:\/\/cfaperecaldersvts.files.wordpress.com\/2021\/05\/img_20210323_125032813630813.jpg?w=768 768w\" alt=\"\" data-attachment-id=\"367\" data-permalink=\"https:\/\/cfaperecaldersvts.wordpress.com\/2021\/05\/01\/el-somni-america-al-caixaforum-vts-al-nou-centre-dart-de-proximitat\/img_20210323_125032813630813\/\" data-orig-file=\"https:\/\/cfaperecaldersvts.files.wordpress.com\/2021\/05\/img_20210323_125032813630813.jpg\" data-orig-size=\"3000,2244\" data-comments-opened=\"1\" data-image-meta=\"{&quot;aperture&quot;:&quot;0&quot;,&quot;credit&quot;:&quot;&quot;,&quot;camera&quot;:&quot;&quot;,&quot;caption&quot;:&quot;&quot;,&quot;created_timestamp&quot;:&quot;0&quot;,&quot;copyright&quot;:&quot;&quot;,&quot;focal_length&quot;:&quot;0&quot;,&quot;iso&quot;:&quot;0&quot;,&quot;shutter_speed&quot;:&quot;0&quot;,&quot;title&quot;:&quot;&quot;,&quot;orientation&quot;:&quot;0&quot;}\" data-image-title=\"img_20210323_125032813630813.jpg\" data-image-description=\"\" data-medium-file=\"https:\/\/cfaperecaldersvts.files.wordpress.com\/2021\/05\/img_20210323_125032813630813.jpg?w=300\" data-large-file=\"https:\/\/cfaperecaldersvts.files.wordpress.com\/2021\/05\/img_20210323_125032813630813.jpg?w=900\" \/><figcaption>Comencem un nou cam\u00ed amb el CaixaForum com a centre d\u2019art de proximitat<\/figcaption><\/figure>\n<ul>\n<li>Amb aquesta exposici\u00f3 provinent del British Museum ens hem estrenat al\u00a0<a href=\"https:\/\/caixaforum.org\/ca\/barcelona\/home\" target=\"_blank\" rel=\"noreferrer noopener\">CaixaForum<\/a>, el Centre d\u2019Art de Proximitat que la nostra escola ha triat per a dur a terme noves pr\u00e0ctiques de VTS, i la veritat \u00e9s que ha estat una experi\u00e8ncia molt positiva a tots nivells. La ger\u00e8ncia ens ha donat totes les facilitats possibles per accedir a l\u2019espai gratu\u00eftament i ha acceptat sense reserva les nostres propostes per portar a terme la visita de 25 grups de catal\u00e0, castell\u00e0 i angl\u00e8s concentrats en una setmana.<\/li>\n<li>Una de les obres que hem triat ha estat\u00a0<em>Sweet Dreams Baby<\/em>\u00a0de Roy Lichtenstein, imatge que inaugura l\u2019exposici\u00f3 intitulada El Somni Americ\u00e0 i que es troba justament a l\u2019entrada de la sala. L\u2019obra estava ben situada i a l\u2019abast visual de tots els alumnes, cosa que ha perm\u00e8s fer un viatge pel m\u00f3n del c\u00f2mic, els somnis, la ironia i la viol\u00e8ncia com a met\u00e0fora del despertar a la crua i dura realitat de la vida.<\/li>\n<li>En una segona sessi\u00f3 VTS hem observat la suggerent\u00a0<em>South Seas Kiss<\/em>\u00a0de Richard Bosman i aquest cop ens hem endinsat en un m\u00f3n ple d\u2019exotisme i passions amoroses.<\/li>\n<li>No cal dir que l\u2019alumnat ens ha sorpr\u00e8s de nou amb la seva motivaci\u00f3 i ganes de participar en la creaci\u00f3 dels relats colectius. Han aparegut emocions, pensaments, viv\u00e8ncies i inquietuds, que hem compartit i ens han fet reflexionar.<\/li>\n<li>Aprofitant la visita de la resta de l\u2019exposici\u00f3 tampoc hi podien faltar personatges famosos, actors i actrius de Hollywood, illes paradis\u00edaques, pol\u00edtics, icones dels Estats Units i altres t\u00f2pics m\u00e9s universals, aix\u00ed com la bomba at\u00f2mica, l\u2019esclavatge, el racisme, la guerra freda o la mort. Tota una experi\u00e8ncia que no et deixa indiferent!<\/li>\n<\/ul>\n<figure class=\"wp-block-gallery columns-4 is-cropped\">\n<ul class=\"blocks-gallery-grid\" data-carousel-extra=\"{&quot;blog_id&quot;:175127294,&quot;permalink&quot;:&quot;https:\\\/\\\/cfaperecaldersvts.wordpress.com\\\/2021\\\/05\\\/01\\\/el-somni-america-al-caixaforum-vts-al-nou-centre-dart-de-proximitat\\\/&quot;}\">\n<li class=\"blocks-gallery-item\">\n<figure><img decoding=\"async\" class=\"wp-image-347\" src=\"https:\/\/cfaperecaldersvts.files.wordpress.com\/2021\/05\/img-20210429-wa0012532737843.jpg\" data-attachment-id=\"347\" data-permalink=\"https:\/\/cfaperecaldersvts.wordpress.com\/2021\/05\/01\/el-somni-america-al-caixaforum-vts-al-nou-centre-dart-de-proximitat\/img-20210429-wa0012532737843\/\" data-orig-file=\"https:\/\/cfaperecaldersvts.files.wordpress.com\/2021\/05\/img-20210429-wa0012532737843.jpg\" data-orig-size=\"1200,1600\" data-comments-opened=\"1\" data-image-meta=\"{&quot;aperture&quot;:&quot;0&quot;,&quot;credit&quot;:&quot;&quot;,&quot;camera&quot;:&quot;&quot;,&quot;caption&quot;:&quot;&quot;,&quot;created_timestamp&quot;:&quot;0&quot;,&quot;copyright&quot;:&quot;&quot;,&quot;focal_length&quot;:&quot;0&quot;,&quot;iso&quot;:&quot;0&quot;,&quot;shutter_speed&quot;:&quot;0&quot;,&quot;title&quot;:&quot;&quot;,&quot;orientation&quot;:&quot;0&quot;}\" data-image-title=\"img-20210429-wa0012532737843.jpg\" data-image-description=\"\" data-medium-file=\"https:\/\/cfaperecaldersvts.files.wordpress.com\/2021\/05\/img-20210429-wa0012532737843.jpg?w=225\" data-large-file=\"https:\/\/cfaperecaldersvts.files.wordpress.com\/2021\/05\/img-20210429-wa0012532737843.jpg?w=768\" data-id=\"347\" \/><\/figure>\n<\/li>\n<li class=\"blocks-gallery-item\">\n<figure><img decoding=\"async\" class=\"wp-image-350\" src=\"https:\/\/cfaperecaldersvts.files.wordpress.com\/2021\/05\/img_20210429_181106_2477e2491444885..jpg\" data-attachment-id=\"350\" data-permalink=\"https:\/\/cfaperecaldersvts.wordpress.com\/2021\/05\/01\/el-somni-america-al-caixaforum-vts-al-nou-centre-dart-de-proximitat\/img_20210429_181106_2472491444885\/\" data-orig-file=\"https:\/\/cfaperecaldersvts.files.wordpress.com\/2021\/05\/img_20210429_181106_2477e2491444885..jpg\" data-orig-size=\"2224,3000\" data-comments-opened=\"1\" data-image-meta=\"{&quot;aperture&quot;:&quot;0&quot;,&quot;credit&quot;:&quot;&quot;,&quot;camera&quot;:&quot;&quot;,&quot;caption&quot;:&quot;&quot;,&quot;created_timestamp&quot;:&quot;0&quot;,&quot;copyright&quot;:&quot;&quot;,&quot;focal_length&quot;:&quot;0&quot;,&quot;iso&quot;:&quot;0&quot;,&quot;shutter_speed&quot;:&quot;0&quot;,&quot;title&quot;:&quot;&quot;,&quot;orientation&quot;:&quot;0&quot;}\" data-image-title=\"img_20210429_181106_247~2491444885..jpg\" data-image-description=\"\" data-medium-file=\"https:\/\/cfaperecaldersvts.files.wordpress.com\/2021\/05\/img_20210429_181106_2477e2491444885..jpg?w=222\" data-large-file=\"https:\/\/cfaperecaldersvts.files.wordpress.com\/2021\/05\/img_20210429_181106_2477e2491444885..jpg?w=759\" data-id=\"350\" \/><\/figure>\n<\/li>\n<li class=\"blocks-gallery-item\">\n<figure><img decoding=\"async\" class=\"wp-image-348\" src=\"https:\/\/cfaperecaldersvts.files.wordpress.com\/2021\/05\/img_20210429_112934849960744.jpg\" data-attachment-id=\"348\" data-permalink=\"https:\/\/cfaperecaldersvts.wordpress.com\/2021\/05\/01\/el-somni-america-al-caixaforum-vts-al-nou-centre-dart-de-proximitat\/img_20210429_112934849960744\/\" data-orig-file=\"https:\/\/cfaperecaldersvts.files.wordpress.com\/2021\/05\/img_20210429_112934849960744.jpg\" data-orig-size=\"3000,2244\" data-comments-opened=\"1\" data-image-meta=\"{&quot;aperture&quot;:&quot;0&quot;,&quot;credit&quot;:&quot;&quot;,&quot;camera&quot;:&quot;&quot;,&quot;caption&quot;:&quot;&quot;,&quot;created_timestamp&quot;:&quot;0&quot;,&quot;copyright&quot;:&quot;&quot;,&quot;focal_length&quot;:&quot;0&quot;,&quot;iso&quot;:&quot;0&quot;,&quot;shutter_speed&quot;:&quot;0&quot;,&quot;title&quot;:&quot;&quot;,&quot;orientation&quot;:&quot;0&quot;}\" data-image-title=\"img_20210429_112934849960744.jpg\" data-image-description=\"\" data-medium-file=\"https:\/\/cfaperecaldersvts.files.wordpress.com\/2021\/05\/img_20210429_112934849960744.jpg?w=300\" data-large-file=\"https:\/\/cfaperecaldersvts.files.wordpress.com\/2021\/05\/img_20210429_112934849960744.jpg?w=900\" data-id=\"348\" \/><\/figure>\n<\/li>\n<li class=\"blocks-gallery-item\">\n<figure><img decoding=\"async\" class=\"wp-image-346\" src=\"https:\/\/cfaperecaldersvts.files.wordpress.com\/2021\/05\/img-20210429-wa00181005009239.jpg\" data-attachment-id=\"346\" data-permalink=\"https:\/\/cfaperecaldersvts.wordpress.com\/2021\/05\/01\/el-somni-america-al-caixaforum-vts-al-nou-centre-dart-de-proximitat\/img-20210429-wa00181005009239\/\" data-orig-file=\"https:\/\/cfaperecaldersvts.files.wordpress.com\/2021\/05\/img-20210429-wa00181005009239.jpg\" data-orig-size=\"1600,1200\" data-comments-opened=\"1\" data-image-meta=\"{&quot;aperture&quot;:&quot;0&quot;,&quot;credit&quot;:&quot;&quot;,&quot;camera&quot;:&quot;&quot;,&quot;caption&quot;:&quot;&quot;,&quot;created_timestamp&quot;:&quot;0&quot;,&quot;copyright&quot;:&quot;&quot;,&quot;focal_length&quot;:&quot;0&quot;,&quot;iso&quot;:&quot;0&quot;,&quot;shutter_speed&quot;:&quot;0&quot;,&quot;title&quot;:&quot;&quot;,&quot;orientation&quot;:&quot;0&quot;}\" data-image-title=\"img-20210429-wa00181005009239.jpg\" data-image-description=\"\" data-medium-file=\"https:\/\/cfaperecaldersvts.files.wordpress.com\/2021\/05\/img-20210429-wa00181005009239.jpg?w=300\" data-large-file=\"https:\/\/cfaperecaldersvts.files.wordpress.com\/2021\/05\/img-20210429-wa00181005009239.jpg?w=900\" data-id=\"346\" \/><\/figure>\n<\/li>\n<li class=\"blocks-gallery-item\">\n<figure><img decoding=\"async\" class=\"wp-image-349\" src=\"https:\/\/cfaperecaldersvts.files.wordpress.com\/2021\/05\/img_20210426_1553582033788481.jpg\" data-attachment-id=\"349\" data-permalink=\"https:\/\/cfaperecaldersvts.wordpress.com\/2021\/05\/01\/el-somni-america-al-caixaforum-vts-al-nou-centre-dart-de-proximitat\/img_20210426_1553582033788481\/\" data-orig-file=\"https:\/\/cfaperecaldersvts.files.wordpress.com\/2021\/05\/img_20210426_1553582033788481.jpg\" data-orig-size=\"3000,2244\" data-comments-opened=\"1\" data-image-meta=\"{&quot;aperture&quot;:&quot;0&quot;,&quot;credit&quot;:&quot;&quot;,&quot;camera&quot;:&quot;&quot;,&quot;caption&quot;:&quot;&quot;,&quot;created_timestamp&quot;:&quot;0&quot;,&quot;copyright&quot;:&quot;&quot;,&quot;focal_length&quot;:&quot;0&quot;,&quot;iso&quot;:&quot;0&quot;,&quot;shutter_speed&quot;:&quot;0&quot;,&quot;title&quot;:&quot;&quot;,&quot;orientation&quot;:&quot;0&quot;}\" data-image-title=\"img_20210426_1553582033788481.jpg\" data-image-description=\"\" data-medium-file=\"https:\/\/cfaperecaldersvts.files.wordpress.com\/2021\/05\/img_20210426_1553582033788481.jpg?w=300\" data-large-file=\"https:\/\/cfaperecaldersvts.files.wordpress.com\/2021\/05\/img_20210426_1553582033788481.jpg?w=900\" data-id=\"349\" \/><\/figure>\n<\/li>\n<li class=\"blocks-gallery-item\">\n<figure><img decoding=\"async\" class=\"wp-image-351\" src=\"https:\/\/cfaperecaldersvts.files.wordpress.com\/2021\/05\/img-20210427-wa00181573888161.jpg\" data-attachment-id=\"351\" data-permalink=\"https:\/\/cfaperecaldersvts.wordpress.com\/2021\/05\/01\/el-somni-america-al-caixaforum-vts-al-nou-centre-dart-de-proximitat\/img-20210427-wa00181573888161\/\" data-orig-file=\"https:\/\/cfaperecaldersvts.files.wordpress.com\/2021\/05\/img-20210427-wa00181573888161.jpg\" data-orig-size=\"1518,2048\" data-comments-opened=\"1\" data-image-meta=\"{&quot;aperture&quot;:&quot;0&quot;,&quot;credit&quot;:&quot;&quot;,&quot;camera&quot;:&quot;&quot;,&quot;caption&quot;:&quot;&quot;,&quot;created_timestamp&quot;:&quot;0&quot;,&quot;copyright&quot;:&quot;&quot;,&quot;focal_length&quot;:&quot;0&quot;,&quot;iso&quot;:&quot;0&quot;,&quot;shutter_speed&quot;:&quot;0&quot;,&quot;title&quot;:&quot;&quot;,&quot;orientation&quot;:&quot;0&quot;}\" data-image-title=\"img-20210427-wa00181573888161.jpg\" data-image-description=\"\" data-medium-file=\"https:\/\/cfaperecaldersvts.files.wordpress.com\/2021\/05\/img-20210427-wa00181573888161.jpg?w=222\" data-large-file=\"https:\/\/cfaperecaldersvts.files.wordpress.com\/2021\/05\/img-20210427-wa00181573888161.jpg?w=759\" data-id=\"351\" \/><\/figure>\n<\/li>\n<li class=\"blocks-gallery-item\">\n<figure><img decoding=\"async\" class=\"wp-image-352\" src=\"https:\/\/cfaperecaldersvts.files.wordpress.com\/2021\/05\/img_20210427_1914381877280975.jpg\" data-attachment-id=\"352\" data-permalink=\"https:\/\/cfaperecaldersvts.wordpress.com\/2021\/05\/01\/el-somni-america-al-caixaforum-vts-al-nou-centre-dart-de-proximitat\/img_20210427_1914381877280975\/\" data-orig-file=\"https:\/\/cfaperecaldersvts.files.wordpress.com\/2021\/05\/img_20210427_1914381877280975.jpg\" data-orig-size=\"3000,2244\" data-comments-opened=\"1\" data-image-meta=\"{&quot;aperture&quot;:&quot;0&quot;,&quot;credit&quot;:&quot;&quot;,&quot;camera&quot;:&quot;&quot;,&quot;caption&quot;:&quot;&quot;,&quot;created_timestamp&quot;:&quot;0&quot;,&quot;copyright&quot;:&quot;&quot;,&quot;focal_length&quot;:&quot;0&quot;,&quot;iso&quot;:&quot;0&quot;,&quot;shutter_speed&quot;:&quot;0&quot;,&quot;title&quot;:&quot;&quot;,&quot;orientation&quot;:&quot;0&quot;}\" data-image-title=\"img_20210427_1914381877280975.jpg\" data-image-description=\"\" data-medium-file=\"https:\/\/cfaperecaldersvts.files.wordpress.com\/2021\/05\/img_20210427_1914381877280975.jpg?w=300\" data-large-file=\"https:\/\/cfaperecaldersvts.files.wordpress.com\/2021\/05\/img_20210427_1914381877280975.jpg?w=900\" data-id=\"352\" \/><\/figure>\n<\/li>\n<li class=\"blocks-gallery-item\">\n<figure><img decoding=\"async\" class=\"wp-image-355\" src=\"https:\/\/cfaperecaldersvts.files.wordpress.com\/2021\/05\/img_20210426_131745214263795.jpg\" data-attachment-id=\"355\" data-permalink=\"https:\/\/cfaperecaldersvts.wordpress.com\/2021\/05\/01\/el-somni-america-al-caixaforum-vts-al-nou-centre-dart-de-proximitat\/img_20210426_131745214263795\/\" data-orig-file=\"https:\/\/cfaperecaldersvts.files.wordpress.com\/2021\/05\/img_20210426_131745214263795.jpg\" data-orig-size=\"2244,3000\" data-comments-opened=\"1\" data-image-meta=\"{&quot;aperture&quot;:&quot;0&quot;,&quot;credit&quot;:&quot;&quot;,&quot;camera&quot;:&quot;&quot;,&quot;caption&quot;:&quot;&quot;,&quot;created_timestamp&quot;:&quot;0&quot;,&quot;copyright&quot;:&quot;&quot;,&quot;focal_length&quot;:&quot;0&quot;,&quot;iso&quot;:&quot;0&quot;,&quot;shutter_speed&quot;:&quot;0&quot;,&quot;title&quot;:&quot;&quot;,&quot;orientation&quot;:&quot;0&quot;}\" data-image-title=\"img_20210426_131745214263795.jpg\" data-image-description=\"\" data-medium-file=\"https:\/\/cfaperecaldersvts.files.wordpress.com\/2021\/05\/img_20210426_131745214263795.jpg?w=224\" data-large-file=\"https:\/\/cfaperecaldersvts.files.wordpress.com\/2021\/05\/img_20210426_131745214263795.jpg?w=766\" data-id=\"355\" \/><\/figure>\n<\/li>\n<li class=\"blocks-gallery-item\">\n<figure><img decoding=\"async\" class=\"wp-image-353\" src=\"https:\/\/cfaperecaldersvts.files.wordpress.com\/2021\/05\/img-20210429-wa0029210961859.jpg\" data-attachment-id=\"353\" data-permalink=\"https:\/\/cfaperecaldersvts.wordpress.com\/2021\/05\/01\/el-somni-america-al-caixaforum-vts-al-nou-centre-dart-de-proximitat\/img-20210429-wa0029210961859\/\" data-orig-file=\"https:\/\/cfaperecaldersvts.files.wordpress.com\/2021\/05\/img-20210429-wa0029210961859.jpg\" data-orig-size=\"1600,1200\" data-comments-opened=\"1\" data-image-meta=\"{&quot;aperture&quot;:&quot;0&quot;,&quot;credit&quot;:&quot;&quot;,&quot;camera&quot;:&quot;&quot;,&quot;caption&quot;:&quot;&quot;,&quot;created_timestamp&quot;:&quot;0&quot;,&quot;copyright&quot;:&quot;&quot;,&quot;focal_length&quot;:&quot;0&quot;,&quot;iso&quot;:&quot;0&quot;,&quot;shutter_speed&quot;:&quot;0&quot;,&quot;title&quot;:&quot;&quot;,&quot;orientation&quot;:&quot;0&quot;}\" data-image-title=\"img-20210429-wa0029210961859.jpg\" data-image-description=\"\" data-medium-file=\"https:\/\/cfaperecaldersvts.files.wordpress.com\/2021\/05\/img-20210429-wa0029210961859.jpg?w=300\" data-large-file=\"https:\/\/cfaperecaldersvts.files.wordpress.com\/2021\/05\/img-20210429-wa0029210961859.jpg?w=900\" data-id=\"353\" \/><\/figure>\n<\/li>\n<li class=\"blocks-gallery-item\">\n<figure><img decoding=\"async\" class=\"wp-image-357\" src=\"https:\/\/cfaperecaldersvts.files.wordpress.com\/2021\/05\/img_20210427_1914292040597287.jpg\" data-attachment-id=\"357\" data-permalink=\"https:\/\/cfaperecaldersvts.wordpress.com\/2021\/05\/01\/el-somni-america-al-caixaforum-vts-al-nou-centre-dart-de-proximitat\/img_20210427_1914292040597287\/\" data-orig-file=\"https:\/\/cfaperecaldersvts.files.wordpress.com\/2021\/05\/img_20210427_1914292040597287.jpg\" data-orig-size=\"3000,2244\" data-comments-opened=\"1\" data-image-meta=\"{&quot;aperture&quot;:&quot;0&quot;,&quot;credit&quot;:&quot;&quot;,&quot;camera&quot;:&quot;&quot;,&quot;caption&quot;:&quot;&quot;,&quot;created_timestamp&quot;:&quot;0&quot;,&quot;copyright&quot;:&quot;&quot;,&quot;focal_length&quot;:&quot;0&quot;,&quot;iso&quot;:&quot;0&quot;,&quot;shutter_speed&quot;:&quot;0&quot;,&quot;title&quot;:&quot;&quot;,&quot;orientation&quot;:&quot;0&quot;}\" data-image-title=\"img_20210427_1914292040597287.jpg\" data-image-description=\"\" data-medium-file=\"https:\/\/cfaperecaldersvts.files.wordpress.com\/2021\/05\/img_20210427_1914292040597287.jpg?w=300\" data-large-file=\"https:\/\/cfaperecaldersvts.files.wordpress.com\/2021\/05\/img_20210427_1914292040597287.jpg?w=900\" data-id=\"357\" \/><\/figure>\n<\/li>\n<li class=\"blocks-gallery-item\">\n<figure><img decoding=\"async\" class=\"wp-image-354\" src=\"https:\/\/cfaperecaldersvts.files.wordpress.com\/2021\/05\/img-20210429-wa0023994386517.jpg\" data-attachment-id=\"354\" data-permalink=\"https:\/\/cfaperecaldersvts.wordpress.com\/2021\/05\/01\/el-somni-america-al-caixaforum-vts-al-nou-centre-dart-de-proximitat\/img-20210429-wa0023994386517\/\" data-orig-file=\"https:\/\/cfaperecaldersvts.files.wordpress.com\/2021\/05\/img-20210429-wa0023994386517.jpg\" data-orig-size=\"1600,1200\" data-comments-opened=\"1\" data-image-meta=\"{&quot;aperture&quot;:&quot;0&quot;,&quot;credit&quot;:&quot;&quot;,&quot;camera&quot;:&quot;&quot;,&quot;caption&quot;:&quot;&quot;,&quot;created_timestamp&quot;:&quot;0&quot;,&quot;copyright&quot;:&quot;&quot;,&quot;focal_length&quot;:&quot;0&quot;,&quot;iso&quot;:&quot;0&quot;,&quot;shutter_speed&quot;:&quot;0&quot;,&quot;title&quot;:&quot;&quot;,&quot;orientation&quot;:&quot;0&quot;}\" data-image-title=\"img-20210429-wa0023994386517.jpg\" data-image-description=\"\" data-medium-file=\"https:\/\/cfaperecaldersvts.files.wordpress.com\/2021\/05\/img-20210429-wa0023994386517.jpg?w=300\" data-large-file=\"https:\/\/cfaperecaldersvts.files.wordpress.com\/2021\/05\/img-20210429-wa0023994386517.jpg?w=900\" data-id=\"354\" \/><\/figure>\n<\/li>\n<li class=\"blocks-gallery-item\">\n<figure><img decoding=\"async\" class=\"wp-image-356\" src=\"https:\/\/cfaperecaldersvts.files.wordpress.com\/2021\/05\/img_20210426_1249041980437704.jpg\" data-attachment-id=\"356\" data-permalink=\"https:\/\/cfaperecaldersvts.wordpress.com\/2021\/05\/01\/el-somni-america-al-caixaforum-vts-al-nou-centre-dart-de-proximitat\/img_20210426_1249041980437704\/\" data-orig-file=\"https:\/\/cfaperecaldersvts.files.wordpress.com\/2021\/05\/img_20210426_1249041980437704.jpg\" data-orig-size=\"3000,2244\" data-comments-opened=\"1\" data-image-meta=\"{&quot;aperture&quot;:&quot;0&quot;,&quot;credit&quot;:&quot;&quot;,&quot;camera&quot;:&quot;&quot;,&quot;caption&quot;:&quot;&quot;,&quot;created_timestamp&quot;:&quot;0&quot;,&quot;copyright&quot;:&quot;&quot;,&quot;focal_length&quot;:&quot;0&quot;,&quot;iso&quot;:&quot;0&quot;,&quot;shutter_speed&quot;:&quot;0&quot;,&quot;title&quot;:&quot;&quot;,&quot;orientation&quot;:&quot;0&quot;}\" data-image-title=\"img_20210426_1249041980437704.jpg\" data-image-description=\"\" data-medium-file=\"https:\/\/cfaperecaldersvts.files.wordpress.com\/2021\/05\/img_20210426_1249041980437704.jpg?w=300\" data-large-file=\"https:\/\/cfaperecaldersvts.files.wordpress.com\/2021\/05\/img_20210426_1249041980437704.jpg?w=900\" data-id=\"356\" \/><\/figure>\n<\/li>\n<li class=\"blocks-gallery-item\">\n<figure><img decoding=\"async\" class=\"wp-image-360\" src=\"https:\/\/cfaperecaldersvts.files.wordpress.com\/2021\/05\/img_20210426_1310091525686729.jpg\" data-attachment-id=\"360\" data-permalink=\"https:\/\/cfaperecaldersvts.wordpress.com\/2021\/05\/01\/el-somni-america-al-caixaforum-vts-al-nou-centre-dart-de-proximitat\/img_20210426_1310091525686729\/\" data-orig-file=\"https:\/\/cfaperecaldersvts.files.wordpress.com\/2021\/05\/img_20210426_1310091525686729.jpg\" data-orig-size=\"3000,2244\" data-comments-opened=\"1\" data-image-meta=\"{&quot;aperture&quot;:&quot;0&quot;,&quot;credit&quot;:&quot;&quot;,&quot;camera&quot;:&quot;&quot;,&quot;caption&quot;:&quot;&quot;,&quot;created_timestamp&quot;:&quot;0&quot;,&quot;copyright&quot;:&quot;&quot;,&quot;focal_length&quot;:&quot;0&quot;,&quot;iso&quot;:&quot;0&quot;,&quot;shutter_speed&quot;:&quot;0&quot;,&quot;title&quot;:&quot;&quot;,&quot;orientation&quot;:&quot;0&quot;}\" data-image-title=\"img_20210426_1310091525686729.jpg\" data-image-description=\"\" data-medium-file=\"https:\/\/cfaperecaldersvts.files.wordpress.com\/2021\/05\/img_20210426_1310091525686729.jpg?w=300\" data-large-file=\"https:\/\/cfaperecaldersvts.files.wordpress.com\/2021\/05\/img_20210426_1310091525686729.jpg?w=900\" data-id=\"360\" \/><\/figure>\n<\/li>\n<li class=\"blocks-gallery-item\">\n<figure><img decoding=\"async\" class=\"wp-image-359\" src=\"https:\/\/cfaperecaldersvts.files.wordpress.com\/2021\/05\/img_20210429_1113352797680.jpg\" data-attachment-id=\"359\" data-permalink=\"https:\/\/cfaperecaldersvts.wordpress.com\/2021\/05\/01\/el-somni-america-al-caixaforum-vts-al-nou-centre-dart-de-proximitat\/img_20210429_1113352797680\/\" data-orig-file=\"https:\/\/cfaperecaldersvts.files.wordpress.com\/2021\/05\/img_20210429_1113352797680.jpg\" data-orig-size=\"3000,2244\" data-comments-opened=\"1\" data-image-meta=\"{&quot;aperture&quot;:&quot;0&quot;,&quot;credit&quot;:&quot;&quot;,&quot;camera&quot;:&quot;&quot;,&quot;caption&quot;:&quot;&quot;,&quot;created_timestamp&quot;:&quot;0&quot;,&quot;copyright&quot;:&quot;&quot;,&quot;focal_length&quot;:&quot;0&quot;,&quot;iso&quot;:&quot;0&quot;,&quot;shutter_speed&quot;:&quot;0&quot;,&quot;title&quot;:&quot;&quot;,&quot;orientation&quot;:&quot;0&quot;}\" data-image-title=\"img_20210429_1113352797680.jpg\" data-image-description=\"\" data-medium-file=\"https:\/\/cfaperecaldersvts.files.wordpress.com\/2021\/05\/img_20210429_1113352797680.jpg?w=300\" data-large-file=\"https:\/\/cfaperecaldersvts.files.wordpress.com\/2021\/05\/img_20210429_1113352797680.jpg?w=900\" data-id=\"359\" \/><\/figure>\n<\/li>\n<li class=\"blocks-gallery-item\">\n<figure><img decoding=\"async\" class=\"wp-image-358\" src=\"https:\/\/cfaperecaldersvts.files.wordpress.com\/2021\/05\/img-20210427-wa00202054984205.jpg\" data-attachment-id=\"358\" data-permalink=\"https:\/\/cfaperecaldersvts.wordpress.com\/2021\/05\/01\/el-somni-america-al-caixaforum-vts-al-nou-centre-dart-de-proximitat\/img-20210427-wa00202054984205\/\" data-orig-file=\"https:\/\/cfaperecaldersvts.files.wordpress.com\/2021\/05\/img-20210427-wa00202054984205.jpg\" data-orig-size=\"1702,1560\" data-comments-opened=\"1\" data-image-meta=\"{&quot;aperture&quot;:&quot;0&quot;,&quot;credit&quot;:&quot;&quot;,&quot;camera&quot;:&quot;&quot;,&quot;caption&quot;:&quot;&quot;,&quot;created_timestamp&quot;:&quot;0&quot;,&quot;copyright&quot;:&quot;&quot;,&quot;focal_length&quot;:&quot;0&quot;,&quot;iso&quot;:&quot;0&quot;,&quot;shutter_speed&quot;:&quot;0&quot;,&quot;title&quot;:&quot;&quot;,&quot;orientation&quot;:&quot;0&quot;}\" data-image-title=\"img-20210427-wa00202054984205.jpg\" data-image-description=\"\" data-medium-file=\"https:\/\/cfaperecaldersvts.files.wordpress.com\/2021\/05\/img-20210427-wa00202054984205.jpg?w=300\" data-large-file=\"https:\/\/cfaperecaldersvts.files.wordpress.com\/2021\/05\/img-20210427-wa00202054984205.jpg?w=900\" data-id=\"358\" \/><\/figure>\n<\/li>\n<li class=\"blocks-gallery-item\">\n<figure><img decoding=\"async\" class=\"wp-image-362\" src=\"https:\/\/cfaperecaldersvts.files.wordpress.com\/2021\/05\/img_20210427_1845451342448602.jpg\" data-attachment-id=\"362\" data-permalink=\"https:\/\/cfaperecaldersvts.wordpress.com\/2021\/05\/01\/el-somni-america-al-caixaforum-vts-al-nou-centre-dart-de-proximitat\/img_20210427_1845451342448602\/\" data-orig-file=\"https:\/\/cfaperecaldersvts.files.wordpress.com\/2021\/05\/img_20210427_1845451342448602.jpg\" data-orig-size=\"3000,2244\" data-comments-opened=\"1\" data-image-meta=\"{&quot;aperture&quot;:&quot;0&quot;,&quot;credit&quot;:&quot;&quot;,&quot;camera&quot;:&quot;&quot;,&quot;caption&quot;:&quot;&quot;,&quot;created_timestamp&quot;:&quot;0&quot;,&quot;copyright&quot;:&quot;&quot;,&quot;focal_length&quot;:&quot;0&quot;,&quot;iso&quot;:&quot;0&quot;,&quot;shutter_speed&quot;:&quot;0&quot;,&quot;title&quot;:&quot;&quot;,&quot;orientation&quot;:&quot;0&quot;}\" data-image-title=\"img_20210427_1845451342448602.jpg\" data-image-description=\"\" data-medium-file=\"https:\/\/cfaperecaldersvts.files.wordpress.com\/2021\/05\/img_20210427_1845451342448602.jpg?w=300\" data-large-file=\"https:\/\/cfaperecaldersvts.files.wordpress.com\/2021\/05\/img_20210427_1845451342448602.jpg?w=900\" data-id=\"362\" \/><\/figure>\n<\/li>\n<li class=\"blocks-gallery-item\">\n<figure><img decoding=\"async\" class=\"wp-image-361\" src=\"https:\/\/cfaperecaldersvts.files.wordpress.com\/2021\/05\/img-20210429-wa00101912626102.jpg\" data-attachment-id=\"361\" data-permalink=\"https:\/\/cfaperecaldersvts.wordpress.com\/2021\/05\/01\/el-somni-america-al-caixaforum-vts-al-nou-centre-dart-de-proximitat\/img-20210429-wa00101912626102\/\" data-orig-file=\"https:\/\/cfaperecaldersvts.files.wordpress.com\/2021\/05\/img-20210429-wa00101912626102.jpg\" data-orig-size=\"1600,1200\" data-comments-opened=\"1\" data-image-meta=\"{&quot;aperture&quot;:&quot;0&quot;,&quot;credit&quot;:&quot;&quot;,&quot;camera&quot;:&quot;&quot;,&quot;caption&quot;:&quot;&quot;,&quot;created_timestamp&quot;:&quot;0&quot;,&quot;copyright&quot;:&quot;&quot;,&quot;focal_length&quot;:&quot;0&quot;,&quot;iso&quot;:&quot;0&quot;,&quot;shutter_speed&quot;:&quot;0&quot;,&quot;title&quot;:&quot;&quot;,&quot;orientation&quot;:&quot;0&quot;}\" data-image-title=\"img-20210429-wa00101912626102.jpg\" data-image-description=\"\" data-medium-file=\"https:\/\/cfaperecaldersvts.files.wordpress.com\/2021\/05\/img-20210429-wa00101912626102.jpg?w=300\" data-large-file=\"https:\/\/cfaperecaldersvts.files.wordpress.com\/2021\/05\/img-20210429-wa00101912626102.jpg?w=900\" data-id=\"361\" \/><\/figure>\n<\/li>\n<li class=\"blocks-gallery-item\">\n<figure><img decoding=\"async\" class=\"wp-image-365\" src=\"https:\/\/cfaperecaldersvts.files.wordpress.com\/2021\/05\/img_20210426_0939122080036611.jpg\" data-attachment-id=\"365\" data-permalink=\"https:\/\/cfaperecaldersvts.wordpress.com\/2021\/05\/01\/el-somni-america-al-caixaforum-vts-al-nou-centre-dart-de-proximitat\/img_20210426_0939122080036611\/\" data-orig-file=\"https:\/\/cfaperecaldersvts.files.wordpress.com\/2021\/05\/img_20210426_0939122080036611.jpg\" data-orig-size=\"3000,2244\" data-comments-opened=\"1\" data-image-meta=\"{&quot;aperture&quot;:&quot;0&quot;,&quot;credit&quot;:&quot;&quot;,&quot;camera&quot;:&quot;&quot;,&quot;caption&quot;:&quot;&quot;,&quot;created_timestamp&quot;:&quot;0&quot;,&quot;copyright&quot;:&quot;&quot;,&quot;focal_length&quot;:&quot;0&quot;,&quot;iso&quot;:&quot;0&quot;,&quot;shutter_speed&quot;:&quot;0&quot;,&quot;title&quot;:&quot;&quot;,&quot;orientation&quot;:&quot;0&quot;}\" data-image-title=\"img_20210426_0939122080036611.jpg\" data-image-description=\"\" data-medium-file=\"https:\/\/cfaperecaldersvts.files.wordpress.com\/2021\/05\/img_20210426_0939122080036611.jpg?w=300\" data-large-file=\"https:\/\/cfaperecaldersvts.files.wordpress.com\/2021\/05\/img_20210426_0939122080036611.jpg?w=900\" data-id=\"365\" \/><\/figure>\n<\/li>\n<li class=\"blocks-gallery-item\">\n<figure><img decoding=\"async\" class=\"wp-image-363\" src=\"https:\/\/cfaperecaldersvts.files.wordpress.com\/2021\/05\/img-20210429-wa00241931345300.jpg\" data-attachment-id=\"363\" data-permalink=\"https:\/\/cfaperecaldersvts.wordpress.com\/2021\/05\/01\/el-somni-america-al-caixaforum-vts-al-nou-centre-dart-de-proximitat\/img-20210429-wa00241931345300\/\" data-orig-file=\"https:\/\/cfaperecaldersvts.files.wordpress.com\/2021\/05\/img-20210429-wa00241931345300.jpg\" data-orig-size=\"1600,1200\" data-comments-opened=\"1\" data-image-meta=\"{&quot;aperture&quot;:&quot;0&quot;,&quot;credit&quot;:&quot;&quot;,&quot;camera&quot;:&quot;&quot;,&quot;caption&quot;:&quot;&quot;,&quot;created_timestamp&quot;:&quot;0&quot;,&quot;copyright&quot;:&quot;&quot;,&quot;focal_length&quot;:&quot;0&quot;,&quot;iso&quot;:&quot;0&quot;,&quot;shutter_speed&quot;:&quot;0&quot;,&quot;title&quot;:&quot;&quot;,&quot;orientation&quot;:&quot;0&quot;}\" data-image-title=\"img-20210429-wa00241931345300.jpg\" data-image-description=\"\" data-medium-file=\"https:\/\/cfaperecaldersvts.files.wordpress.com\/2021\/05\/img-20210429-wa00241931345300.jpg?w=300\" data-large-file=\"https:\/\/cfaperecaldersvts.files.wordpress.com\/2021\/05\/img-20210429-wa00241931345300.jpg?w=900\" data-id=\"363\" \/><\/figure>\n<\/li>\n<li class=\"blocks-gallery-item\">\n<figure><img decoding=\"async\" class=\"wp-image-364\" src=\"https:\/\/cfaperecaldersvts.files.wordpress.com\/2021\/05\/img-20210429-wa0017526345082.jpg\" data-attachment-id=\"364\" data-permalink=\"https:\/\/cfaperecaldersvts.wordpress.com\/2021\/05\/01\/el-somni-america-al-caixaforum-vts-al-nou-centre-dart-de-proximitat\/img-20210429-wa0017526345082\/\" data-orig-file=\"https:\/\/cfaperecaldersvts.files.wordpress.com\/2021\/05\/img-20210429-wa0017526345082.jpg\" data-orig-size=\"1200,1600\" data-comments-opened=\"1\" data-image-meta=\"{&quot;aperture&quot;:&quot;0&quot;,&quot;credit&quot;:&quot;&quot;,&quot;camera&quot;:&quot;&quot;,&quot;caption&quot;:&quot;&quot;,&quot;created_timestamp&quot;:&quot;0&quot;,&quot;copyright&quot;:&quot;&quot;,&quot;focal_length&quot;:&quot;0&quot;,&quot;iso&quot;:&quot;0&quot;,&quot;shutter_speed&quot;:&quot;0&quot;,&quot;title&quot;:&quot;&quot;,&quot;orientation&quot;:&quot;0&quot;}\" data-image-title=\"img-20210429-wa0017526345082.jpg\" data-image-description=\"\" data-medium-file=\"https:\/\/cfaperecaldersvts.files.wordpress.com\/2021\/05\/img-20210429-wa0017526345082.jpg?w=225\" data-large-file=\"https:\/\/cfaperecaldersvts.files.wordpress.com\/2021\/05\/img-20210429-wa0017526345082.jpg?w=768\" data-id=\"364\" \/><\/figure>\n<\/li>\n<\/ul><figcaption class=\"blocks-gallery-caption\"><a href=\"https:\/\/cfaperecaldersvts.wordpress.com\/\">M\u00e9s informaci\u00f3 al nostre blog del VTS.<\/a><\/figcaption><\/figure>\n","protected":false},"excerpt":{"rendered":"<p>Comencem un nou cam\u00ed amb el CaixaForum com a centre d\u2019art de proximitat Amb aquesta exposici\u00f3 provinent del British Museum ens hem estrenat al\u00a0CaixaForum, el Centre d\u2019Art de Proximitat que la nostra escola ha triat per a dur a terme noves pr\u00e0ctiques de VTS, i la veritat \u00e9s que ha estat una experi\u00e8ncia molt positiva [&hellip;]<\/p>\n","protected":false},"author":1,"featured_media":1481,"comment_status":"closed","ping_status":"closed","sticky":false,"template":"","format":"standard","meta":{"_bbp_topic_count":0,"_bbp_reply_count":0,"_bbp_total_topic_count":0,"_bbp_total_reply_count":0,"_bbp_voice_count":0,"_bbp_anonymous_reply_count":0,"_bbp_topic_count_hidden":0,"_bbp_reply_count_hidden":0,"_bbp_forum_subforum_count":0,"site-sidebar-layout":"default","site-content-layout":"","ast-site-content-layout":"","site-content-style":"default","site-sidebar-style":"default","ast-global-header-display":"","ast-banner-title-visibility":"","ast-main-header-display":"","ast-hfb-above-header-display":"","ast-hfb-below-header-display":"","ast-hfb-mobile-header-display":"","site-post-title":"","ast-breadcrumbs-content":"","ast-featured-img":"","footer-sml-layout":"","theme-transparent-header-meta":"","adv-header-id-meta":"","stick-header-meta":"","header-above-stick-meta":"","header-main-stick-meta":"","header-below-stick-meta":"","astra-migrate-meta-layouts":"default","ast-page-background-enabled":"default","ast-page-background-meta":{"desktop":{"background-color":"var(--ast-global-color-4)","background-image":"","background-repeat":"repeat","background-position":"center center","background-size":"auto","background-attachment":"scroll","background-type":"","background-media":"","overlay-type":"","overlay-color":"","overlay-opacity":"","overlay-gradient":""},"tablet":{"background-color":"","background-image":"","background-repeat":"repeat","background-position":"center center","background-size":"auto","background-attachment":"scroll","background-type":"","background-media":"","overlay-type":"","overlay-color":"","overlay-opacity":"","overlay-gradient":""},"mobile":{"background-color":"","background-image":"","background-repeat":"repeat","background-position":"center center","background-size":"auto","background-attachment":"scroll","background-type":"","background-media":"","overlay-type":"","overlay-color":"","overlay-opacity":"","overlay-gradient":""}},"ast-content-background-meta":{"desktop":{"background-color":"var(--ast-global-color-5)","background-image":"","background-repeat":"repeat","background-position":"center center","background-size":"auto","background-attachment":"scroll","background-type":"","background-media":"","overlay-type":"","overlay-color":"","overlay-opacity":"","overlay-gradient":""},"tablet":{"background-color":"var(--ast-global-color-5)","background-image":"","background-repeat":"repeat","background-position":"center center","background-size":"auto","background-attachment":"scroll","background-type":"","background-media":"","overlay-type":"","overlay-color":"","overlay-opacity":"","overlay-gradient":""},"mobile":{"background-color":"var(--ast-global-color-5)","background-image":"","background-repeat":"repeat","background-position":"center center","background-size":"auto","background-attachment":"scroll","background-type":"","background-media":"","overlay-type":"","overlay-color":"","overlay-opacity":"","overlay-gradient":""}},"footnotes":""},"categories":[1],"tags":[],"class_list":["post-1480","post","type-post","status-publish","format-standard","has-post-thumbnail","hentry","category-general"],"post_mailing_queue_ids":[],"_links":{"self":[{"href":"https:\/\/agora.xtec.cat\/cfaperecalders\/wp-json\/wp\/v2\/posts\/1480","targetHints":{"allow":["GET"]}}],"collection":[{"href":"https:\/\/agora.xtec.cat\/cfaperecalders\/wp-json\/wp\/v2\/posts"}],"about":[{"href":"https:\/\/agora.xtec.cat\/cfaperecalders\/wp-json\/wp\/v2\/types\/post"}],"author":[{"embeddable":true,"href":"https:\/\/agora.xtec.cat\/cfaperecalders\/wp-json\/wp\/v2\/users\/1"}],"replies":[{"embeddable":true,"href":"https:\/\/agora.xtec.cat\/cfaperecalders\/wp-json\/wp\/v2\/comments?post=1480"}],"version-history":[{"count":1,"href":"https:\/\/agora.xtec.cat\/cfaperecalders\/wp-json\/wp\/v2\/posts\/1480\/revisions"}],"predecessor-version":[{"id":1482,"href":"https:\/\/agora.xtec.cat\/cfaperecalders\/wp-json\/wp\/v2\/posts\/1480\/revisions\/1482"}],"wp:featuredmedia":[{"embeddable":true,"href":"https:\/\/agora.xtec.cat\/cfaperecalders\/wp-json\/wp\/v2\/media\/1481"}],"wp:attachment":[{"href":"https:\/\/agora.xtec.cat\/cfaperecalders\/wp-json\/wp\/v2\/media?parent=1480"}],"wp:term":[{"taxonomy":"category","embeddable":true,"href":"https:\/\/agora.xtec.cat\/cfaperecalders\/wp-json\/wp\/v2\/categories?post=1480"},{"taxonomy":"post_tag","embeddable":true,"href":"https:\/\/agora.xtec.cat\/cfaperecalders\/wp-json\/wp\/v2\/tags?post=1480"}],"curies":[{"name":"wp","href":"https:\/\/api.w.org\/{rel}","templated":true}]}}