{"id":919,"date":"2018-03-12T09:09:04","date_gmt":"2018-03-12T08:09:04","guid":{"rendered":"http:\/\/agora.xtec.cat\/cfapegaso\/?p=919"},"modified":"2018-04-28T21:51:17","modified_gmt":"2018-04-28T19:51:17","slug":"sant-jordi-2018","status":"publish","type":"post","link":"https:\/\/agora.xtec.cat\/cfapegaso\/tauler-de-publicacions\/sant-jordi-2018\/","title":{"rendered":"Sant Jordi 2018"},"content":{"rendered":"<p><strong>Dilluns, 23 d\u2019abril de 2018<\/strong><\/p>\n<p><a href=\"https:\/\/photos.app.goo.gl\/M2bJYVZ9zO4WBP2g2\" target=\"_blank\" rel=\"noopener noreferrer\">Fotos de l&#8217;acte de Sant Jordi 2018<\/a><\/p>\n<p>Els Premis<\/p>\n<table>\n<tbody>\n<tr>\n<td>Poesia Nivell I<\/td>\n<td><a href=\"https:\/\/drive.google.com\/open?id=1EEaqwAhw1YQ266RUqp_z6eZ7oYkZw-ma\" target=\"_blank\">Sant Jordi <\/a> 1r Premi<\/td>\n<td><\/td>\n<td><\/td>\n<\/tr>\n<tr>\n<td>Narrativa Nivell I<\/td>\n<td><a href=\"https:\/\/drive.google.com\/open?id=17Apss8Co01EK5oXGIeRwhZ3EErQySx6_\" target=\"_blank\">El punto negro <span style=\"color: #000000;\"><\/span><\/a>Acc\u00e8ssit<\/td>\n<td><a href=\"https:\/\/drive.google.com\/open?id=1RCl1RG7clDtP2BiFzrKZ9W-KC6x9THT9\" target=\"_blank\">Encuentro cercano<\/a> 2n Premi<\/td>\n<td><a href=\"https:\/\/drive.google.com\/open?id=1NQjqwBYQn4RYj9RRpCHJTSEUhVg6_t6e\" target=\"_blank\">El drag\u00f3n<\/a> 1r Premi<\/td>\n<\/tr>\n<tr>\n<td>Poesia Nivell II<\/td>\n<td><a href=\"https:\/\/drive.google.com\/open?id=1qdJKQbuqLg-nov8xkgulgAo5r2KC7fzt\" target=\"_blank\">El olvido<\/a> 2n Premi<\/td>\n<td><a href=\"https:\/\/drive.google.com\/open?id=1Z3FbWV2Em7hfbcPJ839lhhAWqAriv_lH\" target=\"_blank\">La soledat<\/a> 1 Premi<\/td>\n<td><\/td>\n<\/tr>\n<tr>\n<td>Narrativa Nivell II<\/td>\n<td><a href=\"https:\/\/drive.google.com\/open?id=102_8t9tjJ4CK2DkPiDM4yGIqONd59UOE\" target=\"_blank\">Un viaje en Vespa<\/a> Acc\u00e8ssit<\/td>\n<td><a href=\"https:\/\/drive.google.com\/open?id=1GBMkpfXFIQqOYYOY2Hn5skbBn792AlTl\" target=\"_blank\">Parlen les roses<\/a> 2nPremi<\/td>\n<td><a href=\"https:\/\/drive.google.com\/open?id=1EdRxn1Q8QcW-Tk36ovhqFZ3m9RGLAFoj\" target=\"_blank\">Nines de drap<\/a> 1r Premi<\/td>\n<\/tr>\n<\/tbody>\n<\/table>\n<table style=\"background-color: #f7f7f5;\" border=\"0\">\n<tbody>\n<tr>\n<td style=\"text-align: left;\"><a href=\"https:\/\/drive.google.com\/file\/d\/16fzmyQkk1mG6uoLgskVioIvKZynkJtUx\/view?usp=sharing\" target=\"_blank\" rel=\"noopener noreferrer\">Bases Certamen Literari<\/a><\/td>\n<td style=\"text-align: right;\"><a href=\"https:\/\/drive.google.com\/file\/d\/1AKZ4qkcmixUTkIE9lRnln_l-lx-HQSfc\/view?usp=sharing\" target=\"_blank\" rel=\"noopener noreferrer\">Cartell de l&#8217;acte del dia de\u00a0 Sant Jordi<\/a><\/td>\n<\/tr>\n<\/tbody>\n<\/table>\n<ul style=\"list-style-type: square;\">\n<li>Des <b> del mat\u00ed fins a les 9h del vespre<\/b> hi haur\u00e0 una <strong>taula d\u2019intercanvi de llibres<\/strong>. Tothom pot aportar llibres de lectura: novel\u00b7les, obres de teatre, contes, c\u00f2mics , &#8230;<br \/>\n(Si us plau, NO porteu per intercanviar llibres que us fan nosa a casa, Gr\u00e0cies)<\/li>\n<\/ul>\n<h2 style=\"text-align: center;\">Acte central del dia de Sant Jordi a la nostra escola:<\/h2>\n<ul style=\"list-style-type: square;\">\n<li>A les 5:00h de la tarda: <strong>Mistero Buffo<\/strong> sobre textos de Dario Fo. Espectacle perpetrat per <strong>Quim Pa\u00f1art.<a href=\"http:\/\/agora.xtec.cat\/cfapegaso\/wp-content\/uploads\/usu1523\/2018\/03\/QuimPa\u00f1art.jpg\"><img loading=\"lazy\" decoding=\"async\" class=\"alignleft wp-image-925 size-thumbnail\" src=\"http:\/\/agora.xtec.cat\/cfapegaso\/wp-content\/uploads\/usu1523\/2018\/03\/QuimPa\u00f1art-150x150.jpg\" alt=\"\" width=\"150\" height=\"150\" \/><\/a><\/strong><\/li>\n<\/ul>\n<ul style=\"list-style-type: square;\">\n<li>A les 6:00h de la tarda:<strong> Lectura dels treballs premiats<\/strong> a c\u00e0rrec del grup de teatre i de literatura de l\u2019Escola i lliurament dels premis.<\/li>\n<\/ul>\n<p>Obsequi d\u2019una rosa a tots\/es els participants del Certamen Literari<\/p>\n<h3><strong>Vine, t\u2018hi esperem!<\/strong><\/h3>\n","protected":false},"excerpt":{"rendered":"<p>Dilluns, 23 d\u2019abril de 2018 Fotos de l&#8217;acte de Sant Jordi 2018 Els Premis Poesia Nivell I Sant Jordi 1r Premi Narrativa Nivell I El punto negro Acc\u00e8ssit Encuentro cercano 2n Premi El drag\u00f3n 1r Premi Poesia Nivell II El olvido 2n Premi La soledat 1 Premi Narrativa Nivell II Un viaje en Vespa Acc\u00e8ssit [&hellip;]<\/p>\n","protected":false},"author":1,"featured_media":925,"comment_status":"closed","ping_status":"closed","sticky":false,"template":"","format":"standard","meta":{"_bbp_topic_count":0,"_bbp_reply_count":0,"_bbp_total_topic_count":0,"_bbp_total_reply_count":0,"_bbp_voice_count":0,"_bbp_anonymous_reply_count":0,"_bbp_topic_count_hidden":0,"_bbp_reply_count_hidden":0,"_bbp_forum_subforum_count":0,"site-sidebar-layout":"default","site-content-layout":"","ast-site-content-layout":"","site-content-style":"default","site-sidebar-style":"default","ast-global-header-display":"","ast-banner-title-visibility":"","ast-main-header-display":"","ast-hfb-above-header-display":"","ast-hfb-below-header-display":"","ast-hfb-mobile-header-display":"","site-post-title":"","ast-breadcrumbs-content":"","ast-featured-img":"","footer-sml-layout":"","theme-transparent-header-meta":"","adv-header-id-meta":"","stick-header-meta":"","header-above-stick-meta":"","header-main-stick-meta":"","header-below-stick-meta":"","astra-migrate-meta-layouts":"default","ast-page-background-enabled":"default","ast-page-background-meta":{"desktop":{"background-color":"var(--ast-global-color-4)","background-image":"","background-repeat":"repeat","background-position":"center center","background-size":"auto","background-attachment":"scroll","background-type":"","background-media":"","overlay-type":"","overlay-color":"","overlay-opacity":"","overlay-gradient":""},"tablet":{"background-color":"","background-image":"","background-repeat":"repeat","background-position":"center center","background-size":"auto","background-attachment":"scroll","background-type":"","background-media":"","overlay-type":"","overlay-color":"","overlay-opacity":"","overlay-gradient":""},"mobile":{"background-color":"","background-image":"","background-repeat":"repeat","background-position":"center center","background-size":"auto","background-attachment":"scroll","background-type":"","background-media":"","overlay-type":"","overlay-color":"","overlay-opacity":"","overlay-gradient":""}},"ast-content-background-meta":{"desktop":{"background-color":"var(--ast-global-color-5)","background-image":"","background-repeat":"repeat","background-position":"center center","background-size":"auto","background-attachment":"scroll","background-type":"","background-media":"","overlay-type":"","overlay-color":"","overlay-opacity":"","overlay-gradient":""},"tablet":{"background-color":"var(--ast-global-color-5)","background-image":"","background-repeat":"repeat","background-position":"center center","background-size":"auto","background-attachment":"scroll","background-type":"","background-media":"","overlay-type":"","overlay-color":"","overlay-opacity":"","overlay-gradient":""},"mobile":{"background-color":"var(--ast-global-color-5)","background-image":"","background-repeat":"repeat","background-position":"center center","background-size":"auto","background-attachment":"scroll","background-type":"","background-media":"","overlay-type":"","overlay-color":"","overlay-opacity":"","overlay-gradient":""}},"footnotes":""},"categories":[29,1],"tags":[75],"class_list":["post-919","post","type-post","status-publish","format-standard","has-post-thumbnail","hentry","category-portada","category-tauler-de-publicacions","tag-festes-tradicionals"],"post_mailing_queue_ids":[],"_links":{"self":[{"href":"https:\/\/agora.xtec.cat\/cfapegaso\/wp-json\/wp\/v2\/posts\/919","targetHints":{"allow":["GET"]}}],"collection":[{"href":"https:\/\/agora.xtec.cat\/cfapegaso\/wp-json\/wp\/v2\/posts"}],"about":[{"href":"https:\/\/agora.xtec.cat\/cfapegaso\/wp-json\/wp\/v2\/types\/post"}],"author":[{"embeddable":true,"href":"https:\/\/agora.xtec.cat\/cfapegaso\/wp-json\/wp\/v2\/users\/1"}],"replies":[{"embeddable":true,"href":"https:\/\/agora.xtec.cat\/cfapegaso\/wp-json\/wp\/v2\/comments?post=919"}],"version-history":[{"count":4,"href":"https:\/\/agora.xtec.cat\/cfapegaso\/wp-json\/wp\/v2\/posts\/919\/revisions"}],"predecessor-version":[{"id":962,"href":"https:\/\/agora.xtec.cat\/cfapegaso\/wp-json\/wp\/v2\/posts\/919\/revisions\/962"}],"wp:featuredmedia":[{"embeddable":true,"href":"https:\/\/agora.xtec.cat\/cfapegaso\/wp-json\/wp\/v2\/media\/925"}],"wp:attachment":[{"href":"https:\/\/agora.xtec.cat\/cfapegaso\/wp-json\/wp\/v2\/media?parent=919"}],"wp:term":[{"taxonomy":"category","embeddable":true,"href":"https:\/\/agora.xtec.cat\/cfapegaso\/wp-json\/wp\/v2\/categories?post=919"},{"taxonomy":"post_tag","embeddable":true,"href":"https:\/\/agora.xtec.cat\/cfapegaso\/wp-json\/wp\/v2\/tags?post=919"}],"curies":[{"name":"wp","href":"https:\/\/api.w.org\/{rel}","templated":true}]}}