{"id":745,"date":"2017-11-08T11:50:56","date_gmt":"2017-11-08T10:50:56","guid":{"rendered":"http:\/\/agora.xtec.cat\/cfapegaso\/?p=745"},"modified":"2017-11-20T10:11:04","modified_gmt":"2017-11-20T09:11:04","slug":"activitats-contra-la-violencia-de-genere","status":"publish","type":"post","link":"https:\/\/agora.xtec.cat\/cfapegaso\/portada\/activitats-contra-la-violencia-de-genere\/","title":{"rendered":"Activitats contra la Viol\u00e8ncia de G\u00e8nere"},"content":{"rendered":"<p align=\"justify\"><span style=\"font-family: Arial,serif;\"><span style=\"font-size: small;\">El dia 25 de novembre \u00e9s el <strong>Dia Internacional contra la Viol\u00e8ncia de G\u00e8nere<\/strong>. Amb aquest motiu al <strong>districte de Sant Andreu<\/strong> es faran un seguit d&#8217;activitats que<strong> es penjaran al passad\u00eds de l\u2019escola<\/strong> perqu\u00e8 tothom tingui la informaci\u00f3 dels llocs i les hores. L&#8217;escola s&#8217;ha afegit a aquesta causa i participarem de la seg\u00fcent manera aquests dies de novembre:<\/span><\/span><\/p>\n<ul>\n<li>\n<p align=\"justify\"><span style=\"color: #000000;\"><span style=\"font-family: Arial,serif;\"><span style=\"font-size: small;\">D<\/span><\/span><\/span><span style=\"font-family: Arial,serif;\"><span style=\"font-size: small;\">imarts 2<\/span><\/span><span style=\"font-family: Arial,serif;\"><span style=\"font-size: small;\">1<\/span><\/span><span style=\"font-family: Arial,serif;\"><span style=\"font-size: small;\"> a les 18.<\/span><\/span><span style=\"font-family: Arial,serif;\"><span style=\"font-size: small;\">30<\/span><\/span><span style=\"font-family: Arial,serif;\"><span style=\"font-size: small;\"> h: <\/span><\/span><strong><span style=\"font-family: Arial,serif;\"><span style=\"font-size: small;\"><i>L<\/i><\/span><\/span><span style=\"font-family: Arial,serif;\"><span style=\"font-size: small;\"><i>ectura manifest a la <\/i><\/span><\/span><span style=\"color: #000000;\"><span style=\"font-family: Arial,serif;\"><span style=\"font-size: small;\"><i>Pla\u00e7a Orfila<\/i><\/span><\/span><\/span><\/strong><\/p>\n<\/li>\n<li>\n<p align=\"justify\"><span style=\"font-family: Arial,serif;\"><span style=\"font-size: small;\">Dimecres 22 de 9.30 a 12.30 h. aproximadament: <strong><i>Cinema+f\u00f2rum <\/i><\/strong><i>sobre la viol\u00e8ncia de g\u00e8nere amb la <\/i><i>pel\u00b7l\u00edcula <a href=\"http:\/\/www.sensacine.com\/peliculas\/pelicula-56284\/\" target=\"_blank\" rel=\"noopener noreferrer\"><strong>EN TIERRA DE HOMBRES<\/strong><\/a><\/i><\/span><\/span><\/p>\n<\/li>\n<li>\n<p align=\"justify\"><span style=\"font-family: Arial,serif;\"><span style=\"font-size: small;\">Dilluns 27 a les 17 h. <i><strong>Xerrada<\/strong> \u201cCom detectar la discriminaci\u00f3 per g\u00e8nere<\/i><i>\u201d<br \/>\n<\/i><\/span><\/span><\/p>\n<\/li>\n<li><a href=\"http:\/\/lameva.barcelona.cat\/santandreu\/ca\/noticia\/combatem-la-violzuncia-vers-les-dones-amb-desenes-dactes\" target=\"_blank\" rel=\"noopener noreferrer\">+ INFO<\/a><\/li>\n<\/ul>\n","protected":false},"excerpt":{"rendered":"<p>El dia 25 de novembre \u00e9s el Dia Internacional contra la Viol\u00e8ncia de G\u00e8nere. Amb aquest motiu al districte de Sant Andreu es faran un seguit d&#8217;activitats que es penjaran al passad\u00eds de l\u2019escola perqu\u00e8 tothom tingui la informaci\u00f3 dels llocs i les hores. L&#8217;escola s&#8217;ha afegit a aquesta causa i participarem de la seg\u00fcent [&hellip;]<\/p>\n","protected":false},"author":1,"featured_media":0,"comment_status":"closed","ping_status":"closed","sticky":false,"template":"","format":"standard","meta":{"_bbp_topic_count":0,"_bbp_reply_count":0,"_bbp_total_topic_count":0,"_bbp_total_reply_count":0,"_bbp_voice_count":0,"_bbp_anonymous_reply_count":0,"_bbp_topic_count_hidden":0,"_bbp_reply_count_hidden":0,"_bbp_forum_subforum_count":0,"site-sidebar-layout":"default","site-content-layout":"","ast-site-content-layout":"","site-content-style":"default","site-sidebar-style":"default","ast-global-header-display":"","ast-banner-title-visibility":"","ast-main-header-display":"","ast-hfb-above-header-display":"","ast-hfb-below-header-display":"","ast-hfb-mobile-header-display":"","site-post-title":"","ast-breadcrumbs-content":"","ast-featured-img":"","footer-sml-layout":"","theme-transparent-header-meta":"","adv-header-id-meta":"","stick-header-meta":"","header-above-stick-meta":"","header-main-stick-meta":"","header-below-stick-meta":"","astra-migrate-meta-layouts":"default","ast-page-background-enabled":"default","ast-page-background-meta":{"desktop":{"background-color":"var(--ast-global-color-4)","background-image":"","background-repeat":"repeat","background-position":"center center","background-size":"auto","background-attachment":"scroll","background-type":"","background-media":"","overlay-type":"","overlay-color":"","overlay-opacity":"","overlay-gradient":""},"tablet":{"background-color":"","background-image":"","background-repeat":"repeat","background-position":"center center","background-size":"auto","background-attachment":"scroll","background-type":"","background-media":"","overlay-type":"","overlay-color":"","overlay-opacity":"","overlay-gradient":""},"mobile":{"background-color":"","background-image":"","background-repeat":"repeat","background-position":"center center","background-size":"auto","background-attachment":"scroll","background-type":"","background-media":"","overlay-type":"","overlay-color":"","overlay-opacity":"","overlay-gradient":""}},"ast-content-background-meta":{"desktop":{"background-color":"var(--ast-global-color-5)","background-image":"","background-repeat":"repeat","background-position":"center center","background-size":"auto","background-attachment":"scroll","background-type":"","background-media":"","overlay-type":"","overlay-color":"","overlay-opacity":"","overlay-gradient":""},"tablet":{"background-color":"var(--ast-global-color-5)","background-image":"","background-repeat":"repeat","background-position":"center center","background-size":"auto","background-attachment":"scroll","background-type":"","background-media":"","overlay-type":"","overlay-color":"","overlay-opacity":"","overlay-gradient":""},"mobile":{"background-color":"var(--ast-global-color-5)","background-image":"","background-repeat":"repeat","background-position":"center center","background-size":"auto","background-attachment":"scroll","background-type":"","background-media":"","overlay-type":"","overlay-color":"","overlay-opacity":"","overlay-gradient":""}},"footnotes":""},"categories":[29],"tags":[81],"class_list":["post-745","post","type-post","status-publish","format-standard","hentry","category-portada","tag-violencia-de-genere"],"post_mailing_queue_ids":[],"_links":{"self":[{"href":"https:\/\/agora.xtec.cat\/cfapegaso\/wp-json\/wp\/v2\/posts\/745","targetHints":{"allow":["GET"]}}],"collection":[{"href":"https:\/\/agora.xtec.cat\/cfapegaso\/wp-json\/wp\/v2\/posts"}],"about":[{"href":"https:\/\/agora.xtec.cat\/cfapegaso\/wp-json\/wp\/v2\/types\/post"}],"author":[{"embeddable":true,"href":"https:\/\/agora.xtec.cat\/cfapegaso\/wp-json\/wp\/v2\/users\/1"}],"replies":[{"embeddable":true,"href":"https:\/\/agora.xtec.cat\/cfapegaso\/wp-json\/wp\/v2\/comments?post=745"}],"version-history":[{"count":3,"href":"https:\/\/agora.xtec.cat\/cfapegaso\/wp-json\/wp\/v2\/posts\/745\/revisions"}],"predecessor-version":[{"id":752,"href":"https:\/\/agora.xtec.cat\/cfapegaso\/wp-json\/wp\/v2\/posts\/745\/revisions\/752"}],"wp:attachment":[{"href":"https:\/\/agora.xtec.cat\/cfapegaso\/wp-json\/wp\/v2\/media?parent=745"}],"wp:term":[{"taxonomy":"category","embeddable":true,"href":"https:\/\/agora.xtec.cat\/cfapegaso\/wp-json\/wp\/v2\/categories?post=745"},{"taxonomy":"post_tag","embeddable":true,"href":"https:\/\/agora.xtec.cat\/cfapegaso\/wp-json\/wp\/v2\/tags?post=745"}],"curies":[{"name":"wp","href":"https:\/\/api.w.org\/{rel}","templated":true}]}}