{"id":2931,"date":"2021-11-27T22:27:58","date_gmt":"2021-11-27T21:27:58","guid":{"rendered":"https:\/\/agora.xtec.cat\/cfapegaso\/?p=2931"},"modified":"2021-11-27T22:37:09","modified_gmt":"2021-11-27T21:37:09","slug":"25n","status":"publish","type":"post","link":"https:\/\/agora.xtec.cat\/cfapegaso\/tauler-de-publicacions\/25n\/","title":{"rendered":"25N"},"content":{"rendered":"<p>&nbsp;<\/p>\n<p style=\"text-align: center;\"><a href=\"https:\/\/agora.xtec.cat\/cfapegaso\/wp-content\/uploads\/usu1523\/2021\/11\/cartell-25N.jpg\"><img loading=\"lazy\" decoding=\"async\" class=\"alignnone size-full wp-image-2940\" src=\"https:\/\/agora.xtec.cat\/cfapegaso\/wp-content\/uploads\/usu1523\/2021\/11\/cartell-25N.jpg\" alt=\"\" width=\"225\" height=\"225\" srcset=\"https:\/\/agora.xtec.cat\/cfapegaso\/wp-content\/uploads\/usu1523\/2021\/11\/cartell-25N.jpg 225w, https:\/\/agora.xtec.cat\/cfapegaso\/wp-content\/uploads\/usu1523\/2021\/11\/cartell-25N-150x150.jpg 150w\" sizes=\"auto, (max-width: 225px) 100vw, 225px\" \/><\/a><\/p>\n<h6 style=\"text-align: center;\"><span style=\"color: #000000;\">L&#8217;escola ha fet la seva aportaci\u00f3 a la lluita contra la <strong>VIOL\u00c8NCIA MASCLISTA\u00a0<\/strong> del 25 N amb diverses activitats per donar visibilitat, sensibilitzar i denunciar aquesta xacra social.<\/span><\/h6>\n<ul>\n<li>\n<h6><span style=\"color: #000000;\">Exposici\u00f3 de done<\/span>s <a href=\"https:\/\/agora.xtec.cat\/cfapegaso\/wp-content\/uploads\/usu1523\/2021\/11\/fotos-expo.pdf\">fotoperiodistes<\/a> <span style=\"color: #000000;\">de l&#8217;Institut Catal\u00e0 de la Dona<\/span><\/h6>\n<\/li>\n<li>\n<h6>X<span style=\"color: #000000;\">errada del Mossos d&#8217;Esquadra<\/span><\/h6>\n<\/li>\n<li>\n<h6><span style=\"color: #000000;\"><a style=\"color: #000000;\" href=\"https:\/\/soundcloud.com\/user-904212844\/sets\/el-si-de-las-ninas?si=c87566a350a449d2832efc44121d6623\">Lectura dramatitzada<\/a> de l&#8217;alumnat de <a style=\"color: #000000;\" href=\"https:\/\/agora.xtec.cat\/cfapegaso\/wp-content\/uploads\/usu1523\/2021\/11\/2-ges-2T-scaled.jpg\">GES II<\/a> Tarda de la com\u00e8dia cr\u00edtica\u00a0 &#8220;El s\u00ed de las ni\u00f1as&#8221; escrita per Leandro Fern\u00e1ndez de Morat\u00edn. L&#8217;autor critica la manca de llibertat que tenien les joves en aquella \u00e8poca a Espanya, que eren casades amb homes que no estimaven i en molts casos, molt m\u00e9s grans que elles.<\/span><\/h6>\n<\/li>\n<\/ul>\n<h6><\/h6>\n<h6><\/h6>\n","protected":false},"excerpt":{"rendered":"<p>&nbsp; L&#8217;escola ha fet la seva aportaci\u00f3 a la lluita contra la VIOL\u00c8NCIA MASCLISTA\u00a0 del 25 N amb diverses activitats per donar visibilitat, sensibilitzar i denunciar aquesta xacra social. Exposici\u00f3 de dones fotoperiodistes de l&#8217;Institut Catal\u00e0 de la Dona Xerrada del Mossos d&#8217;Esquadra Lectura dramatitzada de l&#8217;alumnat de GES II Tarda de la com\u00e8dia cr\u00edtica\u00a0 [&hellip;]<\/p>\n","protected":false},"author":1,"featured_media":0,"comment_status":"closed","ping_status":"closed","sticky":false,"template":"","format":"standard","meta":{"_bbp_topic_count":0,"_bbp_reply_count":0,"_bbp_total_topic_count":0,"_bbp_total_reply_count":0,"_bbp_voice_count":0,"_bbp_anonymous_reply_count":0,"_bbp_topic_count_hidden":0,"_bbp_reply_count_hidden":0,"_bbp_forum_subforum_count":0,"site-sidebar-layout":"default","site-content-layout":"","ast-site-content-layout":"","site-content-style":"default","site-sidebar-style":"default","ast-global-header-display":"","ast-banner-title-visibility":"","ast-main-header-display":"","ast-hfb-above-header-display":"","ast-hfb-below-header-display":"","ast-hfb-mobile-header-display":"","site-post-title":"","ast-breadcrumbs-content":"","ast-featured-img":"","footer-sml-layout":"","theme-transparent-header-meta":"","adv-header-id-meta":"","stick-header-meta":"","header-above-stick-meta":"","header-main-stick-meta":"","header-below-stick-meta":"","astra-migrate-meta-layouts":"default","ast-page-background-enabled":"default","ast-page-background-meta":{"desktop":{"background-color":"var(--ast-global-color-4)","background-image":"","background-repeat":"repeat","background-position":"center center","background-size":"auto","background-attachment":"scroll","background-type":"","background-media":"","overlay-type":"","overlay-color":"","overlay-opacity":"","overlay-gradient":""},"tablet":{"background-color":"","background-image":"","background-repeat":"repeat","background-position":"center center","background-size":"auto","background-attachment":"scroll","background-type":"","background-media":"","overlay-type":"","overlay-color":"","overlay-opacity":"","overlay-gradient":""},"mobile":{"background-color":"","background-image":"","background-repeat":"repeat","background-position":"center center","background-size":"auto","background-attachment":"scroll","background-type":"","background-media":"","overlay-type":"","overlay-color":"","overlay-opacity":"","overlay-gradient":""}},"ast-content-background-meta":{"desktop":{"background-color":"var(--ast-global-color-5)","background-image":"","background-repeat":"repeat","background-position":"center center","background-size":"auto","background-attachment":"scroll","background-type":"","background-media":"","overlay-type":"","overlay-color":"","overlay-opacity":"","overlay-gradient":""},"tablet":{"background-color":"var(--ast-global-color-5)","background-image":"","background-repeat":"repeat","background-position":"center center","background-size":"auto","background-attachment":"scroll","background-type":"","background-media":"","overlay-type":"","overlay-color":"","overlay-opacity":"","overlay-gradient":""},"mobile":{"background-color":"var(--ast-global-color-5)","background-image":"","background-repeat":"repeat","background-position":"center center","background-size":"auto","background-attachment":"scroll","background-type":"","background-media":"","overlay-type":"","overlay-color":"","overlay-opacity":"","overlay-gradient":""}},"footnotes":""},"categories":[1],"tags":[],"class_list":["post-2931","post","type-post","status-publish","format-standard","hentry","category-tauler-de-publicacions"],"post_mailing_queue_ids":[],"_links":{"self":[{"href":"https:\/\/agora.xtec.cat\/cfapegaso\/wp-json\/wp\/v2\/posts\/2931","targetHints":{"allow":["GET"]}}],"collection":[{"href":"https:\/\/agora.xtec.cat\/cfapegaso\/wp-json\/wp\/v2\/posts"}],"about":[{"href":"https:\/\/agora.xtec.cat\/cfapegaso\/wp-json\/wp\/v2\/types\/post"}],"author":[{"embeddable":true,"href":"https:\/\/agora.xtec.cat\/cfapegaso\/wp-json\/wp\/v2\/users\/1"}],"replies":[{"embeddable":true,"href":"https:\/\/agora.xtec.cat\/cfapegaso\/wp-json\/wp\/v2\/comments?post=2931"}],"version-history":[{"count":3,"href":"https:\/\/agora.xtec.cat\/cfapegaso\/wp-json\/wp\/v2\/posts\/2931\/revisions"}],"predecessor-version":[{"id":2942,"href":"https:\/\/agora.xtec.cat\/cfapegaso\/wp-json\/wp\/v2\/posts\/2931\/revisions\/2942"}],"wp:attachment":[{"href":"https:\/\/agora.xtec.cat\/cfapegaso\/wp-json\/wp\/v2\/media?parent=2931"}],"wp:term":[{"taxonomy":"category","embeddable":true,"href":"https:\/\/agora.xtec.cat\/cfapegaso\/wp-json\/wp\/v2\/categories?post=2931"},{"taxonomy":"post_tag","embeddable":true,"href":"https:\/\/agora.xtec.cat\/cfapegaso\/wp-json\/wp\/v2\/tags?post=2931"}],"curies":[{"name":"wp","href":"https:\/\/api.w.org\/{rel}","templated":true}]}}