{"id":1166,"date":"2020-03-19T09:00:14","date_gmt":"2020-03-19T08:00:14","guid":{"rendered":"https:\/\/agora.xtec.cat\/cfamollerussa\/?p=1166"},"modified":"2020-03-05T11:24:47","modified_gmt":"2020-03-05T10:24:47","slug":"un-muntatge-per-fer-mes-viu-laprenentatge","status":"publish","type":"post","link":"https:\/\/agora.xtec.cat\/cfamollerussa\/portada\/un-muntatge-per-fer-mes-viu-laprenentatge\/","title":{"rendered":"Un muntatge per fer m\u00e9s viu l&#8217;aprenentatge&#8230;"},"content":{"rendered":"<p>Aquest trimestre els alumnes del <a href=\"https:\/\/www.youtube.com\/user\/CFAMollerussa\">Competic3<\/a> de la tarda estaven fent la compet\u00e8ncia C5 (Tractament de la informaci\u00f3 gr\u00e0fica, sonora i de la imatge en moviment).<\/p>\n<p>Per contextualitzar aquest aprenentatge i fer-lo m\u00e9s competencial i proper, s&#8217;ha realitzat un projecte que no nom\u00e9s donava un aprenentatge del C5 sin\u00f3 que tamb\u00e9 es troba dins del projecte transversal que fomenta el coneixement de la nostra ciutat.<\/p>\n<p>Mireu el resultat:<\/p>\n<p style=\"text-align: center;\"><iframe loading=\"lazy\" src=\"\/\/www.youtube.com\/embed\/yYHxv1-tmqg\" width=\"560\" height=\"314\"><\/iframe><\/p>\n<p>Pots veure m\u00e9s v\u00eddeos al canal de <a href=\"https:\/\/www.youtube.com\/user\/CFAMollerussa\">youtube<\/a> del nostre centre.<\/p>\n<hr \/>\n<p style=\"text-align: right;\">Segueix-nos a: <a href=\"http:\/\/twitter.com\/CfaMollerussa\" target=\"_blank\" rel=\"noopener noreferrer\"><img loading=\"lazy\" decoding=\"async\" src=\"https:\/\/lh6.googleusercontent.com\/--aIk2uBwEKM\/T3nN1x09jBI\/AAAAAAAAAs8\/qzDsbw3kEm8\/s32\/twitter32.png\" alt=\"Segueix-nos a Twitter\" width=\"32\" height=\"32\" \/><\/a> <a href=\"http:\/\/www.facebook.com\/CFAMOLLERUSSA\" target=\"_blank\" rel=\"noopener noreferrer\"><img loading=\"lazy\" decoding=\"async\" src=\"https:\/\/lh6.googleusercontent.com\/-CYt37hfDnQ8\/T3nNydojf_I\/AAAAAAAAAr0\/P5OtlZxV4rk\/s32\/facebook32.png\" alt=\"Segueix-nos a facebook\" width=\"32\" height=\"32\" \/><\/a> <a href=\"https:\/\/www.youtube.com\/playlist?list=PLFf7axL8agOATdEcu4f0GB8tVcNOvY2NC\" target=\"_blank\" rel=\"noopener noreferrer\"><img loading=\"lazy\" decoding=\"async\" src=\"https:\/\/lh5.googleusercontent.com\/-TXzlKCbKzWs\/T6mYkDhTXyI\/AAAAAAAAA1U\/vm95Q2KwrYg\/s32\/youtube32.png\" alt=\"Segueix-nos a youtube\" width=\"32\" height=\"32\" \/><\/a><a href=\"https:\/\/www.instagram.com\/cfamollerussa\/\" target=\"_blank\" rel=\"noopener noreferrer\"><img loading=\"lazy\" decoding=\"async\" src=\"https:\/\/lh5.googleusercontent.com\/-vBqtz2iv2BE\/UIqE3LQyFMI\/AAAAAAAABgA\/TJ4W-vIBjsc\/s32\/instagram32.png\" alt=\"Segueix-nos a instagram\" width=\"32\" height=\"32\" \/><\/a><\/p>\n<hr \/>\n","protected":false},"excerpt":{"rendered":"<p>Coneixes Mollerussa?&hellip;  <a href=\"https:\/\/agora.xtec.cat\/cfamollerussa\/portada\/un-muntatge-per-fer-mes-viu-laprenentatge\/\" title=\"Read Un muntatge per fer m\u00e9s viu l&#8217;aprenentatge&#8230;\">Llegeix m\u00e9s\u00bb<\/a><\/p>\n","protected":false},"author":1,"featured_media":1121,"comment_status":"open","ping_status":"closed","sticky":false,"template":"","format":"standard","meta":{"_bbp_topic_count":0,"_bbp_reply_count":0,"_bbp_total_topic_count":0,"_bbp_total_reply_count":0,"_bbp_voice_count":0,"_bbp_anonymous_reply_count":0,"_bbp_topic_count_hidden":0,"_bbp_reply_count_hidden":0,"_bbp_forum_subforum_count":0,"footnotes":""},"categories":[81,29],"tags":[],"class_list":["post-1166","post","type-post","status-publish","format-standard","has-post-thumbnail","hentry","category-informatica","category-portada"],"post_mailing_queue_ids":[],"_links":{"self":[{"href":"https:\/\/agora.xtec.cat\/cfamollerussa\/wp-json\/wp\/v2\/posts\/1166","targetHints":{"allow":["GET"]}}],"collection":[{"href":"https:\/\/agora.xtec.cat\/cfamollerussa\/wp-json\/wp\/v2\/posts"}],"about":[{"href":"https:\/\/agora.xtec.cat\/cfamollerussa\/wp-json\/wp\/v2\/types\/post"}],"author":[{"embeddable":true,"href":"https:\/\/agora.xtec.cat\/cfamollerussa\/wp-json\/wp\/v2\/users\/1"}],"replies":[{"embeddable":true,"href":"https:\/\/agora.xtec.cat\/cfamollerussa\/wp-json\/wp\/v2\/comments?post=1166"}],"version-history":[{"count":3,"href":"https:\/\/agora.xtec.cat\/cfamollerussa\/wp-json\/wp\/v2\/posts\/1166\/revisions"}],"predecessor-version":[{"id":1192,"href":"https:\/\/agora.xtec.cat\/cfamollerussa\/wp-json\/wp\/v2\/posts\/1166\/revisions\/1192"}],"wp:featuredmedia":[{"embeddable":true,"href":"https:\/\/agora.xtec.cat\/cfamollerussa\/wp-json\/wp\/v2\/media\/1121"}],"wp:attachment":[{"href":"https:\/\/agora.xtec.cat\/cfamollerussa\/wp-json\/wp\/v2\/media?parent=1166"}],"wp:term":[{"taxonomy":"category","embeddable":true,"href":"https:\/\/agora.xtec.cat\/cfamollerussa\/wp-json\/wp\/v2\/categories?post=1166"},{"taxonomy":"post_tag","embeddable":true,"href":"https:\/\/agora.xtec.cat\/cfamollerussa\/wp-json\/wp\/v2\/tags?post=1166"}],"curies":[{"name":"wp","href":"https:\/\/api.w.org\/{rel}","templated":true}]}}