{"id":1107,"date":"2020-02-04T08:00:18","date_gmt":"2020-02-04T07:00:18","guid":{"rendered":"https:\/\/agora.xtec.cat\/cfamollerussa\/?p=1107"},"modified":"2020-02-04T14:33:20","modified_gmt":"2020-02-04T13:33:20","slug":"el-canal-durgell-una-obra-cabdal-per-les-nostres-terres","status":"publish","type":"post","link":"https:\/\/agora.xtec.cat\/cfamollerussa\/portada\/el-canal-durgell-una-obra-cabdal-per-les-nostres-terres\/","title":{"rendered":"El canal d&#8217;Urgell, una obra &#8220;cabdal&#8221; per les nostres terres!"},"content":{"rendered":"<p>El dijous passat, 30 de gener del 2020, tots els nostres alumnes del GES van anar a la visita de la casa Canal de la nostra poblaci\u00f3. All\u00e0 hi ha una exposici\u00f3 permanent i interactiva que ens explica la creaci\u00f3 de tota la xarxa h\u00eddrica de les nostres terres.<\/p>\n<p>Els alumnes van sortir molt contents de l&#8217;experi\u00e8ncia, puix vam respondre molts dubtes i vam aprendre moltes curiositats que desconeix\u00edem.<\/p>\n<p>Us aconsellem a passar-vos algun dia a visitar-la!<\/p>\n<figure class=\"figure wp-caption aligncenter\"><a href=\"https:\/\/agora.xtec.cat\/cfamollerussa\/wp-content\/uploads\/usu345\/2020\/02\/2020-01-30-CasaCanal-35.jpg\"><img loading=\"lazy\" decoding=\"async\" class=\" wp-image-1109\" src=\"https:\/\/agora.xtec.cat\/cfamollerussa\/wp-content\/uploads\/usu345\/2020\/02\/2020-01-30-CasaCanal-35-1024x768.jpg\" alt=\"\" width=\"734\" height=\"550\" srcset=\"https:\/\/agora.xtec.cat\/cfamollerussa\/wp-content\/uploads\/usu345\/2020\/02\/2020-01-30-CasaCanal-35-1024x768.jpg 1024w, https:\/\/agora.xtec.cat\/cfamollerussa\/wp-content\/uploads\/usu345\/2020\/02\/2020-01-30-CasaCanal-35-300x225.jpg 300w, https:\/\/agora.xtec.cat\/cfamollerussa\/wp-content\/uploads\/usu345\/2020\/02\/2020-01-30-CasaCanal-35-768x576.jpg 768w, https:\/\/agora.xtec.cat\/cfamollerussa\/wp-content\/uploads\/usu345\/2020\/02\/2020-01-30-CasaCanal-35-200x150.jpg 200w\" sizes=\"auto, (max-width: 734px) 100vw, 734px\" \/><\/a><figcaption class=\"wp-caption-text\">Exif_JPEG_420<\/figcaption><\/figure>\n<p><a href=\"https:\/\/drive.google.com\/open?id=1wWWqO5PkHlN2ESt4zfM-M87O3eMF_EUB\">(m\u00e9s fotografies)<\/a><\/p>\n<table class=\" aligncenter\">\n<tbody>\n<tr>\n<td>\n<p><figure class=\"figure wp-caption alignnone\"><a href=\"https:\/\/agora.xtec.cat\/cfamollerussa\/wp-content\/uploads\/usu345\/2020\/02\/2020-01-30-CasaCanal-19.jpg\"><img loading=\"lazy\" decoding=\"async\" class=\" wp-image-1111\" src=\"https:\/\/agora.xtec.cat\/cfamollerussa\/wp-content\/uploads\/usu345\/2020\/02\/2020-01-30-CasaCanal-19-1024x768.jpg\" alt=\"\" width=\"281\" height=\"211\" srcset=\"https:\/\/agora.xtec.cat\/cfamollerussa\/wp-content\/uploads\/usu345\/2020\/02\/2020-01-30-CasaCanal-19-1024x768.jpg 1024w, https:\/\/agora.xtec.cat\/cfamollerussa\/wp-content\/uploads\/usu345\/2020\/02\/2020-01-30-CasaCanal-19-300x225.jpg 300w, https:\/\/agora.xtec.cat\/cfamollerussa\/wp-content\/uploads\/usu345\/2020\/02\/2020-01-30-CasaCanal-19-768x576.jpg 768w, https:\/\/agora.xtec.cat\/cfamollerussa\/wp-content\/uploads\/usu345\/2020\/02\/2020-01-30-CasaCanal-19-200x150.jpg 200w\" sizes=\"auto, (max-width: 281px) 100vw, 281px\" \/><\/a><figcaption class=\"wp-caption-text\">Exif_JPEG_420<\/figcaption><\/figure><\/td>\n<td>\n<p><figure class=\"figure wp-caption aligncenter\"><a href=\"https:\/\/agora.xtec.cat\/cfamollerussa\/wp-content\/uploads\/usu345\/2020\/02\/2020-01-30-CasaCanal-2.jpg\"><img loading=\"lazy\" decoding=\"async\" class=\" wp-image-1116\" src=\"https:\/\/agora.xtec.cat\/cfamollerussa\/wp-content\/uploads\/usu345\/2020\/02\/2020-01-30-CasaCanal-2-1024x768.jpg\" alt=\"\" width=\"279\" height=\"209\" srcset=\"https:\/\/agora.xtec.cat\/cfamollerussa\/wp-content\/uploads\/usu345\/2020\/02\/2020-01-30-CasaCanal-2-1024x768.jpg 1024w, https:\/\/agora.xtec.cat\/cfamollerussa\/wp-content\/uploads\/usu345\/2020\/02\/2020-01-30-CasaCanal-2-300x225.jpg 300w, https:\/\/agora.xtec.cat\/cfamollerussa\/wp-content\/uploads\/usu345\/2020\/02\/2020-01-30-CasaCanal-2-768x576.jpg 768w, https:\/\/agora.xtec.cat\/cfamollerussa\/wp-content\/uploads\/usu345\/2020\/02\/2020-01-30-CasaCanal-2-200x150.jpg 200w\" sizes=\"auto, (max-width: 279px) 100vw, 279px\" \/><\/a><figcaption class=\"wp-caption-text\">Exif_JPEG_420<\/figcaption><\/figure><\/td>\n<td>\n<p><figure class=\"figure wp-caption alignnone\"><a href=\"https:\/\/agora.xtec.cat\/cfamollerussa\/wp-content\/uploads\/usu345\/2020\/02\/2020-01-30-CasaCanal-23.jpg\"><img loading=\"lazy\" decoding=\"async\" class=\" wp-image-1117\" src=\"https:\/\/agora.xtec.cat\/cfamollerussa\/wp-content\/uploads\/usu345\/2020\/02\/2020-01-30-CasaCanal-23-1024x768.jpg\" alt=\"\" width=\"271\" height=\"203\" srcset=\"https:\/\/agora.xtec.cat\/cfamollerussa\/wp-content\/uploads\/usu345\/2020\/02\/2020-01-30-CasaCanal-23-1024x768.jpg 1024w, https:\/\/agora.xtec.cat\/cfamollerussa\/wp-content\/uploads\/usu345\/2020\/02\/2020-01-30-CasaCanal-23-300x225.jpg 300w, https:\/\/agora.xtec.cat\/cfamollerussa\/wp-content\/uploads\/usu345\/2020\/02\/2020-01-30-CasaCanal-23-768x576.jpg 768w, https:\/\/agora.xtec.cat\/cfamollerussa\/wp-content\/uploads\/usu345\/2020\/02\/2020-01-30-CasaCanal-23-200x150.jpg 200w\" sizes=\"auto, (max-width: 271px) 100vw, 271px\" \/><\/a><figcaption class=\"wp-caption-text\">Exif_JPEG_420<\/figcaption><\/figure><\/td>\n<\/tr>\n<\/tbody>\n<\/table>\n<hr \/>\n<p style=\"text-align: right;\">Segueix-nos a: <a href=\"http:\/\/twitter.com\/CfaMollerussa\" target=\"_blank\" rel=\"noopener noreferrer\"><img loading=\"lazy\" decoding=\"async\" src=\"https:\/\/lh6.googleusercontent.com\/--aIk2uBwEKM\/T3nN1x09jBI\/AAAAAAAAAs8\/qzDsbw3kEm8\/s32\/twitter32.png\" alt=\"Segueix-nos a Twitter\" width=\"32\" height=\"32\" \/><\/a> <a href=\"http:\/\/www.facebook.com\/CFAMOLLERUSSA\" target=\"_blank\" rel=\"noopener noreferrer\"><img loading=\"lazy\" decoding=\"async\" src=\"https:\/\/lh6.googleusercontent.com\/-CYt37hfDnQ8\/T3nNydojf_I\/AAAAAAAAAr0\/P5OtlZxV4rk\/s32\/facebook32.png\" alt=\"Segueix-nos a facebook\" width=\"32\" height=\"32\" \/><\/a> <a href=\"https:\/\/www.youtube.com\/playlist?list=PLFf7axL8agOATdEcu4f0GB8tVcNOvY2NC\" target=\"_blank\" rel=\"noopener noreferrer\"><img loading=\"lazy\" decoding=\"async\" src=\"https:\/\/lh5.googleusercontent.com\/-TXzlKCbKzWs\/T6mYkDhTXyI\/AAAAAAAAA1U\/vm95Q2KwrYg\/s32\/youtube32.png\" alt=\"Segueix-nos a youtube\" width=\"32\" height=\"32\" \/><\/a><a href=\"https:\/\/www.instagram.com\/cfamollerussa\/\" target=\"_blank\" rel=\"noopener noreferrer\"><img loading=\"lazy\" decoding=\"async\" src=\"https:\/\/lh5.googleusercontent.com\/-vBqtz2iv2BE\/UIqE3LQyFMI\/AAAAAAAABgA\/TJ4W-vIBjsc\/s32\/instagram32.png\" alt=\"Segueix-nos a instagram\" width=\"32\" height=\"32\" \/><\/a><\/p>\n<hr \/>\n","protected":false},"excerpt":{"rendered":"<p>Casa Canal &#8211; Una visita molt interessant&hellip;  <a href=\"https:\/\/agora.xtec.cat\/cfamollerussa\/portada\/el-canal-durgell-una-obra-cabdal-per-les-nostres-terres\/\" title=\"Read El canal d&#8217;Urgell, una obra &#8220;cabdal&#8221; per les nostres terres!\">Llegeix m\u00e9s\u00bb<\/a><\/p>\n","protected":false},"author":1,"featured_media":1109,"comment_status":"open","ping_status":"closed","sticky":false,"template":"","format":"standard","meta":{"_bbp_topic_count":0,"_bbp_reply_count":0,"_bbp_total_topic_count":0,"_bbp_total_reply_count":0,"_bbp_voice_count":0,"_bbp_anonymous_reply_count":0,"_bbp_topic_count_hidden":0,"_bbp_reply_count_hidden":0,"_bbp_forum_subforum_count":0,"footnotes":""},"categories":[86,29],"tags":[],"class_list":["post-1107","post","type-post","status-publish","format-standard","has-post-thumbnail","hentry","category-ges","category-portada"],"post_mailing_queue_ids":[],"_links":{"self":[{"href":"https:\/\/agora.xtec.cat\/cfamollerussa\/wp-json\/wp\/v2\/posts\/1107","targetHints":{"allow":["GET"]}}],"collection":[{"href":"https:\/\/agora.xtec.cat\/cfamollerussa\/wp-json\/wp\/v2\/posts"}],"about":[{"href":"https:\/\/agora.xtec.cat\/cfamollerussa\/wp-json\/wp\/v2\/types\/post"}],"author":[{"embeddable":true,"href":"https:\/\/agora.xtec.cat\/cfamollerussa\/wp-json\/wp\/v2\/users\/1"}],"replies":[{"embeddable":true,"href":"https:\/\/agora.xtec.cat\/cfamollerussa\/wp-json\/wp\/v2\/comments?post=1107"}],"version-history":[{"count":1,"href":"https:\/\/agora.xtec.cat\/cfamollerussa\/wp-json\/wp\/v2\/posts\/1107\/revisions"}],"predecessor-version":[{"id":1119,"href":"https:\/\/agora.xtec.cat\/cfamollerussa\/wp-json\/wp\/v2\/posts\/1107\/revisions\/1119"}],"wp:featuredmedia":[{"embeddable":true,"href":"https:\/\/agora.xtec.cat\/cfamollerussa\/wp-json\/wp\/v2\/media\/1109"}],"wp:attachment":[{"href":"https:\/\/agora.xtec.cat\/cfamollerussa\/wp-json\/wp\/v2\/media?parent=1107"}],"wp:term":[{"taxonomy":"category","embeddable":true,"href":"https:\/\/agora.xtec.cat\/cfamollerussa\/wp-json\/wp\/v2\/categories?post=1107"},{"taxonomy":"post_tag","embeddable":true,"href":"https:\/\/agora.xtec.cat\/cfamollerussa\/wp-json\/wp\/v2\/tags?post=1107"}],"curies":[{"name":"wp","href":"https:\/\/api.w.org\/{rel}","templated":true}]}}