{"id":751,"date":"2016-07-13T13:15:44","date_gmt":"2016-07-13T12:15:44","guid":{"rendered":"http:\/\/agora.xtec.cat\/cfalaverneda\/?p=751"},"modified":"2025-06-26T19:01:29","modified_gmt":"2025-06-26T17:01:29","slug":"matricula-al-cfa-la-verneda","status":"publish","type":"post","link":"https:\/\/agora.xtec.cat\/cfalaverneda\/portada\/matricula-al-cfa-la-verneda\/","title":{"rendered":"Sortida a la Fageda d&#8217;en Jord\u00e0"},"content":{"rendered":"<p><a href=\"http:\/\/agora.xtec.cat\/cfalaverneda\/wp-content\/uploads\/usu1193\/2016\/07\/la-fageda-d-en-jorda.jpg\"><img loading=\"lazy\" decoding=\"async\" class=\"size-full wp-image-827 alignleft\" src=\"http:\/\/agora.xtec.cat\/cfalaverneda\/wp-content\/uploads\/usu1193\/2016\/07\/la-fageda-d-en-jorda.jpg\" alt=\"la-fageda-d-en-jorda\" width=\"550\" height=\"412\" srcset=\"https:\/\/agora.xtec.cat\/cfalaverneda\/wp-content\/uploads\/usu1193\/2016\/07\/la-fageda-d-en-jorda.jpg 550w, https:\/\/agora.xtec.cat\/cfalaverneda\/wp-content\/uploads\/usu1193\/2016\/07\/la-fageda-d-en-jorda-300x225.jpg 300w, https:\/\/agora.xtec.cat\/cfalaverneda\/wp-content\/uploads\/usu1193\/2016\/07\/la-fageda-d-en-jorda-200x150.jpg 200w\" sizes=\"auto, (max-width: 550px) 100vw, 550px\" \/><\/a><\/p>\n<p>Preu 5 \u20ac.\u00a0\u00a0\u00a0 APUNTAT A SECRETARIA\u00a0\u00a0 10 NOV. A LES 8:00<\/p>\n<p>El proper 10 de novembre el CFA La Verneda surt per visitar la granja de La Fageda, fer un llarg passeig pel bosc que va cantar Joan Maragall i un dinar de germanor:<\/p>\n<p><a href=\"https:\/\/drive.google.com\/open?id=0Bw0bwYvQbo61ZlJ2UmRiNXBMODA\" target=\"_blank\" rel=\"noopener\">INFORMACI\u00d3 SORTIDA<\/a><\/p>\n<p>Saps on \u00e9s la fageda d&#8217;en Jord\u00e0 ?<\/p>\n<p>Si vas pels volts d&#8217;Olot, amunt del pla,<\/p>\n<p>trobar\u00e0s un indret verd i pregon<\/p>\n<p>com mai m\u00e9s n&#8217;hagis trobat al m\u00f3n:<\/p>\n<p>un verd com d&#8217;aigua endins, pregon i clar;<\/p>\n<p>el verd de la fageda d&#8217;en Jord\u00e0.<\/p>\n<p>El caminant, quan entra en aquest lloc,<\/p>\n<p>comen\u00e7a a caminar-hi poc a poc;<\/p>\n<p>compta els seus passos en la gran quietud<\/p>\n<p>s&#8217;atura, i no sent res, i est\u00e0 perdut.<\/p>\n<p>Li agafa un dol\u00e7 oblit de tot el m\u00f3n<\/p>\n<p>en el silenci d&#8217;aquell lloc pregon,<\/p>\n<p>i no pensa en sortir o hi pensa en va:<\/p>\n<p>\u00e9s pres de la fageda d&#8217;en Jord\u00e0,<\/p>\n<p>presoner del silenci i la verdor.<\/p>\n<p>Oh companyia! Oh deslliurant pres\u00f3!<\/p>\n<p>Joan Maragall<\/p>\n","protected":false},"excerpt":{"rendered":"<p>Preu 5 \u20ac.\u00a0\u00a0\u00a0 APUNTAT A SECRETARIA\u00a0\u00a0 10 NOV. A LES 8:00 El proper 10 de novembre el CFA La Verneda surt per visitar la granja de La Fageda, fer un llarg passeig pel bosc que va cantar Joan Maragall i un dinar de germanor: INFORMACI\u00d3 SORTIDA Saps on \u00e9s la fageda d&#8217;en Jord\u00e0 ? Si [&hellip;]<\/p>\n","protected":false},"author":1,"featured_media":827,"comment_status":"open","ping_status":"open","sticky":false,"template":"","format":"standard","meta":{"_bbp_topic_count":0,"_bbp_reply_count":0,"_bbp_total_topic_count":0,"_bbp_total_reply_count":0,"_bbp_voice_count":0,"_bbp_anonymous_reply_count":0,"_bbp_topic_count_hidden":0,"_bbp_reply_count_hidden":0,"_bbp_forum_subforum_count":0,"site-sidebar-layout":"default","site-content-layout":"","ast-site-content-layout":"","site-content-style":"default","site-sidebar-style":"default","ast-global-header-display":"","ast-banner-title-visibility":"","ast-main-header-display":"","ast-hfb-above-header-display":"","ast-hfb-below-header-display":"","ast-hfb-mobile-header-display":"","site-post-title":"","ast-breadcrumbs-content":"","ast-featured-img":"","footer-sml-layout":"","theme-transparent-header-meta":"","adv-header-id-meta":"","stick-header-meta":"","header-above-stick-meta":"","header-main-stick-meta":"","header-below-stick-meta":"","astra-migrate-meta-layouts":"default","ast-page-background-enabled":"default","ast-page-background-meta":{"desktop":{"background-color":"var(--ast-global-color-4)","background-image":"","background-repeat":"repeat","background-position":"center center","background-size":"auto","background-attachment":"scroll","background-type":"","background-media":"","overlay-type":"","overlay-color":"","overlay-opacity":"","overlay-gradient":""},"tablet":{"background-color":"","background-image":"","background-repeat":"repeat","background-position":"center center","background-size":"auto","background-attachment":"scroll","background-type":"","background-media":"","overlay-type":"","overlay-color":"","overlay-opacity":"","overlay-gradient":""},"mobile":{"background-color":"","background-image":"","background-repeat":"repeat","background-position":"center center","background-size":"auto","background-attachment":"scroll","background-type":"","background-media":"","overlay-type":"","overlay-color":"","overlay-opacity":"","overlay-gradient":""}},"ast-content-background-meta":{"desktop":{"background-color":"var(--ast-global-color-5)","background-image":"","background-repeat":"repeat","background-position":"center center","background-size":"auto","background-attachment":"scroll","background-type":"","background-media":"","overlay-type":"","overlay-color":"","overlay-opacity":"","overlay-gradient":""},"tablet":{"background-color":"var(--ast-global-color-5)","background-image":"","background-repeat":"repeat","background-position":"center center","background-size":"auto","background-attachment":"scroll","background-type":"","background-media":"","overlay-type":"","overlay-color":"","overlay-opacity":"","overlay-gradient":""},"mobile":{"background-color":"var(--ast-global-color-5)","background-image":"","background-repeat":"repeat","background-position":"center center","background-size":"auto","background-attachment":"scroll","background-type":"","background-media":"","overlay-type":"","overlay-color":"","overlay-opacity":"","overlay-gradient":""}},"footnotes":""},"categories":[29],"tags":[],"class_list":["post-751","post","type-post","status-publish","format-standard","has-post-thumbnail","hentry","category-portada"],"post_mailing_queue_ids":[],"_links":{"self":[{"href":"https:\/\/agora.xtec.cat\/cfalaverneda\/wp-json\/wp\/v2\/posts\/751","targetHints":{"allow":["GET"]}}],"collection":[{"href":"https:\/\/agora.xtec.cat\/cfalaverneda\/wp-json\/wp\/v2\/posts"}],"about":[{"href":"https:\/\/agora.xtec.cat\/cfalaverneda\/wp-json\/wp\/v2\/types\/post"}],"author":[{"embeddable":true,"href":"https:\/\/agora.xtec.cat\/cfalaverneda\/wp-json\/wp\/v2\/users\/1"}],"replies":[{"embeddable":true,"href":"https:\/\/agora.xtec.cat\/cfalaverneda\/wp-json\/wp\/v2\/comments?post=751"}],"version-history":[{"count":4,"href":"https:\/\/agora.xtec.cat\/cfalaverneda\/wp-json\/wp\/v2\/posts\/751\/revisions"}],"predecessor-version":[{"id":2833,"href":"https:\/\/agora.xtec.cat\/cfalaverneda\/wp-json\/wp\/v2\/posts\/751\/revisions\/2833"}],"wp:featuredmedia":[{"embeddable":true,"href":"https:\/\/agora.xtec.cat\/cfalaverneda\/wp-json\/wp\/v2\/media\/827"}],"wp:attachment":[{"href":"https:\/\/agora.xtec.cat\/cfalaverneda\/wp-json\/wp\/v2\/media?parent=751"}],"wp:term":[{"taxonomy":"category","embeddable":true,"href":"https:\/\/agora.xtec.cat\/cfalaverneda\/wp-json\/wp\/v2\/categories?post=751"},{"taxonomy":"post_tag","embeddable":true,"href":"https:\/\/agora.xtec.cat\/cfalaverneda\/wp-json\/wp\/v2\/tags?post=751"}],"curies":[{"name":"wp","href":"https:\/\/api.w.org\/{rel}","templated":true}]}}