{"id":2625,"date":"2025-03-14T11:14:42","date_gmt":"2025-03-14T10:14:42","guid":{"rendered":"https:\/\/agora.xtec.cat\/cfalaverneda\/?p=2625"},"modified":"2025-03-14T18:04:17","modified_gmt":"2025-03-14T17:04:17","slug":"el-cfa-la-verneda-estrena-un-espai-polivalent-un-lloc-per-a-la-conversa-i-la-trobada","status":"publish","type":"post","link":"https:\/\/agora.xtec.cat\/cfalaverneda\/general\/el-cfa-la-verneda-estrena-un-espai-polivalent-un-lloc-per-a-la-conversa-i-la-trobada\/","title":{"rendered":"El CFA La Verneda estrena un espai polivalent: un lloc per a la conversa i la trobada"},"content":{"rendered":"<div>\n<p class=\"break-words\">El CFA La Verneda de Barcelona ha posat en marxa un nou espai polivalent dissenyat per acollir diverses activitats com ara xerrades, trobades i reunions, amb l\u2019objectiu de crear un entorn diferent i acollidor per a l\u2019alumnat i el professorat. Aquesta nova sala, equipada amb sof\u00e0s, cadires, taules rodones i un projector, s\u2019ha concebut com a un lloc vers\u00e0til i c\u00f2mode que fomenta la interacci\u00f3 i el benestar dins del centre.<\/p>\n<p class=\"break-words\">Una de les primeres iniciatives que ha donat vida a aquest espai ha estat l\u2019acollida dels grups d\u2019intercanvi de conversa en castell\u00e0, especialment pensats per a l\u2019alumnat nouvingut de l&#8217;escola. Els docents de lleng\u00fces del CFA han preparat materials espec\u00edfics per animar les converses entre els alumnes, que poden utilitzar l\u2019espai els dimarts i els dijous de 11:00 a 13:00. Aquestes sessions s\u2019han convertit en un moment clau de trobada per als alumnes dels cinc grups de castell\u00e0 de l\u2019escola, afavorint no nom\u00e9s l\u2019aprenentatge de la llengua, sin\u00f3 tamb\u00e9 la creaci\u00f3 de vincles entre els participants.<\/p>\n<p class=\"break-words\">L\u2019acollida d\u2019aquest nou espai ha estat molt positiva. Tant l\u2019alumnat com el professorat han destacat la comoditat i l\u2019ambient dist\u00e8s que ofereix, elements que faciliten la participaci\u00f3 i l\u2019intercanvi d\u2019idees. Els sof\u00e0s i les taules rodones, juntament amb la possibilitat de projectar continguts, fan que sigui un lloc ideal tant per a activitats organitzades com per a moments m\u00e9s informals de conversa.<\/p>\n<p class=\"break-words\">Aquest espai polivalent representa un pas m\u00e9s en l\u2019aposta del CFA La Verneda per oferir recursos innovadors i adaptats a les necessitats dels seus alumnes. A m\u00e9s de les sessions d\u2019intercanvi ling\u00fc\u00edstic, ja es preveu que la sala aculli properament altres activitats formatives i socials que enriqueixin la vida del centre. Des del CFA, es convida tota la comunitat educativa a fer \u00fas d\u2019aquest nou recurs i a continuar construint junts un espai d\u2019aprenentatge i conviv\u00e8ncia.<\/p>\n<p><a href=\"https:\/\/agora.xtec.cat\/cfalaverneda\/wp-content\/uploads\/usu1193\/2025\/03\/CARTEL-PRACTICA-ESPANOL.png\"><img loading=\"lazy\" decoding=\"async\" class=\"size-medium wp-image-2627 alignnone\" src=\"https:\/\/agora.xtec.cat\/cfalaverneda\/wp-content\/uploads\/usu1193\/2025\/03\/CARTEL-PRACTICA-ESPANOL-212x300.png\" alt=\"\" width=\"212\" height=\"300\" srcset=\"https:\/\/agora.xtec.cat\/cfalaverneda\/wp-content\/uploads\/usu1193\/2025\/03\/CARTEL-PRACTICA-ESPANOL-212x300.png 212w, https:\/\/agora.xtec.cat\/cfalaverneda\/wp-content\/uploads\/usu1193\/2025\/03\/CARTEL-PRACTICA-ESPANOL-724x1024.png 724w, https:\/\/agora.xtec.cat\/cfalaverneda\/wp-content\/uploads\/usu1193\/2025\/03\/CARTEL-PRACTICA-ESPANOL-768x1086.png 768w, https:\/\/agora.xtec.cat\/cfalaverneda\/wp-content\/uploads\/usu1193\/2025\/03\/CARTEL-PRACTICA-ESPANOL-1086x1536.png 1086w, https:\/\/agora.xtec.cat\/cfalaverneda\/wp-content\/uploads\/usu1193\/2025\/03\/CARTEL-PRACTICA-ESPANOL.png 1414w\" sizes=\"auto, (max-width: 212px) 100vw, 212px\" \/><\/a><a href=\"https:\/\/agora.xtec.cat\/cfalaverneda\/wp-content\/uploads\/usu1193\/2025\/03\/image0-3-rotated.jpeg\"><img loading=\"lazy\" decoding=\"async\" class=\"size-medium wp-image-2629 alignnone\" src=\"https:\/\/agora.xtec.cat\/cfalaverneda\/wp-content\/uploads\/usu1193\/2025\/03\/image0-3-225x300.jpeg\" alt=\"\" width=\"225\" height=\"300\" srcset=\"https:\/\/agora.xtec.cat\/cfalaverneda\/wp-content\/uploads\/usu1193\/2025\/03\/image0-3-225x300.jpeg 225w, https:\/\/agora.xtec.cat\/cfalaverneda\/wp-content\/uploads\/usu1193\/2025\/03\/image0-3-768x1024.jpeg 768w, https:\/\/agora.xtec.cat\/cfalaverneda\/wp-content\/uploads\/usu1193\/2025\/03\/image0-3-1152x1536.jpeg 1152w, https:\/\/agora.xtec.cat\/cfalaverneda\/wp-content\/uploads\/usu1193\/2025\/03\/image0-3-rotated.jpeg 1512w\" sizes=\"auto, (max-width: 225px) 100vw, 225px\" \/><\/a><\/p>\n<\/div>\n","protected":false},"excerpt":{"rendered":"<p>El CFA La Verneda de Barcelona ha posat en marxa un nou espai polivalent dissenyat per acollir diverses activitats com ara xerrades, trobades i reunions, amb l\u2019objectiu de crear un entorn diferent i acollidor per a l\u2019alumnat i el professorat. Aquesta nova sala, equipada amb sof\u00e0s, cadires, taules rodones i un projector, s\u2019ha concebut com [&hellip;]<\/p>\n","protected":false},"author":1,"featured_media":2629,"comment_status":"open","ping_status":"closed","sticky":false,"template":"","format":"standard","meta":{"_bbp_topic_count":0,"_bbp_reply_count":0,"_bbp_total_topic_count":0,"_bbp_total_reply_count":0,"_bbp_voice_count":0,"_bbp_anonymous_reply_count":0,"_bbp_topic_count_hidden":0,"_bbp_reply_count_hidden":0,"_bbp_forum_subforum_count":0,"site-sidebar-layout":"default","site-content-layout":"","ast-site-content-layout":"","site-content-style":"default","site-sidebar-style":"default","ast-global-header-display":"","ast-banner-title-visibility":"","ast-main-header-display":"","ast-hfb-above-header-display":"","ast-hfb-below-header-display":"","ast-hfb-mobile-header-display":"","site-post-title":"","ast-breadcrumbs-content":"","ast-featured-img":"","footer-sml-layout":"","theme-transparent-header-meta":"","adv-header-id-meta":"","stick-header-meta":"","header-above-stick-meta":"","header-main-stick-meta":"","header-below-stick-meta":"","astra-migrate-meta-layouts":"default","ast-page-background-enabled":"default","ast-page-background-meta":{"desktop":{"background-color":"var(--ast-global-color-4)","background-image":"","background-repeat":"repeat","background-position":"center center","background-size":"auto","background-attachment":"scroll","background-type":"","background-media":"","overlay-type":"","overlay-color":"","overlay-opacity":"","overlay-gradient":""},"tablet":{"background-color":"","background-image":"","background-repeat":"repeat","background-position":"center center","background-size":"auto","background-attachment":"scroll","background-type":"","background-media":"","overlay-type":"","overlay-color":"","overlay-opacity":"","overlay-gradient":""},"mobile":{"background-color":"","background-image":"","background-repeat":"repeat","background-position":"center center","background-size":"auto","background-attachment":"scroll","background-type":"","background-media":"","overlay-type":"","overlay-color":"","overlay-opacity":"","overlay-gradient":""}},"ast-content-background-meta":{"desktop":{"background-color":"var(--ast-global-color-5)","background-image":"","background-repeat":"repeat","background-position":"center center","background-size":"auto","background-attachment":"scroll","background-type":"","background-media":"","overlay-type":"","overlay-color":"","overlay-opacity":"","overlay-gradient":""},"tablet":{"background-color":"var(--ast-global-color-5)","background-image":"","background-repeat":"repeat","background-position":"center center","background-size":"auto","background-attachment":"scroll","background-type":"","background-media":"","overlay-type":"","overlay-color":"","overlay-opacity":"","overlay-gradient":""},"mobile":{"background-color":"var(--ast-global-color-5)","background-image":"","background-repeat":"repeat","background-position":"center center","background-size":"auto","background-attachment":"scroll","background-type":"","background-media":"","overlay-type":"","overlay-color":"","overlay-opacity":"","overlay-gradient":""}},"footnotes":""},"categories":[1,29,85],"tags":[],"class_list":["post-2625","post","type-post","status-publish","format-standard","has-post-thumbnail","hentry","category-general","category-portada","category-videos-i-fotos"],"post_mailing_queue_ids":[],"_links":{"self":[{"href":"https:\/\/agora.xtec.cat\/cfalaverneda\/wp-json\/wp\/v2\/posts\/2625","targetHints":{"allow":["GET"]}}],"collection":[{"href":"https:\/\/agora.xtec.cat\/cfalaverneda\/wp-json\/wp\/v2\/posts"}],"about":[{"href":"https:\/\/agora.xtec.cat\/cfalaverneda\/wp-json\/wp\/v2\/types\/post"}],"author":[{"embeddable":true,"href":"https:\/\/agora.xtec.cat\/cfalaverneda\/wp-json\/wp\/v2\/users\/1"}],"replies":[{"embeddable":true,"href":"https:\/\/agora.xtec.cat\/cfalaverneda\/wp-json\/wp\/v2\/comments?post=2625"}],"version-history":[{"count":4,"href":"https:\/\/agora.xtec.cat\/cfalaverneda\/wp-json\/wp\/v2\/posts\/2625\/revisions"}],"predecessor-version":[{"id":2632,"href":"https:\/\/agora.xtec.cat\/cfalaverneda\/wp-json\/wp\/v2\/posts\/2625\/revisions\/2632"}],"wp:featuredmedia":[{"embeddable":true,"href":"https:\/\/agora.xtec.cat\/cfalaverneda\/wp-json\/wp\/v2\/media\/2629"}],"wp:attachment":[{"href":"https:\/\/agora.xtec.cat\/cfalaverneda\/wp-json\/wp\/v2\/media?parent=2625"}],"wp:term":[{"taxonomy":"category","embeddable":true,"href":"https:\/\/agora.xtec.cat\/cfalaverneda\/wp-json\/wp\/v2\/categories?post=2625"},{"taxonomy":"post_tag","embeddable":true,"href":"https:\/\/agora.xtec.cat\/cfalaverneda\/wp-json\/wp\/v2\/tags?post=2625"}],"curies":[{"name":"wp","href":"https:\/\/api.w.org\/{rel}","templated":true}]}}