{"id":2559,"date":"2025-02-19T08:00:11","date_gmt":"2025-02-19T07:00:11","guid":{"rendered":"https:\/\/agora.xtec.cat\/cfalaverneda\/?p=2559"},"modified":"2025-02-15T18:54:32","modified_gmt":"2025-02-15T17:54:32","slug":"descobrint-el-parc-fluvial-del-besos","status":"publish","type":"post","link":"https:\/\/agora.xtec.cat\/cfalaverneda\/general\/descobrint-el-parc-fluvial-del-besos\/","title":{"rendered":"Descobrint el Parc Fluvial del Bes\u00f2s"},"content":{"rendered":"<p>El passat <strong>4 de febrer<\/strong>, dins el marc de les Jornades Culturals del curs 24-25, l\u2019alumnat del CFA La Verneda va gaudir d\u2019una enriquidora visita al <strong>Parc Fluvial del Bes\u00f2s<\/strong>. Aquesta sortida va permetre als participants con\u00e8ixer millor aquest espai natural, un exemple de recuperaci\u00f3 ambiental i sostenibilitat a l\u2019\u00e0rea metropolitana de Barcelona.<\/p>\n<p>Durant la visita, es van explorar els diferents ecosistemes que conviuen al parc, observant la flora i la fauna que hi habiten. A m\u00e9s, es va reflexionar sobre la import\u00e0ncia dels espais verds urbans per a la qualitat de vida i el medi ambient, fomentant aix\u00ed la consci\u00e8ncia ecol\u00f2gica de l\u2019alumnat.<\/p>\n<p>Aquesta activitat tamb\u00e9 va ser una gran oportunitat per fomentar la conviv\u00e8ncia i la cohesi\u00f3 entre els estudiants, ja que van compartir impressions i experi\u00e8ncies en un entorn natural i relaxant. El contacte amb la natura i l\u2019aprenentatge fora de l\u2019aula van afavorir una jornada molt enriquidora.<\/p>\n<div id='gallery-1' class='gallery galleryid-2559 gallery-columns-3 gallery-size-thumbnail'><figure class='gallery-item'>\n\t\t\t<div class='gallery-icon landscape'>\n\t\t\t\t<a href='https:\/\/agora.xtec.cat\/cfalaverneda\/general\/descobrint-el-parc-fluvial-del-besos\/attachment\/delta-1\/'><img loading=\"lazy\" decoding=\"async\" width=\"150\" height=\"150\" src=\"https:\/\/agora.xtec.cat\/cfalaverneda\/wp-content\/uploads\/usu1193\/2025\/02\/Delta-1-150x150.jpeg\" class=\"attachment-thumbnail size-thumbnail\" alt=\"\" \/><\/a>\n\t\t\t<\/div><\/figure><figure class='gallery-item'>\n\t\t\t<div class='gallery-icon portrait'>\n\t\t\t\t<a href='https:\/\/agora.xtec.cat\/cfalaverneda\/general\/descobrint-el-parc-fluvial-del-besos\/attachment\/delta-4\/'><img loading=\"lazy\" decoding=\"async\" width=\"150\" height=\"150\" src=\"https:\/\/agora.xtec.cat\/cfalaverneda\/wp-content\/uploads\/usu1193\/2025\/02\/Delta-4-150x150.jpeg\" class=\"attachment-thumbnail size-thumbnail\" alt=\"\" \/><\/a>\n\t\t\t<\/div><\/figure><figure class='gallery-item'>\n\t\t\t<div class='gallery-icon portrait'>\n\t\t\t\t<a href='https:\/\/agora.xtec.cat\/cfalaverneda\/general\/descobrint-el-parc-fluvial-del-besos\/attachment\/delta-11\/'><img loading=\"lazy\" decoding=\"async\" width=\"150\" height=\"150\" src=\"https:\/\/agora.xtec.cat\/cfalaverneda\/wp-content\/uploads\/usu1193\/2025\/02\/Delta-11-150x150.jpeg\" class=\"attachment-thumbnail size-thumbnail\" alt=\"\" \/><\/a>\n\t\t\t<\/div><\/figure><figure class='gallery-item'>\n\t\t\t<div class='gallery-icon portrait'>\n\t\t\t\t<a href='https:\/\/agora.xtec.cat\/cfalaverneda\/general\/descobrint-el-parc-fluvial-del-besos\/attachment\/delta-15\/'><img loading=\"lazy\" decoding=\"async\" width=\"150\" height=\"150\" src=\"https:\/\/agora.xtec.cat\/cfalaverneda\/wp-content\/uploads\/usu1193\/2025\/02\/Delta-15-150x150.jpeg\" class=\"attachment-thumbnail size-thumbnail\" alt=\"\" \/><\/a>\n\t\t\t<\/div><\/figure><figure class='gallery-item'>\n\t\t\t<div class='gallery-icon portrait'>\n\t\t\t\t<a href='https:\/\/agora.xtec.cat\/cfalaverneda\/general\/descobrint-el-parc-fluvial-del-besos\/attachment\/delta-14\/'><img loading=\"lazy\" decoding=\"async\" width=\"150\" height=\"150\" src=\"https:\/\/agora.xtec.cat\/cfalaverneda\/wp-content\/uploads\/usu1193\/2025\/02\/Delta-14-150x150.jpeg\" class=\"attachment-thumbnail size-thumbnail\" alt=\"\" \/><\/a>\n\t\t\t<\/div><\/figure><figure class='gallery-item'>\n\t\t\t<div class='gallery-icon portrait'>\n\t\t\t\t<a href='https:\/\/agora.xtec.cat\/cfalaverneda\/general\/descobrint-el-parc-fluvial-del-besos\/attachment\/delta-13\/'><img loading=\"lazy\" decoding=\"async\" width=\"150\" height=\"150\" src=\"https:\/\/agora.xtec.cat\/cfalaverneda\/wp-content\/uploads\/usu1193\/2025\/02\/Delta-13-150x150.jpeg\" class=\"attachment-thumbnail size-thumbnail\" alt=\"\" \/><\/a>\n\t\t\t<\/div><\/figure><figure class='gallery-item'>\n\t\t\t<div class='gallery-icon portrait'>\n\t\t\t\t<a href='https:\/\/agora.xtec.cat\/cfalaverneda\/general\/descobrint-el-parc-fluvial-del-besos\/attachment\/delta-12\/'><img loading=\"lazy\" decoding=\"async\" width=\"150\" height=\"150\" src=\"https:\/\/agora.xtec.cat\/cfalaverneda\/wp-content\/uploads\/usu1193\/2025\/02\/Delta-12-e1769945242341-150x150.jpeg\" class=\"attachment-thumbnail size-thumbnail\" alt=\"\" \/><\/a>\n\t\t\t<\/div><\/figure><figure class='gallery-item'>\n\t\t\t<div class='gallery-icon portrait'>\n\t\t\t\t<a href='https:\/\/agora.xtec.cat\/cfalaverneda\/general\/descobrint-el-parc-fluvial-del-besos\/attachment\/delta-10\/'><img loading=\"lazy\" decoding=\"async\" width=\"150\" height=\"150\" src=\"https:\/\/agora.xtec.cat\/cfalaverneda\/wp-content\/uploads\/usu1193\/2025\/02\/Delta-10-150x150.jpeg\" class=\"attachment-thumbnail size-thumbnail\" alt=\"\" \/><\/a>\n\t\t\t<\/div><\/figure><figure class='gallery-item'>\n\t\t\t<div class='gallery-icon portrait'>\n\t\t\t\t<a href='https:\/\/agora.xtec.cat\/cfalaverneda\/general\/descobrint-el-parc-fluvial-del-besos\/attachment\/delta-9\/'><img loading=\"lazy\" decoding=\"async\" width=\"150\" height=\"150\" src=\"https:\/\/agora.xtec.cat\/cfalaverneda\/wp-content\/uploads\/usu1193\/2025\/02\/Delta-9-150x150.jpeg\" class=\"attachment-thumbnail size-thumbnail\" alt=\"\" \/><\/a>\n\t\t\t<\/div><\/figure><figure class='gallery-item'>\n\t\t\t<div class='gallery-icon portrait'>\n\t\t\t\t<a href='https:\/\/agora.xtec.cat\/cfalaverneda\/general\/descobrint-el-parc-fluvial-del-besos\/attachment\/delta-8\/'><img loading=\"lazy\" decoding=\"async\" width=\"150\" height=\"150\" src=\"https:\/\/agora.xtec.cat\/cfalaverneda\/wp-content\/uploads\/usu1193\/2025\/02\/Delta-8-150x150.jpeg\" class=\"attachment-thumbnail size-thumbnail\" alt=\"\" \/><\/a>\n\t\t\t<\/div><\/figure><figure class='gallery-item'>\n\t\t\t<div class='gallery-icon portrait'>\n\t\t\t\t<a href='https:\/\/agora.xtec.cat\/cfalaverneda\/general\/descobrint-el-parc-fluvial-del-besos\/attachment\/delta-7\/'><img loading=\"lazy\" decoding=\"async\" width=\"150\" height=\"150\" src=\"https:\/\/agora.xtec.cat\/cfalaverneda\/wp-content\/uploads\/usu1193\/2025\/02\/Delta-7-150x150.jpeg\" class=\"attachment-thumbnail size-thumbnail\" alt=\"\" \/><\/a>\n\t\t\t<\/div><\/figure><figure class='gallery-item'>\n\t\t\t<div class='gallery-icon landscape'>\n\t\t\t\t<a href='https:\/\/agora.xtec.cat\/cfalaverneda\/general\/descobrint-el-parc-fluvial-del-besos\/attachment\/delta-6\/'><img loading=\"lazy\" decoding=\"async\" width=\"150\" height=\"150\" src=\"https:\/\/agora.xtec.cat\/cfalaverneda\/wp-content\/uploads\/usu1193\/2025\/02\/Delta-6-150x150.jpeg\" class=\"attachment-thumbnail size-thumbnail\" alt=\"\" \/><\/a>\n\t\t\t<\/div><\/figure><figure class='gallery-item'>\n\t\t\t<div class='gallery-icon portrait'>\n\t\t\t\t<a href='https:\/\/agora.xtec.cat\/cfalaverneda\/general\/descobrint-el-parc-fluvial-del-besos\/attachment\/delta-5\/'><img loading=\"lazy\" decoding=\"async\" width=\"150\" height=\"150\" src=\"https:\/\/agora.xtec.cat\/cfalaverneda\/wp-content\/uploads\/usu1193\/2025\/02\/Delta-5-150x150.jpeg\" class=\"attachment-thumbnail size-thumbnail\" alt=\"\" \/><\/a>\n\t\t\t<\/div><\/figure><figure class='gallery-item'>\n\t\t\t<div class='gallery-icon landscape'>\n\t\t\t\t<a href='https:\/\/agora.xtec.cat\/cfalaverneda\/general\/descobrint-el-parc-fluvial-del-besos\/attachment\/delta-3\/'><img loading=\"lazy\" decoding=\"async\" width=\"150\" height=\"150\" src=\"https:\/\/agora.xtec.cat\/cfalaverneda\/wp-content\/uploads\/usu1193\/2025\/02\/Delta-3-150x150.jpeg\" class=\"attachment-thumbnail size-thumbnail\" alt=\"\" \/><\/a>\n\t\t\t<\/div><\/figure><figure class='gallery-item'>\n\t\t\t<div class='gallery-icon landscape'>\n\t\t\t\t<a href='https:\/\/agora.xtec.cat\/cfalaverneda\/general\/descobrint-el-parc-fluvial-del-besos\/attachment\/delta-2\/'><img loading=\"lazy\" decoding=\"async\" width=\"150\" height=\"150\" src=\"https:\/\/agora.xtec.cat\/cfalaverneda\/wp-content\/uploads\/usu1193\/2025\/02\/Delta-2-150x150.jpeg\" class=\"attachment-thumbnail size-thumbnail\" alt=\"\" \/><\/a>\n\t\t\t<\/div><\/figure>\n\t\t<\/div>\n\n","protected":false},"excerpt":{"rendered":"<p>El passat 4 de febrer, dins el marc de les Jornades Culturals del curs 24-25, l\u2019alumnat del CFA La Verneda va gaudir d\u2019una enriquidora visita al Parc Fluvial del Bes\u00f2s. Aquesta sortida va permetre als participants con\u00e8ixer millor aquest espai natural, un exemple de recuperaci\u00f3 ambiental i sostenibilitat a l\u2019\u00e0rea metropolitana de Barcelona. Durant la [&hellip;]<\/p>\n","protected":false},"author":1,"featured_media":2563,"comment_status":"open","ping_status":"closed","sticky":false,"template":"","format":"standard","meta":{"_bbp_topic_count":0,"_bbp_reply_count":0,"_bbp_total_topic_count":0,"_bbp_total_reply_count":0,"_bbp_voice_count":0,"_bbp_anonymous_reply_count":0,"_bbp_topic_count_hidden":0,"_bbp_reply_count_hidden":0,"_bbp_forum_subforum_count":0,"site-sidebar-layout":"default","site-content-layout":"","ast-site-content-layout":"","site-content-style":"default","site-sidebar-style":"default","ast-global-header-display":"","ast-banner-title-visibility":"","ast-main-header-display":"","ast-hfb-above-header-display":"","ast-hfb-below-header-display":"","ast-hfb-mobile-header-display":"","site-post-title":"","ast-breadcrumbs-content":"","ast-featured-img":"","footer-sml-layout":"","theme-transparent-header-meta":"","adv-header-id-meta":"","stick-header-meta":"","header-above-stick-meta":"","header-main-stick-meta":"","header-below-stick-meta":"","astra-migrate-meta-layouts":"default","ast-page-background-enabled":"default","ast-page-background-meta":{"desktop":{"background-color":"var(--ast-global-color-4)","background-image":"","background-repeat":"repeat","background-position":"center center","background-size":"auto","background-attachment":"scroll","background-type":"","background-media":"","overlay-type":"","overlay-color":"","overlay-opacity":"","overlay-gradient":""},"tablet":{"background-color":"","background-image":"","background-repeat":"repeat","background-position":"center center","background-size":"auto","background-attachment":"scroll","background-type":"","background-media":"","overlay-type":"","overlay-color":"","overlay-opacity":"","overlay-gradient":""},"mobile":{"background-color":"","background-image":"","background-repeat":"repeat","background-position":"center center","background-size":"auto","background-attachment":"scroll","background-type":"","background-media":"","overlay-type":"","overlay-color":"","overlay-opacity":"","overlay-gradient":""}},"ast-content-background-meta":{"desktop":{"background-color":"var(--ast-global-color-5)","background-image":"","background-repeat":"repeat","background-position":"center center","background-size":"auto","background-attachment":"scroll","background-type":"","background-media":"","overlay-type":"","overlay-color":"","overlay-opacity":"","overlay-gradient":""},"tablet":{"background-color":"var(--ast-global-color-5)","background-image":"","background-repeat":"repeat","background-position":"center center","background-size":"auto","background-attachment":"scroll","background-type":"","background-media":"","overlay-type":"","overlay-color":"","overlay-opacity":"","overlay-gradient":""},"mobile":{"background-color":"var(--ast-global-color-5)","background-image":"","background-repeat":"repeat","background-position":"center center","background-size":"auto","background-attachment":"scroll","background-type":"","background-media":"","overlay-type":"","overlay-color":"","overlay-opacity":"","overlay-gradient":""}},"footnotes":""},"categories":[1,29,85],"tags":[],"class_list":["post-2559","post","type-post","status-publish","format-standard","has-post-thumbnail","hentry","category-general","category-portada","category-videos-i-fotos"],"post_mailing_queue_ids":[],"_links":{"self":[{"href":"https:\/\/agora.xtec.cat\/cfalaverneda\/wp-json\/wp\/v2\/posts\/2559","targetHints":{"allow":["GET"]}}],"collection":[{"href":"https:\/\/agora.xtec.cat\/cfalaverneda\/wp-json\/wp\/v2\/posts"}],"about":[{"href":"https:\/\/agora.xtec.cat\/cfalaverneda\/wp-json\/wp\/v2\/types\/post"}],"author":[{"embeddable":true,"href":"https:\/\/agora.xtec.cat\/cfalaverneda\/wp-json\/wp\/v2\/users\/1"}],"replies":[{"embeddable":true,"href":"https:\/\/agora.xtec.cat\/cfalaverneda\/wp-json\/wp\/v2\/comments?post=2559"}],"version-history":[{"count":1,"href":"https:\/\/agora.xtec.cat\/cfalaverneda\/wp-json\/wp\/v2\/posts\/2559\/revisions"}],"predecessor-version":[{"id":2575,"href":"https:\/\/agora.xtec.cat\/cfalaverneda\/wp-json\/wp\/v2\/posts\/2559\/revisions\/2575"}],"wp:featuredmedia":[{"embeddable":true,"href":"https:\/\/agora.xtec.cat\/cfalaverneda\/wp-json\/wp\/v2\/media\/2563"}],"wp:attachment":[{"href":"https:\/\/agora.xtec.cat\/cfalaverneda\/wp-json\/wp\/v2\/media?parent=2559"}],"wp:term":[{"taxonomy":"category","embeddable":true,"href":"https:\/\/agora.xtec.cat\/cfalaverneda\/wp-json\/wp\/v2\/categories?post=2559"},{"taxonomy":"post_tag","embeddable":true,"href":"https:\/\/agora.xtec.cat\/cfalaverneda\/wp-json\/wp\/v2\/tags?post=2559"}],"curies":[{"name":"wp","href":"https:\/\/api.w.org\/{rel}","templated":true}]}}