{"id":2499,"date":"2025-02-14T17:39:36","date_gmt":"2025-02-14T16:39:36","guid":{"rendered":"https:\/\/agora.xtec.cat\/cfalaverneda\/?p=2499"},"modified":"2025-02-18T22:32:20","modified_gmt":"2025-02-18T21:32:20","slug":"hi-havia-una-vegada","status":"publish","type":"post","link":"https:\/\/agora.xtec.cat\/cfalaverneda\/general\/hi-havia-una-vegada\/","title":{"rendered":"Hi havia una vegada&#8230;"},"content":{"rendered":"<p>Endevinalla: <em>Un pare arriba a un hospital desesperat. El seu fill es troba molt malament, t\u00e9 una malaltia molt rara i necessita entrar al quir\u00f2fan. A l&#8217;hospital el calmen i li expliquen que, malgrat la raresa de la malaltia estan de sort, ja que tenen una emin\u00e8ncia en aquest camp fent una confer\u00e8ncia precisament aquell dia. Van a buscar la persona experta i, un cop al quir\u00f2fan, l&#8217;emin\u00e8ncia exclama: &#8220;No el puc operar, \u00e9s el meu fill!&#8221;. Com pot ser? <sub>Resposta al final de l&#8217;article.<\/sub><\/em><\/p>\n<p>El passat dimecres 12 de febrer la Doctora Laura Mart\u00ednez Verbo ens va fer una xerrada explicant l&#8217;efecte Matilda, les seves dificultats i les seves aptituds per poder avan\u00e7ar en la seva carrera cient\u00edfica malgrat ser dona. D&#8217;aquesta manera vam celebrar el Dia Internacional de la Dona i la Nena en la Ci\u00e8ncia. Aix\u00ed, visibilitzant totes aquelles cient\u00edfiques que la ci\u00e8ncia dominada per homes blancs ha silenciat, aconseguirem que hi hagi m\u00e9s referents femenins perqu\u00e8 el g\u00e8nere no sigui un inconvenient al talent i a la vocaci\u00f3.<\/p>\n<p><a href=\"https:\/\/agora.xtec.cat\/cfalaverneda\/wp-content\/uploads\/usu1193\/2025\/02\/IMG_20250212_181926-scaled.jpg\"><img loading=\"lazy\" decoding=\"async\" class=\"alignnone size-large wp-image-2504\" src=\"https:\/\/agora.xtec.cat\/cfalaverneda\/wp-content\/uploads\/usu1193\/2025\/02\/IMG_20250212_181926-1024x768.jpg\" alt=\"\" width=\"1024\" height=\"768\" srcset=\"https:\/\/agora.xtec.cat\/cfalaverneda\/wp-content\/uploads\/usu1193\/2025\/02\/IMG_20250212_181926-1024x768.jpg 1024w, https:\/\/agora.xtec.cat\/cfalaverneda\/wp-content\/uploads\/usu1193\/2025\/02\/IMG_20250212_181926-300x225.jpg 300w, https:\/\/agora.xtec.cat\/cfalaverneda\/wp-content\/uploads\/usu1193\/2025\/02\/IMG_20250212_181926-768x576.jpg 768w, https:\/\/agora.xtec.cat\/cfalaverneda\/wp-content\/uploads\/usu1193\/2025\/02\/IMG_20250212_181926-1536x1152.jpg 1536w, https:\/\/agora.xtec.cat\/cfalaverneda\/wp-content\/uploads\/usu1193\/2025\/02\/IMG_20250212_181926-2048x1536.jpg 2048w, https:\/\/agora.xtec.cat\/cfalaverneda\/wp-content\/uploads\/usu1193\/2025\/02\/IMG_20250212_181926-200x150.jpg 200w\" sizes=\"auto, (max-width: 1024px) 100vw, 1024px\" \/><\/a><\/p>\n<p><a href=\"https:\/\/agora.xtec.cat\/cfalaverneda\/wp-content\/uploads\/usu1193\/2025\/02\/IMG_20250212_192737-scaled.jpg\"><img loading=\"lazy\" decoding=\"async\" class=\"alignnone wp-image-2503 size-large\" src=\"https:\/\/agora.xtec.cat\/cfalaverneda\/wp-content\/uploads\/usu1193\/2025\/02\/IMG_20250212_192737-scaled-e1739550035502-1024x827.jpg\" alt=\"\" width=\"1024\" height=\"827\" srcset=\"https:\/\/agora.xtec.cat\/cfalaverneda\/wp-content\/uploads\/usu1193\/2025\/02\/IMG_20250212_192737-scaled-e1739550035502-1024x827.jpg 1024w, https:\/\/agora.xtec.cat\/cfalaverneda\/wp-content\/uploads\/usu1193\/2025\/02\/IMG_20250212_192737-scaled-e1739550035502-300x242.jpg 300w, https:\/\/agora.xtec.cat\/cfalaverneda\/wp-content\/uploads\/usu1193\/2025\/02\/IMG_20250212_192737-scaled-e1739550035502-768x620.jpg 768w, https:\/\/agora.xtec.cat\/cfalaverneda\/wp-content\/uploads\/usu1193\/2025\/02\/IMG_20250212_192737-scaled-e1739550035502.jpg 1173w\" sizes=\"auto, (max-width: 1024px) 100vw, 1024px\" \/><\/a><\/p>\n<p>A la xerrada la Laura ens va posar exemples de cient\u00edfiques invisibilitzades, de com la societat encara no permet que qualsevol nena pugui desenvolupar el seu talent i ens va resoldre l&#8217;endevinalla. Com us imagin\u00e0veu l&#8217;emin\u00e8ncia? L&#8217;emin\u00e8ncia era precisament la mare del nen malalt.<iframe loading=\"lazy\" src=\"https:\/\/agora.xtec.cat\/cfalaverneda\/wp-content\/uploads\/usu1193\/2025\/02\/Hi-havia-una-vegada_PUBLIC.pdf\" width=\"800\" height=\"500\"><\/iframe><\/p>\n","protected":false},"excerpt":{"rendered":"<p>Endevinalla: Un pare arriba a un hospital desesperat. El seu fill es troba molt malament, t\u00e9 una malaltia molt rara i necessita entrar al quir\u00f2fan. A l&#8217;hospital el calmen i li expliquen que, malgrat la raresa de la malaltia estan de sort, ja que tenen una emin\u00e8ncia en aquest camp fent una confer\u00e8ncia precisament aquell [&hellip;]<\/p>\n","protected":false},"author":1,"featured_media":2504,"comment_status":"open","ping_status":"closed","sticky":false,"template":"","format":"standard","meta":{"_bbp_topic_count":0,"_bbp_reply_count":0,"_bbp_total_topic_count":0,"_bbp_total_reply_count":0,"_bbp_voice_count":0,"_bbp_anonymous_reply_count":0,"_bbp_topic_count_hidden":0,"_bbp_reply_count_hidden":0,"_bbp_forum_subforum_count":0,"site-sidebar-layout":"default","site-content-layout":"","ast-site-content-layout":"","site-content-style":"default","site-sidebar-style":"default","ast-global-header-display":"","ast-banner-title-visibility":"","ast-main-header-display":"","ast-hfb-above-header-display":"","ast-hfb-below-header-display":"","ast-hfb-mobile-header-display":"","site-post-title":"","ast-breadcrumbs-content":"","ast-featured-img":"","footer-sml-layout":"","theme-transparent-header-meta":"","adv-header-id-meta":"","stick-header-meta":"","header-above-stick-meta":"","header-main-stick-meta":"","header-below-stick-meta":"","astra-migrate-meta-layouts":"default","ast-page-background-enabled":"default","ast-page-background-meta":{"desktop":{"background-color":"var(--ast-global-color-4)","background-image":"","background-repeat":"repeat","background-position":"center center","background-size":"auto","background-attachment":"scroll","background-type":"","background-media":"","overlay-type":"","overlay-color":"","overlay-opacity":"","overlay-gradient":""},"tablet":{"background-color":"","background-image":"","background-repeat":"repeat","background-position":"center center","background-size":"auto","background-attachment":"scroll","background-type":"","background-media":"","overlay-type":"","overlay-color":"","overlay-opacity":"","overlay-gradient":""},"mobile":{"background-color":"","background-image":"","background-repeat":"repeat","background-position":"center center","background-size":"auto","background-attachment":"scroll","background-type":"","background-media":"","overlay-type":"","overlay-color":"","overlay-opacity":"","overlay-gradient":""}},"ast-content-background-meta":{"desktop":{"background-color":"var(--ast-global-color-5)","background-image":"","background-repeat":"repeat","background-position":"center center","background-size":"auto","background-attachment":"scroll","background-type":"","background-media":"","overlay-type":"","overlay-color":"","overlay-opacity":"","overlay-gradient":""},"tablet":{"background-color":"var(--ast-global-color-5)","background-image":"","background-repeat":"repeat","background-position":"center center","background-size":"auto","background-attachment":"scroll","background-type":"","background-media":"","overlay-type":"","overlay-color":"","overlay-opacity":"","overlay-gradient":""},"mobile":{"background-color":"var(--ast-global-color-5)","background-image":"","background-repeat":"repeat","background-position":"center center","background-size":"auto","background-attachment":"scroll","background-type":"","background-media":"","overlay-type":"","overlay-color":"","overlay-opacity":"","overlay-gradient":""}},"footnotes":""},"categories":[1,29,85],"tags":[],"class_list":["post-2499","post","type-post","status-publish","format-standard","has-post-thumbnail","hentry","category-general","category-portada","category-videos-i-fotos"],"post_mailing_queue_ids":[],"_links":{"self":[{"href":"https:\/\/agora.xtec.cat\/cfalaverneda\/wp-json\/wp\/v2\/posts\/2499","targetHints":{"allow":["GET"]}}],"collection":[{"href":"https:\/\/agora.xtec.cat\/cfalaverneda\/wp-json\/wp\/v2\/posts"}],"about":[{"href":"https:\/\/agora.xtec.cat\/cfalaverneda\/wp-json\/wp\/v2\/types\/post"}],"author":[{"embeddable":true,"href":"https:\/\/agora.xtec.cat\/cfalaverneda\/wp-json\/wp\/v2\/users\/1"}],"replies":[{"embeddable":true,"href":"https:\/\/agora.xtec.cat\/cfalaverneda\/wp-json\/wp\/v2\/comments?post=2499"}],"version-history":[{"count":6,"href":"https:\/\/agora.xtec.cat\/cfalaverneda\/wp-json\/wp\/v2\/posts\/2499\/revisions"}],"predecessor-version":[{"id":2617,"href":"https:\/\/agora.xtec.cat\/cfalaverneda\/wp-json\/wp\/v2\/posts\/2499\/revisions\/2617"}],"wp:featuredmedia":[{"embeddable":true,"href":"https:\/\/agora.xtec.cat\/cfalaverneda\/wp-json\/wp\/v2\/media\/2504"}],"wp:attachment":[{"href":"https:\/\/agora.xtec.cat\/cfalaverneda\/wp-json\/wp\/v2\/media?parent=2499"}],"wp:term":[{"taxonomy":"category","embeddable":true,"href":"https:\/\/agora.xtec.cat\/cfalaverneda\/wp-json\/wp\/v2\/categories?post=2499"},{"taxonomy":"post_tag","embeddable":true,"href":"https:\/\/agora.xtec.cat\/cfalaverneda\/wp-json\/wp\/v2\/tags?post=2499"}],"curies":[{"name":"wp","href":"https:\/\/api.w.org\/{rel}","templated":true}]}}