{"id":2474,"date":"2025-01-31T11:16:35","date_gmt":"2025-01-31T10:16:35","guid":{"rendered":"https:\/\/agora.xtec.cat\/cfalaverneda\/?p=2474"},"modified":"2025-06-28T12:35:02","modified_gmt":"2025-06-28T10:35:02","slug":"calcotada-del-cfa-la-verneda-ultimes-places-vine-i-apunta-thi","status":"publish","type":"post","link":"https:\/\/agora.xtec.cat\/cfalaverneda\/general\/calcotada-del-cfa-la-verneda-ultimes-places-vine-i-apunta-thi\/","title":{"rendered":"Cal\u00e7otada del CFA La Verneda: \u00daltimes places! Vine i apunta-t&#8217;hi!"},"content":{"rendered":"<p><a href=\"https:\/\/agora.xtec.cat\/cfalaverneda\/wp-content\/uploads\/usu1193\/2025\/01\/Cartel-Menu-Calcotada-Ilustrado-Naranja-y-Verde.jpg\"><img loading=\"lazy\" decoding=\"async\" class=\"size-large wp-image-2476 aligncenter\" src=\"https:\/\/agora.xtec.cat\/cfalaverneda\/wp-content\/uploads\/usu1193\/2025\/01\/Cartel-Menu-Calcotada-Ilustrado-Naranja-y-Verde-724x1024.jpg\" alt=\"\" width=\"724\" height=\"1024\" srcset=\"https:\/\/agora.xtec.cat\/cfalaverneda\/wp-content\/uploads\/usu1193\/2025\/01\/Cartel-Menu-Calcotada-Ilustrado-Naranja-y-Verde-724x1024.jpg 724w, https:\/\/agora.xtec.cat\/cfalaverneda\/wp-content\/uploads\/usu1193\/2025\/01\/Cartel-Menu-Calcotada-Ilustrado-Naranja-y-Verde-212x300.jpg 212w, https:\/\/agora.xtec.cat\/cfalaverneda\/wp-content\/uploads\/usu1193\/2025\/01\/Cartel-Menu-Calcotada-Ilustrado-Naranja-y-Verde-768x1086.jpg 768w, https:\/\/agora.xtec.cat\/cfalaverneda\/wp-content\/uploads\/usu1193\/2025\/01\/Cartel-Menu-Calcotada-Ilustrado-Naranja-y-Verde-1086x1536.jpg 1086w, https:\/\/agora.xtec.cat\/cfalaverneda\/wp-content\/uploads\/usu1193\/2025\/01\/Cartel-Menu-Calcotada-Ilustrado-Naranja-y-Verde.jpg 1414w\" sizes=\"auto, (max-width: 724px) 100vw, 724px\" \/><\/a><\/p>\n<p><strong>\ud83c\udf0a\ud83d\udd25 Passejada i cal\u00e7otada vora el mar!<\/strong><br \/>\nPer celebrar el bon temps i gaudir d\u2019una jornada diferent, et convidem a una <strong>sortida per descobrir el litoral de Barcelona<\/strong> i acabar-la amb una <strong>aut\u00e8ntica cal\u00e7otada en un restaurant t\u00edpic de la Barceloneta!<\/strong><\/p>\n<p>Farem una passejada relaxada per les platges, compartint converses i vistes al mar, i despr\u00e9s ens reunirem al voltant de la taula per <strong>compartir cal\u00e7ots<\/strong>, <strong>rialles<\/strong> i <strong>molt bon ambient<\/strong>.<\/p>\n<p><!--a=1--><\/p>\n","protected":false},"excerpt":{"rendered":"<p>\ud83c\udf0a\ud83d\udd25 Passejada i cal\u00e7otada vora el mar! Per celebrar el bon temps i gaudir d\u2019una jornada diferent, et convidem a una sortida per descobrir el litoral de Barcelona i acabar-la amb una aut\u00e8ntica cal\u00e7otada en un restaurant t\u00edpic de la Barceloneta! Farem una passejada relaxada per les platges, compartint converses i vistes al mar, i [&hellip;]<\/p>\n","protected":false},"author":1,"featured_media":2898,"comment_status":"open","ping_status":"closed","sticky":false,"template":"","format":"standard","meta":{"_bbp_topic_count":0,"_bbp_reply_count":0,"_bbp_total_topic_count":0,"_bbp_total_reply_count":0,"_bbp_voice_count":0,"_bbp_anonymous_reply_count":0,"_bbp_topic_count_hidden":0,"_bbp_reply_count_hidden":0,"_bbp_forum_subforum_count":0,"site-sidebar-layout":"default","site-content-layout":"","ast-site-content-layout":"default","site-content-style":"default","site-sidebar-style":"default","ast-global-header-display":"","ast-banner-title-visibility":"","ast-main-header-display":"","ast-hfb-above-header-display":"","ast-hfb-below-header-display":"","ast-hfb-mobile-header-display":"","site-post-title":"","ast-breadcrumbs-content":"","ast-featured-img":"","footer-sml-layout":"","theme-transparent-header-meta":"default","adv-header-id-meta":"","stick-header-meta":"","header-above-stick-meta":"","header-main-stick-meta":"","header-below-stick-meta":"","astra-migrate-meta-layouts":"set","ast-page-background-enabled":"default","ast-page-background-meta":{"desktop":{"background-color":"var(--ast-global-color-4)","background-image":"","background-repeat":"repeat","background-position":"center center","background-size":"auto","background-attachment":"scroll","background-type":"","background-media":"","overlay-type":"","overlay-color":"","overlay-opacity":"","overlay-gradient":""},"tablet":{"background-color":"","background-image":"","background-repeat":"repeat","background-position":"center center","background-size":"auto","background-attachment":"scroll","background-type":"","background-media":"","overlay-type":"","overlay-color":"","overlay-opacity":"","overlay-gradient":""},"mobile":{"background-color":"","background-image":"","background-repeat":"repeat","background-position":"center center","background-size":"auto","background-attachment":"scroll","background-type":"","background-media":"","overlay-type":"","overlay-color":"","overlay-opacity":"","overlay-gradient":""}},"ast-content-background-meta":{"desktop":{"background-color":"var(--ast-global-color-5)","background-image":"","background-repeat":"repeat","background-position":"center center","background-size":"auto","background-attachment":"scroll","background-type":"","background-media":"","overlay-type":"","overlay-color":"","overlay-opacity":"","overlay-gradient":""},"tablet":{"background-color":"var(--ast-global-color-5)","background-image":"","background-repeat":"repeat","background-position":"center center","background-size":"auto","background-attachment":"scroll","background-type":"","background-media":"","overlay-type":"","overlay-color":"","overlay-opacity":"","overlay-gradient":""},"mobile":{"background-color":"var(--ast-global-color-5)","background-image":"","background-repeat":"repeat","background-position":"center center","background-size":"auto","background-attachment":"scroll","background-type":"","background-media":"","overlay-type":"","overlay-color":"","overlay-opacity":"","overlay-gradient":""}},"footnotes":""},"categories":[1,29,85],"tags":[],"class_list":["post-2474","post","type-post","status-publish","format-standard","has-post-thumbnail","hentry","category-general","category-portada","category-videos-i-fotos"],"post_mailing_queue_ids":[],"_links":{"self":[{"href":"https:\/\/agora.xtec.cat\/cfalaverneda\/wp-json\/wp\/v2\/posts\/2474","targetHints":{"allow":["GET"]}}],"collection":[{"href":"https:\/\/agora.xtec.cat\/cfalaverneda\/wp-json\/wp\/v2\/posts"}],"about":[{"href":"https:\/\/agora.xtec.cat\/cfalaverneda\/wp-json\/wp\/v2\/types\/post"}],"author":[{"embeddable":true,"href":"https:\/\/agora.xtec.cat\/cfalaverneda\/wp-json\/wp\/v2\/users\/1"}],"replies":[{"embeddable":true,"href":"https:\/\/agora.xtec.cat\/cfalaverneda\/wp-json\/wp\/v2\/comments?post=2474"}],"version-history":[{"count":4,"href":"https:\/\/agora.xtec.cat\/cfalaverneda\/wp-json\/wp\/v2\/posts\/2474\/revisions"}],"predecessor-version":[{"id":2897,"href":"https:\/\/agora.xtec.cat\/cfalaverneda\/wp-json\/wp\/v2\/posts\/2474\/revisions\/2897"}],"wp:featuredmedia":[{"embeddable":true,"href":"https:\/\/agora.xtec.cat\/cfalaverneda\/wp-json\/wp\/v2\/media\/2898"}],"wp:attachment":[{"href":"https:\/\/agora.xtec.cat\/cfalaverneda\/wp-json\/wp\/v2\/media?parent=2474"}],"wp:term":[{"taxonomy":"category","embeddable":true,"href":"https:\/\/agora.xtec.cat\/cfalaverneda\/wp-json\/wp\/v2\/categories?post=2474"},{"taxonomy":"post_tag","embeddable":true,"href":"https:\/\/agora.xtec.cat\/cfalaverneda\/wp-json\/wp\/v2\/tags?post=2474"}],"curies":[{"name":"wp","href":"https:\/\/api.w.org\/{rel}","templated":true}]}}