{"id":2461,"date":"2025-01-24T17:52:54","date_gmt":"2025-01-24T16:52:54","guid":{"rendered":"https:\/\/agora.xtec.cat\/cfalaverneda\/?p=2461"},"modified":"2026-01-15T23:50:37","modified_gmt":"2026-01-15T22:50:37","slug":"jornades-culturals-3-6-de-febrer","status":"publish","type":"post","link":"https:\/\/agora.xtec.cat\/cfalaverneda\/general\/jornades-culturals-3-6-de-febrer\/","title":{"rendered":"Jornades Culturals del 3 al 6 de febrer"},"content":{"rendered":"<h4 data-pm-slice=\"1 1 []\"><strong>Descobreix les jornades culturals del CFA La Verneda 2025<\/strong><\/h4>\n<p>Del <strong>3 al 6 de febrer de 2025<\/strong>, el CFA La Verneda organitza 4 dies de<strong> jornades culturals<\/strong>, un moment ple d\u2019activitats enriquidores, visites guiades i experi\u00e8ncies que connecten amb la cultura, la natura i el coneixement cient\u00edfic. Aquestes jornades s\u00f3n una oportunitat excel\u00b7lent per aprendre, compartir i gaudir d\u2019alguns dels espais m\u00e9s emblem\u00e0tics de Barcelona.<\/p>\n<h6><strong>Informaci\u00f3 pr\u00e0ctica<\/strong><\/h6>\n<ul data-spread=\"false\">\n<li><strong>Preu de les activitats<\/strong>: 2 euros.<\/li>\n<li><strong>Preu de la cal\u00e7otada<\/strong>: 15 euros.<\/li>\n<li><strong>Punt de sortida<\/strong>: CFA La Verneda.<\/li>\n<li><strong>Contacte<\/strong>:\n<ul data-spread=\"false\">\n<li>Tel\u00e8fon: 93 278 11 93<\/li>\n<li>Web: <a href=\"http:\/\/cfalaverneda.cat\/\">cfalaverneda.cat<\/a><\/li>\n<li>Informaci\u00f3 addicional: <a href=\"https:\/\/agora.xtec.cat\/cfalaverneda\/\">\u00c0gora CFA La Verneda<\/a><\/li>\n<\/ul>\n<\/li>\n<\/ul>\n<h3><strong>Per qu\u00e8 participar-hi?<\/strong><\/h3>\n<p>Aquestes jornades ofereixen una combinaci\u00f3 perfecta de cultura, aprenentatge i diversi\u00f3. Tant si ets apassionat per la hist\u00f2ria, l\u2019art, la natura o la gastronomia, trobar\u00e0s activitats que t&#8217;inspiraran i et connectaran amb altres participants. Aprofita aquesta oportunitat per enriquir els teus coneixements i gaudir d\u2019una experi\u00e8ncia \u00fanica. No deixis escapar aquesta setmana cultural al CFA La Verneda! Reserva la teva pla\u00e7a i prepara\u2019t per viure moments inoblidables.<\/p>\n<p>Consulta totes les activitats de les jornades culturals en aquest enlla\u00e7:<\/p>\n<p><a href=\"https:\/\/agora.xtec.cat\/cfalaverneda\/wp-content\/uploads\/usu1193\/2025\/01\/Jornades-culturals-CFA-La-Vermeda-2025.pdf\">Jornades culturals CFA La Verneda 2025<\/a><\/p>\n<p><a href=\"https:\/\/agora.xtec.cat\/cfalaverneda\/wp-content\/uploads\/usu1193\/2025\/01\/Jornades-culturals-2024-25.jpg\"><img loading=\"lazy\" decoding=\"async\" class=\"alignnone size-large wp-image-2463\" src=\"https:\/\/agora.xtec.cat\/cfalaverneda\/wp-content\/uploads\/usu1193\/2025\/01\/Jornades-culturals-2024-25-1024x663.jpg\" alt=\"\" width=\"1024\" height=\"663\" srcset=\"https:\/\/agora.xtec.cat\/cfalaverneda\/wp-content\/uploads\/usu1193\/2025\/01\/Jornades-culturals-2024-25-1024x663.jpg 1024w, https:\/\/agora.xtec.cat\/cfalaverneda\/wp-content\/uploads\/usu1193\/2025\/01\/Jornades-culturals-2024-25-300x194.jpg 300w, https:\/\/agora.xtec.cat\/cfalaverneda\/wp-content\/uploads\/usu1193\/2025\/01\/Jornades-culturals-2024-25-768x497.jpg 768w, https:\/\/agora.xtec.cat\/cfalaverneda\/wp-content\/uploads\/usu1193\/2025\/01\/Jornades-culturals-2024-25-1536x994.jpg 1536w, https:\/\/agora.xtec.cat\/cfalaverneda\/wp-content\/uploads\/usu1193\/2025\/01\/Jornades-culturals-2024-25.jpg 2000w\" sizes=\"auto, (max-width: 1024px) 100vw, 1024px\" \/><\/a><\/p>\n<p><a href=\"https:\/\/agora.xtec.cat\/cfalaverneda\/wp-content\/uploads\/usu1193\/2025\/01\/Contacte.jpg\"><img loading=\"lazy\" decoding=\"async\" class=\"alignnone size-large wp-image-2470\" src=\"https:\/\/agora.xtec.cat\/cfalaverneda\/wp-content\/uploads\/usu1193\/2025\/01\/Contacte-1024x663.jpg\" alt=\"\" width=\"1024\" height=\"663\" srcset=\"https:\/\/agora.xtec.cat\/cfalaverneda\/wp-content\/uploads\/usu1193\/2025\/01\/Contacte-1024x663.jpg 1024w, https:\/\/agora.xtec.cat\/cfalaverneda\/wp-content\/uploads\/usu1193\/2025\/01\/Contacte-300x194.jpg 300w, https:\/\/agora.xtec.cat\/cfalaverneda\/wp-content\/uploads\/usu1193\/2025\/01\/Contacte-768x497.jpg 768w, https:\/\/agora.xtec.cat\/cfalaverneda\/wp-content\/uploads\/usu1193\/2025\/01\/Contacte-1536x994.jpg 1536w, https:\/\/agora.xtec.cat\/cfalaverneda\/wp-content\/uploads\/usu1193\/2025\/01\/Contacte.jpg 2000w\" sizes=\"auto, (max-width: 1024px) 100vw, 1024px\" \/><\/a><\/p>\n<p><!--a=1--><\/p>\n","protected":false},"excerpt":{"rendered":"<p>Descobreix les jornades culturals del CFA La Verneda 2025 Del 3 al 6 de febrer de 2025, el CFA La Verneda organitza 4 dies de jornades culturals, un moment ple d\u2019activitats enriquidores, visites guiades i experi\u00e8ncies que connecten amb la cultura, la natura i el coneixement cient\u00edfic. Aquestes jornades s\u00f3n una oportunitat excel\u00b7lent per aprendre, [&hellip;]<\/p>\n","protected":false},"author":1,"featured_media":2553,"comment_status":"open","ping_status":"closed","sticky":false,"template":"","format":"standard","meta":{"_bbp_topic_count":0,"_bbp_reply_count":0,"_bbp_total_topic_count":0,"_bbp_total_reply_count":0,"_bbp_voice_count":0,"_bbp_anonymous_reply_count":0,"_bbp_topic_count_hidden":0,"_bbp_reply_count_hidden":0,"_bbp_forum_subforum_count":0,"site-sidebar-layout":"default","site-content-layout":"","ast-site-content-layout":"default","site-content-style":"default","site-sidebar-style":"default","ast-global-header-display":"","ast-banner-title-visibility":"","ast-main-header-display":"","ast-hfb-above-header-display":"","ast-hfb-below-header-display":"","ast-hfb-mobile-header-display":"","site-post-title":"","ast-breadcrumbs-content":"","ast-featured-img":"","footer-sml-layout":"","theme-transparent-header-meta":"default","adv-header-id-meta":"","stick-header-meta":"","header-above-stick-meta":"","header-main-stick-meta":"","header-below-stick-meta":"","astra-migrate-meta-layouts":"set","ast-page-background-enabled":"default","ast-page-background-meta":{"desktop":{"background-color":"var(--ast-global-color-4)","background-image":"","background-repeat":"repeat","background-position":"center center","background-size":"auto","background-attachment":"scroll","background-type":"","background-media":"","overlay-type":"","overlay-color":"","overlay-opacity":"","overlay-gradient":""},"tablet":{"background-color":"","background-image":"","background-repeat":"repeat","background-position":"center center","background-size":"auto","background-attachment":"scroll","background-type":"","background-media":"","overlay-type":"","overlay-color":"","overlay-opacity":"","overlay-gradient":""},"mobile":{"background-color":"","background-image":"","background-repeat":"repeat","background-position":"center center","background-size":"auto","background-attachment":"scroll","background-type":"","background-media":"","overlay-type":"","overlay-color":"","overlay-opacity":"","overlay-gradient":""}},"ast-content-background-meta":{"desktop":{"background-color":"var(--ast-global-color-5)","background-image":"","background-repeat":"repeat","background-position":"center center","background-size":"auto","background-attachment":"scroll","background-type":"","background-media":"","overlay-type":"","overlay-color":"","overlay-opacity":"","overlay-gradient":""},"tablet":{"background-color":"var(--ast-global-color-5)","background-image":"","background-repeat":"repeat","background-position":"center center","background-size":"auto","background-attachment":"scroll","background-type":"","background-media":"","overlay-type":"","overlay-color":"","overlay-opacity":"","overlay-gradient":""},"mobile":{"background-color":"var(--ast-global-color-5)","background-image":"","background-repeat":"repeat","background-position":"center center","background-size":"auto","background-attachment":"scroll","background-type":"","background-media":"","overlay-type":"","overlay-color":"","overlay-opacity":"","overlay-gradient":""}},"footnotes":""},"categories":[1,29,85],"tags":[],"class_list":["post-2461","post","type-post","status-publish","format-standard","has-post-thumbnail","hentry","category-general","category-portada","category-videos-i-fotos"],"post_mailing_queue_ids":[],"_links":{"self":[{"href":"https:\/\/agora.xtec.cat\/cfalaverneda\/wp-json\/wp\/v2\/posts\/2461","targetHints":{"allow":["GET"]}}],"collection":[{"href":"https:\/\/agora.xtec.cat\/cfalaverneda\/wp-json\/wp\/v2\/posts"}],"about":[{"href":"https:\/\/agora.xtec.cat\/cfalaverneda\/wp-json\/wp\/v2\/types\/post"}],"author":[{"embeddable":true,"href":"https:\/\/agora.xtec.cat\/cfalaverneda\/wp-json\/wp\/v2\/users\/1"}],"replies":[{"embeddable":true,"href":"https:\/\/agora.xtec.cat\/cfalaverneda\/wp-json\/wp\/v2\/comments?post=2461"}],"version-history":[{"count":6,"href":"https:\/\/agora.xtec.cat\/cfalaverneda\/wp-json\/wp\/v2\/posts\/2461\/revisions"}],"predecessor-version":[{"id":3262,"href":"https:\/\/agora.xtec.cat\/cfalaverneda\/wp-json\/wp\/v2\/posts\/2461\/revisions\/3262"}],"wp:featuredmedia":[{"embeddable":true,"href":"https:\/\/agora.xtec.cat\/cfalaverneda\/wp-json\/wp\/v2\/media\/2553"}],"wp:attachment":[{"href":"https:\/\/agora.xtec.cat\/cfalaverneda\/wp-json\/wp\/v2\/media?parent=2461"}],"wp:term":[{"taxonomy":"category","embeddable":true,"href":"https:\/\/agora.xtec.cat\/cfalaverneda\/wp-json\/wp\/v2\/categories?post=2461"},{"taxonomy":"post_tag","embeddable":true,"href":"https:\/\/agora.xtec.cat\/cfalaverneda\/wp-json\/wp\/v2\/tags?post=2461"}],"curies":[{"name":"wp","href":"https:\/\/api.w.org\/{rel}","templated":true}]}}