{"id":2341,"date":"2024-10-25T13:36:55","date_gmt":"2024-10-25T11:36:55","guid":{"rendered":"https:\/\/agora.xtec.cat\/cfalaverneda\/?p=2341"},"modified":"2026-02-01T12:27:27","modified_gmt":"2026-02-01T11:27:27","slug":"ciencies-naturals-ges-1","status":"publish","type":"post","link":"https:\/\/agora.xtec.cat\/cfalaverneda\/general\/ciencies-naturals-ges-1\/","title":{"rendered":"Ci\u00e8ncies Naturals GES 1"},"content":{"rendered":"<p>En el m\u00f2dul de Ci\u00e8ncies naturals de GES 1, repassem tota la naturalesa, des del sistema solar fins a la c\u00e8l\u00b7lula, passant per l&#8217;atmosfera, la geosfera, la hidrosfera i la biosfera.<\/p>\n<p>Per comen\u00e7ar a estudiar la biosfera hem fet una sortida de camp a l&#8217;<a href=\"https:\/\/avvlasagrera.com\/hort-jardi-urba-de-la-sagrera-la-ferroviaria\/\">Hort-Jard\u00ed urb\u00e0 i formatiu de la Sagrera &#8220;La Ferrovi\u00e0ria&#8221;<\/a>. La visita va ser guiada per l&#8217;Oleguer amb molt de carisma, simpatia i coneixement. Vam descobrir, astorats, que malgrat tots i totes coneix\u00edem la patata, vam ser incapa\u00e7os de recon\u00e8ixer la planta de la patata. Ens vam endinsar en la diversitat de cols (col arrissada, col llombarda, colinap, coliflor, br\u00f2quil, col <em>kale<\/em>&#8230;). I davant del gran debat sobre si els pebrots vermells s\u00f3n la mateixa esp\u00e8cie que els pebrots verds, tenim una pista en les correccions que ens feia l&#8217;Oleguer: demanava que digu\u00e9ssim pebrot madur enlloc pebrot vermell.<\/p>\n<p>M\u00e9s enll\u00e0 de la diversitat vegetal, tamb\u00e9 vam aprendre sobre el cicle dels nutrients (la import\u00e0ncia de l&#8217;adob i el nitrogen) i les estrat\u00e8gies d&#8217;adaptaci\u00f3 de les plantes. Per una banda, tomaqueres i pebroteres mitjan\u00e7ant el color del fruit (vermell quan les llavors s\u00f3n madures) informen als animals per a que ingereixin els fruits sense digerir les llavors i aix\u00ed les escampin. Per una altra banda, tenim el baladre (<em>adelfa<\/em> en castell\u00e0) que \u00e9s altament verinosa per evitar, precisament, servir d&#8217;aliment a cap animal.<\/p>\n<p>&nbsp;<\/p>\n","protected":false},"excerpt":{"rendered":"<p>En el m\u00f2dul de Ci\u00e8ncies naturals de GES 1, repassem tota la naturalesa, des del sistema solar fins a la c\u00e8l\u00b7lula, passant per l&#8217;atmosfera, la geosfera, la hidrosfera i la biosfera. Per comen\u00e7ar a estudiar la biosfera hem fet una sortida de camp a l&#8217;Hort-Jard\u00ed urb\u00e0 i formatiu de la Sagrera &#8220;La Ferrovi\u00e0ria&#8221;. La visita [&hellip;]<\/p>\n","protected":false},"author":1,"featured_media":2571,"comment_status":"open","ping_status":"closed","sticky":false,"template":"","format":"standard","meta":{"_bbp_topic_count":0,"_bbp_reply_count":0,"_bbp_total_topic_count":0,"_bbp_total_reply_count":0,"_bbp_voice_count":0,"_bbp_anonymous_reply_count":0,"_bbp_topic_count_hidden":0,"_bbp_reply_count_hidden":0,"_bbp_forum_subforum_count":0,"site-sidebar-layout":"default","site-content-layout":"","ast-site-content-layout":"default","site-content-style":"default","site-sidebar-style":"default","ast-global-header-display":"","ast-banner-title-visibility":"","ast-main-header-display":"","ast-hfb-above-header-display":"","ast-hfb-below-header-display":"","ast-hfb-mobile-header-display":"","site-post-title":"","ast-breadcrumbs-content":"","ast-featured-img":"","footer-sml-layout":"","theme-transparent-header-meta":"default","adv-header-id-meta":"","stick-header-meta":"","header-above-stick-meta":"","header-main-stick-meta":"","header-below-stick-meta":"","astra-migrate-meta-layouts":"set","ast-page-background-enabled":"default","ast-page-background-meta":{"desktop":{"background-color":"var(--ast-global-color-4)","background-image":"","background-repeat":"repeat","background-position":"center center","background-size":"auto","background-attachment":"scroll","background-type":"","background-media":"","overlay-type":"","overlay-color":"","overlay-opacity":"","overlay-gradient":""},"tablet":{"background-color":"","background-image":"","background-repeat":"repeat","background-position":"center center","background-size":"auto","background-attachment":"scroll","background-type":"","background-media":"","overlay-type":"","overlay-color":"","overlay-opacity":"","overlay-gradient":""},"mobile":{"background-color":"","background-image":"","background-repeat":"repeat","background-position":"center center","background-size":"auto","background-attachment":"scroll","background-type":"","background-media":"","overlay-type":"","overlay-color":"","overlay-opacity":"","overlay-gradient":""}},"ast-content-background-meta":{"desktop":{"background-color":"var(--ast-global-color-5)","background-image":"","background-repeat":"repeat","background-position":"center center","background-size":"auto","background-attachment":"scroll","background-type":"","background-media":"","overlay-type":"","overlay-color":"","overlay-opacity":"","overlay-gradient":""},"tablet":{"background-color":"var(--ast-global-color-5)","background-image":"","background-repeat":"repeat","background-position":"center center","background-size":"auto","background-attachment":"scroll","background-type":"","background-media":"","overlay-type":"","overlay-color":"","overlay-opacity":"","overlay-gradient":""},"mobile":{"background-color":"var(--ast-global-color-5)","background-image":"","background-repeat":"repeat","background-position":"center center","background-size":"auto","background-attachment":"scroll","background-type":"","background-media":"","overlay-type":"","overlay-color":"","overlay-opacity":"","overlay-gradient":""}},"footnotes":""},"categories":[1,29,85],"tags":[],"class_list":["post-2341","post","type-post","status-publish","format-standard","has-post-thumbnail","hentry","category-general","category-portada","category-videos-i-fotos"],"post_mailing_queue_ids":[],"_links":{"self":[{"href":"https:\/\/agora.xtec.cat\/cfalaverneda\/wp-json\/wp\/v2\/posts\/2341","targetHints":{"allow":["GET"]}}],"collection":[{"href":"https:\/\/agora.xtec.cat\/cfalaverneda\/wp-json\/wp\/v2\/posts"}],"about":[{"href":"https:\/\/agora.xtec.cat\/cfalaverneda\/wp-json\/wp\/v2\/types\/post"}],"author":[{"embeddable":true,"href":"https:\/\/agora.xtec.cat\/cfalaverneda\/wp-json\/wp\/v2\/users\/1"}],"replies":[{"embeddable":true,"href":"https:\/\/agora.xtec.cat\/cfalaverneda\/wp-json\/wp\/v2\/comments?post=2341"}],"version-history":[{"count":2,"href":"https:\/\/agora.xtec.cat\/cfalaverneda\/wp-json\/wp\/v2\/posts\/2341\/revisions"}],"predecessor-version":[{"id":3473,"href":"https:\/\/agora.xtec.cat\/cfalaverneda\/wp-json\/wp\/v2\/posts\/2341\/revisions\/3473"}],"wp:featuredmedia":[{"embeddable":true,"href":"https:\/\/agora.xtec.cat\/cfalaverneda\/wp-json\/wp\/v2\/media\/2571"}],"wp:attachment":[{"href":"https:\/\/agora.xtec.cat\/cfalaverneda\/wp-json\/wp\/v2\/media?parent=2341"}],"wp:term":[{"taxonomy":"category","embeddable":true,"href":"https:\/\/agora.xtec.cat\/cfalaverneda\/wp-json\/wp\/v2\/categories?post=2341"},{"taxonomy":"post_tag","embeddable":true,"href":"https:\/\/agora.xtec.cat\/cfalaverneda\/wp-json\/wp\/v2\/tags?post=2341"}],"curies":[{"name":"wp","href":"https:\/\/api.w.org\/{rel}","templated":true}]}}