{"id":2336,"date":"2024-10-11T14:38:12","date_gmt":"2024-10-11T12:38:12","guid":{"rendered":"https:\/\/agora.xtec.cat\/cfalaverneda\/?p=2336"},"modified":"2026-02-01T12:22:41","modified_gmt":"2026-02-01T11:22:41","slug":"biologia-i-geologia-a-ges-2","status":"publish","type":"post","link":"https:\/\/agora.xtec.cat\/cfalaverneda\/general\/biologia-i-geologia-a-ges-2\/","title":{"rendered":"Biologia i geologia a GES 2 plaques tect\u00f2niques"},"content":{"rendered":"<p>Qu\u00e8 succeeix quan una placa tect\u00f2nica de litosfera oce\u00e0nica i una placa tect\u00f2nica litosfera continental xoquen? Tenim un l\u00edmit convergent com el que est\u00e0 creant la serralada dels Andes.<\/p>\n<p>Qu\u00e8 succeeix quan dues plaques oce\u00e0niques se separen? Tenim un l\u00edmit divergent com la dorsal oce\u00e0nica de l&#8217;Atl\u00e0ntic.<\/p>\n<p>Qu\u00e8 succeeix quan dues plaques oce\u00e0niques xoquen? Tenim un l\u00edmit convergent com el que ha format l&#8217;arxip\u00e8lag japon\u00e8s.<\/p>\n<p>Qu\u00e8 succeeix quan dues plaques llisquen lateralment? Tenim un l\u00edmit transformant com la falla de San Andr\u00e9s a l&#8217;oest dels Estats Units.<\/p>\n<p>Qu\u00e8 succeeix quan dues plaques continental xoquen? Tenim un l\u00edmit convergent com el que fa cr\u00e9ixer l&#8217;Himalaya uns mil\u00b7l\u00edmetres cada any.<\/p>\n<p>Tot aix\u00f2 \u00e9s el que han apr\u00e8s avui els alumnes de GES 2 Mat\u00ed. Per fer-ho han creat uns\u00a0<em>Flipbook<\/em>, la versi\u00f3 en paper d&#8217;un GIF animat. Amb aquest recurs s&#8217;ha ent\u00e8s la din\u00e0mica dels diferents l\u00edmits de placa tect\u00f2nica, i s&#8217;ha assimilat que vivim en un planeta en constant moviment, incloent el terra que trepitgem.<\/p>\n<p><iframe loading=\"lazy\" src=\"https:\/\/drive.google.com\/file\/d\/1Tx8rHJlkBLX_RogTypZ2mJ_RhNm_lafL\/preview\" width=\"640\" height=\"480\"><\/iframe><\/p>\n","protected":false},"excerpt":{"rendered":"<p>Qu\u00e8 succeeix quan una placa tect\u00f2nica de litosfera oce\u00e0nica i una placa tect\u00f2nica litosfera continental xoquen? Tenim un l\u00edmit convergent com el que est\u00e0 creant la serralada dels Andes. Qu\u00e8 succeeix quan dues plaques oce\u00e0niques se separen? Tenim un l\u00edmit divergent com la dorsal oce\u00e0nica de l&#8217;Atl\u00e0ntic. Qu\u00e8 succeeix quan dues plaques oce\u00e0niques xoquen? Tenim [&hellip;]<\/p>\n","protected":false},"author":1,"featured_media":2734,"comment_status":"open","ping_status":"closed","sticky":false,"template":"","format":"standard","meta":{"_bbp_topic_count":0,"_bbp_reply_count":0,"_bbp_total_topic_count":0,"_bbp_total_reply_count":0,"_bbp_voice_count":0,"_bbp_anonymous_reply_count":0,"_bbp_topic_count_hidden":0,"_bbp_reply_count_hidden":0,"_bbp_forum_subforum_count":0,"site-sidebar-layout":"default","site-content-layout":"","ast-site-content-layout":"default","site-content-style":"default","site-sidebar-style":"default","ast-global-header-display":"","ast-banner-title-visibility":"","ast-main-header-display":"","ast-hfb-above-header-display":"","ast-hfb-below-header-display":"","ast-hfb-mobile-header-display":"","site-post-title":"","ast-breadcrumbs-content":"","ast-featured-img":"","footer-sml-layout":"","theme-transparent-header-meta":"default","adv-header-id-meta":"","stick-header-meta":"","header-above-stick-meta":"","header-main-stick-meta":"","header-below-stick-meta":"","astra-migrate-meta-layouts":"set","ast-page-background-enabled":"default","ast-page-background-meta":{"desktop":{"background-color":"var(--ast-global-color-4)","background-image":"","background-repeat":"repeat","background-position":"center center","background-size":"auto","background-attachment":"scroll","background-type":"","background-media":"","overlay-type":"","overlay-color":"","overlay-opacity":"","overlay-gradient":""},"tablet":{"background-color":"","background-image":"","background-repeat":"repeat","background-position":"center center","background-size":"auto","background-attachment":"scroll","background-type":"","background-media":"","overlay-type":"","overlay-color":"","overlay-opacity":"","overlay-gradient":""},"mobile":{"background-color":"","background-image":"","background-repeat":"repeat","background-position":"center center","background-size":"auto","background-attachment":"scroll","background-type":"","background-media":"","overlay-type":"","overlay-color":"","overlay-opacity":"","overlay-gradient":""}},"ast-content-background-meta":{"desktop":{"background-color":"var(--ast-global-color-5)","background-image":"","background-repeat":"repeat","background-position":"center center","background-size":"auto","background-attachment":"scroll","background-type":"","background-media":"","overlay-type":"","overlay-color":"","overlay-opacity":"","overlay-gradient":""},"tablet":{"background-color":"var(--ast-global-color-5)","background-image":"","background-repeat":"repeat","background-position":"center center","background-size":"auto","background-attachment":"scroll","background-type":"","background-media":"","overlay-type":"","overlay-color":"","overlay-opacity":"","overlay-gradient":""},"mobile":{"background-color":"var(--ast-global-color-5)","background-image":"","background-repeat":"repeat","background-position":"center center","background-size":"auto","background-attachment":"scroll","background-type":"","background-media":"","overlay-type":"","overlay-color":"","overlay-opacity":"","overlay-gradient":""}},"footnotes":""},"categories":[1,29,85],"tags":[],"class_list":["post-2336","post","type-post","status-publish","format-standard","has-post-thumbnail","hentry","category-general","category-portada","category-videos-i-fotos"],"post_mailing_queue_ids":[],"_links":{"self":[{"href":"https:\/\/agora.xtec.cat\/cfalaverneda\/wp-json\/wp\/v2\/posts\/2336","targetHints":{"allow":["GET"]}}],"collection":[{"href":"https:\/\/agora.xtec.cat\/cfalaverneda\/wp-json\/wp\/v2\/posts"}],"about":[{"href":"https:\/\/agora.xtec.cat\/cfalaverneda\/wp-json\/wp\/v2\/types\/post"}],"author":[{"embeddable":true,"href":"https:\/\/agora.xtec.cat\/cfalaverneda\/wp-json\/wp\/v2\/users\/1"}],"replies":[{"embeddable":true,"href":"https:\/\/agora.xtec.cat\/cfalaverneda\/wp-json\/wp\/v2\/comments?post=2336"}],"version-history":[{"count":2,"href":"https:\/\/agora.xtec.cat\/cfalaverneda\/wp-json\/wp\/v2\/posts\/2336\/revisions"}],"predecessor-version":[{"id":3471,"href":"https:\/\/agora.xtec.cat\/cfalaverneda\/wp-json\/wp\/v2\/posts\/2336\/revisions\/3471"}],"wp:featuredmedia":[{"embeddable":true,"href":"https:\/\/agora.xtec.cat\/cfalaverneda\/wp-json\/wp\/v2\/media\/2734"}],"wp:attachment":[{"href":"https:\/\/agora.xtec.cat\/cfalaverneda\/wp-json\/wp\/v2\/media?parent=2336"}],"wp:term":[{"taxonomy":"category","embeddable":true,"href":"https:\/\/agora.xtec.cat\/cfalaverneda\/wp-json\/wp\/v2\/categories?post=2336"},{"taxonomy":"post_tag","embeddable":true,"href":"https:\/\/agora.xtec.cat\/cfalaverneda\/wp-json\/wp\/v2\/tags?post=2336"}],"curies":[{"name":"wp","href":"https:\/\/api.w.org\/{rel}","templated":true}]}}