{"id":2255,"date":"2024-05-15T16:07:12","date_gmt":"2024-05-15T14:07:12","guid":{"rendered":"https:\/\/agora.xtec.cat\/cfalaverneda\/?p=2255"},"modified":"2026-02-01T12:06:57","modified_gmt":"2026-02-01T11:06:57","slug":"viatge-de-final-de-curs-19-06-24","status":"publish","type":"post","link":"https:\/\/agora.xtec.cat\/cfalaverneda\/general\/viatge-de-final-de-curs-19-06-24\/","title":{"rendered":"Viatge de final de curs 19\/06\/24"},"content":{"rendered":"<p data-path-to-node=\"3\">El passat 19 de juny, l&#8217;alumnat del <b data-path-to-node=\"3\" data-index-in-node=\"36\">CFA La Verneda<\/b> va posar el fermall d&#8217;or al curs 2023-24 amb una sortida cultural i l\u00fadica a la vila medieval de <b data-path-to-node=\"3\" data-index-in-node=\"148\">Besal\u00fa<\/b>.<\/p>\n<p data-path-to-node=\"4\">Va ser una jornada magn\u00edfica on vam poder passejar pel seu emblem\u00e0tic pont rom\u00e0nic, rec\u00f3rrer el call jueu i descobrir la riquesa hist\u00f2rica d&#8217;aquest rac\u00f3 de la Garrotxa. M\u00e9s enll\u00e0 de la lli\u00e7\u00f3 d&#8217;hist\u00f2ria en viu, el viatge va ser l&#8217;escenari perfecte per acomiadar el curs compartint rialles, converses i moments de conviv\u00e8ncia fora de les aules.<\/p>\n<p data-path-to-node=\"5\">Aquestes sortides de final de curs ens recorden que la comunitat de la Verneda \u00e9s una gran fam\u00edlia que creix i apr\u00e8n unida. Marxem de vacances amb la motxilla plena de bons records i l&#8217;energia renovada.<\/p>\n<p><a href=\"https:\/\/agora.xtec.cat\/cfalaverneda\/wp-content\/uploads\/usu1193\/2024\/05\/Cartell-Girona-2024.jpg\"><img loading=\"lazy\" decoding=\"async\" class=\"size-large wp-image-2257 aligncenter\" src=\"https:\/\/agora.xtec.cat\/cfalaverneda\/wp-content\/uploads\/usu1193\/2024\/05\/Cartell-Girona-2024-576x1024.jpg\" alt=\"\" width=\"576\" height=\"1024\" \/><\/a><\/p>\n<p><!--a=1--><\/p>\n","protected":false},"excerpt":{"rendered":"<p>El passat 19 de juny, l&#8217;alumnat del CFA La Verneda va posar el fermall d&#8217;or al curs 2023-24 amb una sortida cultural i l\u00fadica a la vila medieval de Besal\u00fa. Va ser una jornada magn\u00edfica on vam poder passejar pel seu emblem\u00e0tic pont rom\u00e0nic, rec\u00f3rrer el call jueu i descobrir la riquesa hist\u00f2rica d&#8217;aquest rac\u00f3 [&hellip;]<\/p>\n","protected":false},"author":1,"featured_media":2257,"comment_status":"open","ping_status":"closed","sticky":false,"template":"","format":"standard","meta":{"_bbp_topic_count":0,"_bbp_reply_count":0,"_bbp_total_topic_count":0,"_bbp_total_reply_count":0,"_bbp_voice_count":0,"_bbp_anonymous_reply_count":0,"_bbp_topic_count_hidden":0,"_bbp_reply_count_hidden":0,"_bbp_forum_subforum_count":0,"site-sidebar-layout":"default","site-content-layout":"","ast-site-content-layout":"default","site-content-style":"default","site-sidebar-style":"default","ast-global-header-display":"","ast-banner-title-visibility":"","ast-main-header-display":"","ast-hfb-above-header-display":"","ast-hfb-below-header-display":"","ast-hfb-mobile-header-display":"","site-post-title":"","ast-breadcrumbs-content":"","ast-featured-img":"","footer-sml-layout":"","theme-transparent-header-meta":"default","adv-header-id-meta":"","stick-header-meta":"","header-above-stick-meta":"","header-main-stick-meta":"","header-below-stick-meta":"","astra-migrate-meta-layouts":"set","ast-page-background-enabled":"default","ast-page-background-meta":{"desktop":{"background-color":"var(--ast-global-color-4)","background-image":"","background-repeat":"repeat","background-position":"center center","background-size":"auto","background-attachment":"scroll","background-type":"","background-media":"","overlay-type":"","overlay-color":"","overlay-opacity":"","overlay-gradient":""},"tablet":{"background-color":"","background-image":"","background-repeat":"repeat","background-position":"center center","background-size":"auto","background-attachment":"scroll","background-type":"","background-media":"","overlay-type":"","overlay-color":"","overlay-opacity":"","overlay-gradient":""},"mobile":{"background-color":"","background-image":"","background-repeat":"repeat","background-position":"center center","background-size":"auto","background-attachment":"scroll","background-type":"","background-media":"","overlay-type":"","overlay-color":"","overlay-opacity":"","overlay-gradient":""}},"ast-content-background-meta":{"desktop":{"background-color":"var(--ast-global-color-5)","background-image":"","background-repeat":"repeat","background-position":"center center","background-size":"auto","background-attachment":"scroll","background-type":"","background-media":"","overlay-type":"","overlay-color":"","overlay-opacity":"","overlay-gradient":""},"tablet":{"background-color":"var(--ast-global-color-5)","background-image":"","background-repeat":"repeat","background-position":"center center","background-size":"auto","background-attachment":"scroll","background-type":"","background-media":"","overlay-type":"","overlay-color":"","overlay-opacity":"","overlay-gradient":""},"mobile":{"background-color":"var(--ast-global-color-5)","background-image":"","background-repeat":"repeat","background-position":"center center","background-size":"auto","background-attachment":"scroll","background-type":"","background-media":"","overlay-type":"","overlay-color":"","overlay-opacity":"","overlay-gradient":""}},"footnotes":""},"categories":[1,29,85],"tags":[],"class_list":["post-2255","post","type-post","status-publish","format-standard","has-post-thumbnail","hentry","category-general","category-portada","category-videos-i-fotos"],"post_mailing_queue_ids":[],"_links":{"self":[{"href":"https:\/\/agora.xtec.cat\/cfalaverneda\/wp-json\/wp\/v2\/posts\/2255","targetHints":{"allow":["GET"]}}],"collection":[{"href":"https:\/\/agora.xtec.cat\/cfalaverneda\/wp-json\/wp\/v2\/posts"}],"about":[{"href":"https:\/\/agora.xtec.cat\/cfalaverneda\/wp-json\/wp\/v2\/types\/post"}],"author":[{"embeddable":true,"href":"https:\/\/agora.xtec.cat\/cfalaverneda\/wp-json\/wp\/v2\/users\/1"}],"replies":[{"embeddable":true,"href":"https:\/\/agora.xtec.cat\/cfalaverneda\/wp-json\/wp\/v2\/comments?post=2255"}],"version-history":[{"count":4,"href":"https:\/\/agora.xtec.cat\/cfalaverneda\/wp-json\/wp\/v2\/posts\/2255\/revisions"}],"predecessor-version":[{"id":3467,"href":"https:\/\/agora.xtec.cat\/cfalaverneda\/wp-json\/wp\/v2\/posts\/2255\/revisions\/3467"}],"wp:featuredmedia":[{"embeddable":true,"href":"https:\/\/agora.xtec.cat\/cfalaverneda\/wp-json\/wp\/v2\/media\/2257"}],"wp:attachment":[{"href":"https:\/\/agora.xtec.cat\/cfalaverneda\/wp-json\/wp\/v2\/media?parent=2255"}],"wp:term":[{"taxonomy":"category","embeddable":true,"href":"https:\/\/agora.xtec.cat\/cfalaverneda\/wp-json\/wp\/v2\/categories?post=2255"},{"taxonomy":"post_tag","embeddable":true,"href":"https:\/\/agora.xtec.cat\/cfalaverneda\/wp-json\/wp\/v2\/tags?post=2255"}],"curies":[{"name":"wp","href":"https:\/\/api.w.org\/{rel}","templated":true}]}}