{"id":2227,"date":"2024-04-23T15:38:33","date_gmt":"2024-04-23T13:38:33","guid":{"rendered":"https:\/\/agora.xtec.cat\/cfalaverneda\/?p=2227"},"modified":"2026-02-01T12:03:21","modified_gmt":"2026-02-01T11:03:21","slug":"premis-sant-jordi-2024","status":"publish","type":"post","link":"https:\/\/agora.xtec.cat\/cfalaverneda\/general\/premis-sant-jordi-2024\/","title":{"rendered":"Guanyadors i guanyadores del Sant Jordi 2024"},"content":{"rendered":"<p>Despr\u00e9s de les deliberacions del jurat format per docents del CFA La Verneda, ens plau comunicar-vos quins s\u00f3n els microrelats guanyadors per a cada categoria i quin \u00e9s el v\u00eddeo curt guanyador en la seva categoria.<\/p>\n<h4>1r Concurs de microrelats del CFA La Verneda<\/h4>\n<h6>Categoria catal\u00e0 de GESO<\/h6>\n<p>Guanyador: Iv\u00e1n Alfaro Corral amb el microrelat &#8220;Mama&#8221;.<\/p>\n<p><a href=\"https:\/\/agora.xtec.cat\/cfalaverneda\/wp-content\/uploads\/usu1193\/2024\/04\/mama.jpg\"><img loading=\"lazy\" decoding=\"async\" class=\"alignnone size-large wp-image-2245\" src=\"https:\/\/agora.xtec.cat\/cfalaverneda\/wp-content\/uploads\/usu1193\/2024\/04\/mama-1024x807.jpg\" alt=\"\" width=\"1024\" height=\"807\" srcset=\"https:\/\/agora.xtec.cat\/cfalaverneda\/wp-content\/uploads\/usu1193\/2024\/04\/mama-1024x807.jpg 1024w, https:\/\/agora.xtec.cat\/cfalaverneda\/wp-content\/uploads\/usu1193\/2024\/04\/mama-300x236.jpg 300w, https:\/\/agora.xtec.cat\/cfalaverneda\/wp-content\/uploads\/usu1193\/2024\/04\/mama-768x605.jpg 768w, https:\/\/agora.xtec.cat\/cfalaverneda\/wp-content\/uploads\/usu1193\/2024\/04\/mama-1536x1210.jpg 1536w, https:\/\/agora.xtec.cat\/cfalaverneda\/wp-content\/uploads\/usu1193\/2024\/04\/mama.jpg 1550w\" sizes=\"auto, (max-width: 1024px) 100vw, 1024px\" \/><\/a><\/p>\n<h6>Categoria castell\u00e0 de GESO<\/h6>\n<p>Guanyadora: Melany Trujillo Quirama amb el microrelat &#8220;P\u00e1lpito&#8221;<\/p>\n<p><a href=\"https:\/\/agora.xtec.cat\/cfalaverneda\/wp-content\/uploads\/usu1193\/2024\/04\/Palpito.jpg\"><img loading=\"lazy\" decoding=\"async\" class=\"alignnone size-large wp-image-2248\" src=\"https:\/\/agora.xtec.cat\/cfalaverneda\/wp-content\/uploads\/usu1193\/2024\/04\/Palpito-1024x563.jpg\" alt=\"\" width=\"1024\" height=\"563\" srcset=\"https:\/\/agora.xtec.cat\/cfalaverneda\/wp-content\/uploads\/usu1193\/2024\/04\/Palpito-1024x563.jpg 1024w, https:\/\/agora.xtec.cat\/cfalaverneda\/wp-content\/uploads\/usu1193\/2024\/04\/Palpito-300x165.jpg 300w, https:\/\/agora.xtec.cat\/cfalaverneda\/wp-content\/uploads\/usu1193\/2024\/04\/Palpito-768x422.jpg 768w, https:\/\/agora.xtec.cat\/cfalaverneda\/wp-content\/uploads\/usu1193\/2024\/04\/Palpito-1536x844.jpg 1536w, https:\/\/agora.xtec.cat\/cfalaverneda\/wp-content\/uploads\/usu1193\/2024\/04\/Palpito.jpg 1648w\" sizes=\"auto, (max-width: 1024px) 100vw, 1024px\" \/><\/a><\/p>\n<h6>Categoria catal\u00e0<\/h6>\n<p>Guanyador: Jos\u00e9 Luis Armillas Miranda amb el microrelat &#8220;El mirall dels teus ulls&#8221;<\/p>\n<p><a href=\"https:\/\/agora.xtec.cat\/cfalaverneda\/wp-content\/uploads\/usu1193\/2024\/04\/el-miral-dels-teus-ulls.jpg\"><img loading=\"lazy\" decoding=\"async\" class=\"alignnone size-large wp-image-2249\" src=\"https:\/\/agora.xtec.cat\/cfalaverneda\/wp-content\/uploads\/usu1193\/2024\/04\/el-miral-dels-teus-ulls-1024x922.jpg\" alt=\"\" width=\"1024\" height=\"922\" srcset=\"https:\/\/agora.xtec.cat\/cfalaverneda\/wp-content\/uploads\/usu1193\/2024\/04\/el-miral-dels-teus-ulls-1024x922.jpg 1024w, https:\/\/agora.xtec.cat\/cfalaverneda\/wp-content\/uploads\/usu1193\/2024\/04\/el-miral-dels-teus-ulls-300x270.jpg 300w, https:\/\/agora.xtec.cat\/cfalaverneda\/wp-content\/uploads\/usu1193\/2024\/04\/el-miral-dels-teus-ulls-768x692.jpg 768w, https:\/\/agora.xtec.cat\/cfalaverneda\/wp-content\/uploads\/usu1193\/2024\/04\/el-miral-dels-teus-ulls.jpg 1207w\" sizes=\"auto, (max-width: 1024px) 100vw, 1024px\" \/><\/a><\/p>\n<h6>Categoria castell\u00e0<\/h6>\n<p>Guanyador: Sel\u00e7uk \u00d6z amb el microrelat &#8220;La vida&#8221;<\/p>\n<p><a href=\"https:\/\/agora.xtec.cat\/cfalaverneda\/wp-content\/uploads\/usu1193\/2024\/04\/la-vida.jpg\"><img loading=\"lazy\" decoding=\"async\" class=\"alignnone size-large wp-image-2246\" src=\"https:\/\/agora.xtec.cat\/cfalaverneda\/wp-content\/uploads\/usu1193\/2024\/04\/la-vida-1024x714.jpg\" alt=\"\" width=\"1024\" height=\"714\" srcset=\"https:\/\/agora.xtec.cat\/cfalaverneda\/wp-content\/uploads\/usu1193\/2024\/04\/la-vida-1024x714.jpg 1024w, https:\/\/agora.xtec.cat\/cfalaverneda\/wp-content\/uploads\/usu1193\/2024\/04\/la-vida-300x209.jpg 300w, https:\/\/agora.xtec.cat\/cfalaverneda\/wp-content\/uploads\/usu1193\/2024\/04\/la-vida-768x536.jpg 768w, https:\/\/agora.xtec.cat\/cfalaverneda\/wp-content\/uploads\/usu1193\/2024\/04\/la-vida.jpg 1240w\" sizes=\"auto, (max-width: 1024px) 100vw, 1024px\" \/><\/a><\/p>\n<h6>Categoria angl\u00e8s<\/h6>\n<p>Guanyadora: Pilar Mart\u00edn Bonaga amb el microrelat &#8220;Last year Bella grew&#8221;<\/p>\n<p><a href=\"https:\/\/agora.xtec.cat\/cfalaverneda\/wp-content\/uploads\/usu1193\/2024\/04\/last-year-bella-grew.jpg\"><img loading=\"lazy\" decoding=\"async\" class=\"alignnone size-large wp-image-2247\" src=\"https:\/\/agora.xtec.cat\/cfalaverneda\/wp-content\/uploads\/usu1193\/2024\/04\/last-year-bella-grew-758x1024.jpg\" alt=\"\" width=\"758\" height=\"1024\" srcset=\"https:\/\/agora.xtec.cat\/cfalaverneda\/wp-content\/uploads\/usu1193\/2024\/04\/last-year-bella-grew-758x1024.jpg 758w, https:\/\/agora.xtec.cat\/cfalaverneda\/wp-content\/uploads\/usu1193\/2024\/04\/last-year-bella-grew-222x300.jpg 222w, https:\/\/agora.xtec.cat\/cfalaverneda\/wp-content\/uploads\/usu1193\/2024\/04\/last-year-bella-grew-768x1038.jpg 768w, https:\/\/agora.xtec.cat\/cfalaverneda\/wp-content\/uploads\/usu1193\/2024\/04\/last-year-bella-grew-1137x1536.jpg 1137w, https:\/\/agora.xtec.cat\/cfalaverneda\/wp-content\/uploads\/usu1193\/2024\/04\/last-year-bella-grew.jpg 1324w\" sizes=\"auto, (max-width: 758px) 100vw, 758px\" \/><\/a><\/p>\n<h4>1r Concurs de v\u00eddeos curts del CFA La Verneda<\/h4>\n<h6>Categoria COMPETIC<\/h6>\n<p>Guanyadora: <strong>Puri Fern\u00e1ndez Pulgar\u00edn<\/strong> amb el v\u00eddeo &#8220;Qu\u00e8 \u00e9s per a mi Sant Jordi?&#8221;<\/p>\n<div class=\"embed-container\" style=\"position: relative; padding-bottom: 59.27%; height: 0; overflow: hidden; max-width: 100%;\"><iframe loading=\"lazy\" style=\"position: absolute; top: 0; left: 0; width: 100%; height: 100%;\" src=\"https:\/\/drive.google.com\/file\/d\/1KMi8dRxWducZvApvxozJMkUGCOIwjynq\/preview\" width=\"960\" height=\"569\" frameborder=\"0\"><\/iframe><\/div>\n<p>&nbsp;<\/p>\n<p>Mereix una menci\u00f3 especial el v\u00eddeo &#8220;Cuenta la leyenda que&#8230;&#8221; de l&#8217;alumna Vanessa Ruis\u00e1nchez Queral.<\/p>\n<div class=\"embed-container\" style=\"position: relative; padding-bottom: 59.27%; height: 0; overflow: hidden; max-width: 100%;\"><iframe loading=\"lazy\" style=\"position: absolute; top: 0; left: 0; width: 100%; height: 100%;\" src=\"https:\/\/drive.google.com\/file\/d\/1TKAf-dFl88EVf9IwqQeUjVVs3FU5-OyH\/preview\" width=\"960\" height=\"569\" frameborder=\"0\"><\/iframe><\/div>\n<p>&nbsp;<\/p>\n<p>Moltes gr\u00e0cies a tots i totes les alumnes per participar. I m\u00e9s enll\u00e0 dels premis, tots som guanyadors i guanyadores en el dia de la rosa, els llibres i l&#8217;amor a la cultura.<\/p>\n<p><a href=\"https:\/\/agora.xtec.cat\/cfalaverneda\/wp-content\/uploads\/usu1193\/2024\/04\/Sant-Jordi-2024-4.jpg\"><img loading=\"lazy\" decoding=\"async\" class=\"alignnone wp-image-2251 size-large\" src=\"https:\/\/agora.xtec.cat\/cfalaverneda\/wp-content\/uploads\/usu1193\/2024\/04\/Sant-Jordi-2024-4-1024x641.jpg\" alt=\"\" width=\"1024\" height=\"641\" srcset=\"https:\/\/agora.xtec.cat\/cfalaverneda\/wp-content\/uploads\/usu1193\/2024\/04\/Sant-Jordi-2024-4-1024x641.jpg 1024w, https:\/\/agora.xtec.cat\/cfalaverneda\/wp-content\/uploads\/usu1193\/2024\/04\/Sant-Jordi-2024-4-300x188.jpg 300w, https:\/\/agora.xtec.cat\/cfalaverneda\/wp-content\/uploads\/usu1193\/2024\/04\/Sant-Jordi-2024-4-768x481.jpg 768w, https:\/\/agora.xtec.cat\/cfalaverneda\/wp-content\/uploads\/usu1193\/2024\/04\/Sant-Jordi-2024-4-1536x962.jpg 1536w, https:\/\/agora.xtec.cat\/cfalaverneda\/wp-content\/uploads\/usu1193\/2024\/04\/Sant-Jordi-2024-4-2048x1282.jpg 2048w\" sizes=\"auto, (max-width: 1024px) 100vw, 1024px\" \/><\/a><\/p>\n<p><!----comment node----><!--a=1--><\/p>\n","protected":false},"excerpt":{"rendered":"<p>Despr\u00e9s de les deliberacions del jurat format per docents del CFA La Verneda, ens plau comunicar-vos quins s\u00f3n els microrelats guanyadors per a cada categoria i quin \u00e9s el v\u00eddeo curt guanyador en la seva categoria. 1r Concurs de microrelats del CFA La Verneda Categoria catal\u00e0 de GESO Guanyador: Iv\u00e1n Alfaro Corral amb el microrelat [&hellip;]<\/p>\n","protected":false},"author":1,"featured_media":2246,"comment_status":"open","ping_status":"closed","sticky":false,"template":"","format":"standard","meta":{"_bbp_topic_count":0,"_bbp_reply_count":0,"_bbp_total_topic_count":0,"_bbp_total_reply_count":0,"_bbp_voice_count":0,"_bbp_anonymous_reply_count":0,"_bbp_topic_count_hidden":0,"_bbp_reply_count_hidden":0,"_bbp_forum_subforum_count":0,"site-sidebar-layout":"default","site-content-layout":"","ast-site-content-layout":"default","site-content-style":"default","site-sidebar-style":"default","ast-global-header-display":"","ast-banner-title-visibility":"","ast-main-header-display":"","ast-hfb-above-header-display":"","ast-hfb-below-header-display":"","ast-hfb-mobile-header-display":"","site-post-title":"","ast-breadcrumbs-content":"","ast-featured-img":"","footer-sml-layout":"","theme-transparent-header-meta":"default","adv-header-id-meta":"","stick-header-meta":"","header-above-stick-meta":"","header-main-stick-meta":"","header-below-stick-meta":"","astra-migrate-meta-layouts":"set","ast-page-background-enabled":"default","ast-page-background-meta":{"desktop":{"background-color":"var(--ast-global-color-4)","background-image":"","background-repeat":"repeat","background-position":"center center","background-size":"auto","background-attachment":"scroll","background-type":"","background-media":"","overlay-type":"","overlay-color":"","overlay-opacity":"","overlay-gradient":""},"tablet":{"background-color":"","background-image":"","background-repeat":"repeat","background-position":"center center","background-size":"auto","background-attachment":"scroll","background-type":"","background-media":"","overlay-type":"","overlay-color":"","overlay-opacity":"","overlay-gradient":""},"mobile":{"background-color":"","background-image":"","background-repeat":"repeat","background-position":"center center","background-size":"auto","background-attachment":"scroll","background-type":"","background-media":"","overlay-type":"","overlay-color":"","overlay-opacity":"","overlay-gradient":""}},"ast-content-background-meta":{"desktop":{"background-color":"var(--ast-global-color-5)","background-image":"","background-repeat":"repeat","background-position":"center center","background-size":"auto","background-attachment":"scroll","background-type":"","background-media":"","overlay-type":"","overlay-color":"","overlay-opacity":"","overlay-gradient":""},"tablet":{"background-color":"var(--ast-global-color-5)","background-image":"","background-repeat":"repeat","background-position":"center center","background-size":"auto","background-attachment":"scroll","background-type":"","background-media":"","overlay-type":"","overlay-color":"","overlay-opacity":"","overlay-gradient":""},"mobile":{"background-color":"var(--ast-global-color-5)","background-image":"","background-repeat":"repeat","background-position":"center center","background-size":"auto","background-attachment":"scroll","background-type":"","background-media":"","overlay-type":"","overlay-color":"","overlay-opacity":"","overlay-gradient":""}},"footnotes":""},"categories":[1,29,85],"tags":[],"class_list":["post-2227","post","type-post","status-publish","format-standard","has-post-thumbnail","hentry","category-general","category-portada","category-videos-i-fotos"],"post_mailing_queue_ids":[],"_links":{"self":[{"href":"https:\/\/agora.xtec.cat\/cfalaverneda\/wp-json\/wp\/v2\/posts\/2227","targetHints":{"allow":["GET"]}}],"collection":[{"href":"https:\/\/agora.xtec.cat\/cfalaverneda\/wp-json\/wp\/v2\/posts"}],"about":[{"href":"https:\/\/agora.xtec.cat\/cfalaverneda\/wp-json\/wp\/v2\/types\/post"}],"author":[{"embeddable":true,"href":"https:\/\/agora.xtec.cat\/cfalaverneda\/wp-json\/wp\/v2\/users\/1"}],"replies":[{"embeddable":true,"href":"https:\/\/agora.xtec.cat\/cfalaverneda\/wp-json\/wp\/v2\/comments?post=2227"}],"version-history":[{"count":6,"href":"https:\/\/agora.xtec.cat\/cfalaverneda\/wp-json\/wp\/v2\/posts\/2227\/revisions"}],"predecessor-version":[{"id":3465,"href":"https:\/\/agora.xtec.cat\/cfalaverneda\/wp-json\/wp\/v2\/posts\/2227\/revisions\/3465"}],"wp:featuredmedia":[{"embeddable":true,"href":"https:\/\/agora.xtec.cat\/cfalaverneda\/wp-json\/wp\/v2\/media\/2246"}],"wp:attachment":[{"href":"https:\/\/agora.xtec.cat\/cfalaverneda\/wp-json\/wp\/v2\/media?parent=2227"}],"wp:term":[{"taxonomy":"category","embeddable":true,"href":"https:\/\/agora.xtec.cat\/cfalaverneda\/wp-json\/wp\/v2\/categories?post=2227"},{"taxonomy":"post_tag","embeddable":true,"href":"https:\/\/agora.xtec.cat\/cfalaverneda\/wp-json\/wp\/v2\/tags?post=2227"}],"curies":[{"name":"wp","href":"https:\/\/api.w.org\/{rel}","templated":true}]}}