{"id":2008,"date":"2023-10-10T21:10:34","date_gmt":"2023-10-10T19:10:34","guid":{"rendered":"https:\/\/agora.xtec.cat\/cfalaverneda\/?p=2008"},"modified":"2025-06-26T19:09:48","modified_gmt":"2025-06-26T17:09:48","slug":"la-millor-biblioteca-publica-del-mon","status":"publish","type":"post","link":"https:\/\/agora.xtec.cat\/cfalaverneda\/general\/la-millor-biblioteca-publica-del-mon\/","title":{"rendered":"La millor biblioteca p\u00fablica del m\u00f3n"},"content":{"rendered":"<p><a href=\"https:\/\/agora.xtec.cat\/cfalaverneda\/wp-content\/uploads\/usu1193\/2023\/10\/Garci\u0301a-Ma\u0301rquez.jpg\"><img loading=\"lazy\" decoding=\"async\" class=\"wp-image-2009 alignleft\" src=\"https:\/\/agora.xtec.cat\/cfalaverneda\/wp-content\/uploads\/usu1193\/2023\/10\/Garci\u0301a-Ma\u0301rquez.jpg\" alt=\"\" width=\"395\" height=\"263\" srcset=\"https:\/\/agora.xtec.cat\/cfalaverneda\/wp-content\/uploads\/usu1193\/2023\/10\/Garci\u0301a-Ma\u0301rquez.jpg 692w, https:\/\/agora.xtec.cat\/cfalaverneda\/wp-content\/uploads\/usu1193\/2023\/10\/Garci\u0301a-Ma\u0301rquez-300x199.jpg 300w\" sizes=\"auto, (max-width: 395px) 100vw, 395px\" \/><\/a>Es diu \u201cGabriel Garc\u00eda M\u00e1rquez\u201d i la tenim al nostre barri de Sant Mart\u00ed de Proven\u00e7als. El passat 21 d\u2019agost la Federaci\u00f3 Internacional d\u2019Associacions i Institucions Bibliotec\u00e0ries (IFLA) i Systematic van lliurar el premi a aquesta biblioteca durant el Congr\u00e9s Mundial de Biblioteques i Informaci\u00f3 celebrat a Rotterdam. La nova biblioteca del barri va ser inaugurada el 28 de maig de 2022, est\u00e0 especialitzada en literatura llatinoamericana i porta el nom del Premi Nobel de Literatura colombi\u00e0 Gabriel Garc\u00eda M\u00e1rquez que va viure a la ciutat del 1967 al 1975.<!--more--><\/p>\n<p>La biblioteca compta tamb\u00e9 amb les seccions tem\u00e0tiques habituals d\u2019una biblioteca: infantil i juvenil, ficci\u00f3 i no-ficci\u00f3, c\u00f2mic, hemeroteca, assaig, cinema i m\u00fasica, una sala d\u2019actes, diversos espais tecnol\u00f2gics, de reuni\u00f3, estudi i lectura i un espai sensorial infantil. Penseu que amb el carnet gratu\u00eft de les Biblioteques de Barcelona podem accedir a tots els serveis oferts per les biblioteques de la ciutat i, a m\u00e9s a m\u00e9s, ens podem beneficiar de tot un seguit de descomptes a diferents entitats culturals, com ara llibreries, museus, teatres, cinemes, etc.:<\/p>\n<p><a href=\"https:\/\/ajuntament.barcelona.cat\/biblioteques\/sites\/default\/files\/descomptes.pdf\">https:\/\/ajuntament.barcelona.cat\/biblioteques\/sites\/default\/files\/descomptes.pdf<\/a><\/p>\n<p>Si encara no heu visitat aquesta joia arquitect\u00f2nica, feu un pensament i aprofiteu la visita per treure en pr\u00e9stec algun llibre, CD o pel\u00b7l\u00edcula interessants!<\/p>\n<p>&nbsp;<\/p>\n","protected":false},"excerpt":{"rendered":"<p>Es diu \u201cGabriel Garc\u00eda M\u00e1rquez\u201d i la tenim al nostre barri de Sant Mart\u00ed de Proven\u00e7als. El passat 21 d\u2019agost la Federaci\u00f3 Internacional d\u2019Associacions i Institucions Bibliotec\u00e0ries (IFLA) i Systematic van lliurar el premi a aquesta biblioteca durant el Congr\u00e9s Mundial de Biblioteques i Informaci\u00f3 celebrat a Rotterdam. La nova biblioteca del barri va ser [&hellip;]<\/p>\n","protected":false},"author":1,"featured_media":2009,"comment_status":"open","ping_status":"closed","sticky":false,"template":"","format":"standard","meta":{"_bbp_topic_count":0,"_bbp_reply_count":0,"_bbp_total_topic_count":0,"_bbp_total_reply_count":0,"_bbp_voice_count":0,"_bbp_anonymous_reply_count":0,"_bbp_topic_count_hidden":0,"_bbp_reply_count_hidden":0,"_bbp_forum_subforum_count":0,"site-sidebar-layout":"default","site-content-layout":"","ast-site-content-layout":"","site-content-style":"default","site-sidebar-style":"default","ast-global-header-display":"","ast-banner-title-visibility":"","ast-main-header-display":"","ast-hfb-above-header-display":"","ast-hfb-below-header-display":"","ast-hfb-mobile-header-display":"","site-post-title":"","ast-breadcrumbs-content":"","ast-featured-img":"","footer-sml-layout":"","theme-transparent-header-meta":"","adv-header-id-meta":"","stick-header-meta":"","header-above-stick-meta":"","header-main-stick-meta":"","header-below-stick-meta":"","astra-migrate-meta-layouts":"default","ast-page-background-enabled":"default","ast-page-background-meta":{"desktop":{"background-color":"var(--ast-global-color-4)","background-image":"","background-repeat":"repeat","background-position":"center center","background-size":"auto","background-attachment":"scroll","background-type":"","background-media":"","overlay-type":"","overlay-color":"","overlay-opacity":"","overlay-gradient":""},"tablet":{"background-color":"","background-image":"","background-repeat":"repeat","background-position":"center center","background-size":"auto","background-attachment":"scroll","background-type":"","background-media":"","overlay-type":"","overlay-color":"","overlay-opacity":"","overlay-gradient":""},"mobile":{"background-color":"","background-image":"","background-repeat":"repeat","background-position":"center center","background-size":"auto","background-attachment":"scroll","background-type":"","background-media":"","overlay-type":"","overlay-color":"","overlay-opacity":"","overlay-gradient":""}},"ast-content-background-meta":{"desktop":{"background-color":"var(--ast-global-color-5)","background-image":"","background-repeat":"repeat","background-position":"center center","background-size":"auto","background-attachment":"scroll","background-type":"","background-media":"","overlay-type":"","overlay-color":"","overlay-opacity":"","overlay-gradient":""},"tablet":{"background-color":"var(--ast-global-color-5)","background-image":"","background-repeat":"repeat","background-position":"center center","background-size":"auto","background-attachment":"scroll","background-type":"","background-media":"","overlay-type":"","overlay-color":"","overlay-opacity":"","overlay-gradient":""},"mobile":{"background-color":"var(--ast-global-color-5)","background-image":"","background-repeat":"repeat","background-position":"center center","background-size":"auto","background-attachment":"scroll","background-type":"","background-media":"","overlay-type":"","overlay-color":"","overlay-opacity":"","overlay-gradient":""}},"footnotes":""},"categories":[1,29],"tags":[],"class_list":["post-2008","post","type-post","status-publish","format-standard","has-post-thumbnail","hentry","category-general","category-portada"],"post_mailing_queue_ids":[],"_links":{"self":[{"href":"https:\/\/agora.xtec.cat\/cfalaverneda\/wp-json\/wp\/v2\/posts\/2008","targetHints":{"allow":["GET"]}}],"collection":[{"href":"https:\/\/agora.xtec.cat\/cfalaverneda\/wp-json\/wp\/v2\/posts"}],"about":[{"href":"https:\/\/agora.xtec.cat\/cfalaverneda\/wp-json\/wp\/v2\/types\/post"}],"author":[{"embeddable":true,"href":"https:\/\/agora.xtec.cat\/cfalaverneda\/wp-json\/wp\/v2\/users\/1"}],"replies":[{"embeddable":true,"href":"https:\/\/agora.xtec.cat\/cfalaverneda\/wp-json\/wp\/v2\/comments?post=2008"}],"version-history":[{"count":6,"href":"https:\/\/agora.xtec.cat\/cfalaverneda\/wp-json\/wp\/v2\/posts\/2008\/revisions"}],"predecessor-version":[{"id":2836,"href":"https:\/\/agora.xtec.cat\/cfalaverneda\/wp-json\/wp\/v2\/posts\/2008\/revisions\/2836"}],"wp:featuredmedia":[{"embeddable":true,"href":"https:\/\/agora.xtec.cat\/cfalaverneda\/wp-json\/wp\/v2\/media\/2009"}],"wp:attachment":[{"href":"https:\/\/agora.xtec.cat\/cfalaverneda\/wp-json\/wp\/v2\/media?parent=2008"}],"wp:term":[{"taxonomy":"category","embeddable":true,"href":"https:\/\/agora.xtec.cat\/cfalaverneda\/wp-json\/wp\/v2\/categories?post=2008"},{"taxonomy":"post_tag","embeddable":true,"href":"https:\/\/agora.xtec.cat\/cfalaverneda\/wp-json\/wp\/v2\/tags?post=2008"}],"curies":[{"name":"wp","href":"https:\/\/api.w.org\/{rel}","templated":true}]}}