{"id":1651,"date":"2023-01-30T17:00:36","date_gmt":"2023-01-30T16:00:36","guid":{"rendered":"https:\/\/agora.xtec.cat\/cfalaverneda\/?p=1651"},"modified":"2026-02-01T11:41:37","modified_gmt":"2026-02-01T10:41:37","slug":"jornades-culturals-2023","status":"publish","type":"post","link":"https:\/\/agora.xtec.cat\/cfalaverneda\/general\/jornades-culturals-2023\/","title":{"rendered":"Jornades Culturals i Sant Jordi 2023"},"content":{"rendered":"<p data-path-to-node=\"3\">El passat mes de febrer, el <b data-path-to-node=\"3\" data-index-in-node=\"28\">CFA La Verneda<\/b> es va omplir de vida amb la celebraci\u00f3 de les nostres <b data-path-to-node=\"3\" data-index-in-node=\"97\">Jornades Culturals 2023<\/b>. Durant els dies 15 i 16, l&#8217;alumnat va deixar aparcada la rutina de les aules per submergir-se en un ventall d&#8217;activitats que van barrejar l&#8217;art, la reflexi\u00f3 social i la descoberta del nostre entorn m\u00e9s proper.<a href=\"https:\/\/agora.xtec.cat\/cfalaverneda\/wp-content\/uploads\/usu1193\/2023\/02\/MHCat3.jpg\"><img loading=\"lazy\" decoding=\"async\" class=\"size-full wp-image-1720 alignright\" src=\"https:\/\/agora.xtec.cat\/cfalaverneda\/wp-content\/uploads\/usu1193\/2023\/02\/MHCat3.jpg\" alt=\"\" width=\"475\" height=\"320\" srcset=\"https:\/\/agora.xtec.cat\/cfalaverneda\/wp-content\/uploads\/usu1193\/2023\/02\/MHCat3.jpg 475w, https:\/\/agora.xtec.cat\/cfalaverneda\/wp-content\/uploads\/usu1193\/2023\/02\/MHCat3-300x202.jpg 300w\" sizes=\"auto, (max-width: 475px) 100vw, 475px\" \/><\/a><\/p>\n<p data-path-to-node=\"4\">Vam tenir el plaer de gaudir d&#8217;una enriquidora <b data-path-to-node=\"4\" data-index-in-node=\"47\">xerrada sobre fotografia<\/b>, on vam aprendre a mirar el m\u00f3n a trav\u00e9s de l&#8217;objectiu, i vam compartir emocions amb la <b data-path-to-node=\"4\" data-index-in-node=\"160\">projecci\u00f3 i posterior debat de la pel\u00b7l\u00edcula &#8220;Alcarr\u00e0s&#8221;<\/b>, que ens va fer reflexionar sobre la terra i les nostres arrels.<\/p>\n<p data-path-to-node=\"5\">Per\u00f2 la cultura tamb\u00e9 va sortir al carrer amb un seguit de visites guiades que no van deixar ning\u00fa indiferent:<\/p>\n<ul data-path-to-node=\"6\">\n<li>\n<p data-path-to-node=\"6,0,0\">Vam explorar la biodiversitat al <a href=\"https:\/\/museuciencies.cat\/\" target=\"_blank\" rel=\"noopener\"><strong>Museu de les Ci\u00e8ncies Naturals de Barcelona<\/strong>.<\/a><\/p>\n<\/li>\n<li>\n<p data-path-to-node=\"6,1,0\">Ens vam endinsar en les profunditats de la ciutat amb la visita a la <a href=\"https:\/\/ajuntament.barcelona.cat\/ecologiaurbana\/ca\/serveis\/la-ciutat-funciona\/manteniment-de-l-espai-public\/gestio-integral-de-l-aigua\/sanejament\" target=\"_blank\" rel=\"noopener\"><b data-path-to-node=\"6,1,0\" data-index-in-node=\"69\">Xarxa de Clavegueram<\/b><\/a>, una experi\u00e8ncia sorprenent i pedag\u00f2gica.<\/p>\n<\/li>\n<li>\n<p data-path-to-node=\"6,2,0\">Vam rec\u00f3rrer el nostre passat al <a href=\"https:\/\/www.mhcat.cat\/\" target=\"_blank\" rel=\"noopener\"><b data-path-to-node=\"6,2,0\" data-index-in-node=\"33\">Museu d\u2019Hist\u00f2ria de Catalunya<\/b><\/a>, connectant els fets hist\u00f2rics amb el present.<\/p>\n<\/li>\n<\/ul>\n<p>Aquestes jornades, van donar peu m\u00e9s tard a continuar amb l&#8217;esperit literari de <b data-path-to-node=\"7\" data-index-in-node=\"62\">Sant Jordi<\/b>, van ser una mostra m\u00e9s de la vitalitat del nostre centre. Volem agrair a tot l&#8217;alumnat la seva participaci\u00f3 i entusiasme en cada activitat. Records com aquests ens recorden que aprendre \u00e9s, sobretot, compartir experi\u00e8ncies.<\/p>\n<div class=\"ast-oembed-container \" style=\"height: 100%;\"><iframe loading=\"lazy\" title=\"Sant Jordi 2023\" width=\"500\" height=\"375\" src=\"https:\/\/www.youtube.com\/embed\/Q05nc8h2Zv4?feature=oembed\" frameborder=\"0\" allow=\"accelerometer; autoplay; clipboard-write; encrypted-media; gyroscope; picture-in-picture; web-share\" referrerpolicy=\"strict-origin-when-cross-origin\" allowfullscreen><\/iframe><\/div>\n<p>&nbsp;<\/p>\n<p><!--a=1--><\/p>\n","protected":false},"excerpt":{"rendered":"<p>El passat mes de febrer, el CFA La Verneda es va omplir de vida amb la celebraci\u00f3 de les nostres Jornades Culturals 2023. Durant els dies 15 i 16, l&#8217;alumnat va deixar aparcada la rutina de les aules per submergir-se en un ventall d&#8217;activitats que van barrejar l&#8217;art, la reflexi\u00f3 social i la descoberta del [&hellip;]<\/p>\n","protected":false},"author":1,"featured_media":1720,"comment_status":"open","ping_status":"closed","sticky":false,"template":"","format":"standard","meta":{"_bbp_topic_count":0,"_bbp_reply_count":0,"_bbp_total_topic_count":0,"_bbp_total_reply_count":0,"_bbp_voice_count":0,"_bbp_anonymous_reply_count":0,"_bbp_topic_count_hidden":0,"_bbp_reply_count_hidden":0,"_bbp_forum_subforum_count":0,"site-sidebar-layout":"default","site-content-layout":"","ast-site-content-layout":"default","site-content-style":"default","site-sidebar-style":"default","ast-global-header-display":"","ast-banner-title-visibility":"","ast-main-header-display":"","ast-hfb-above-header-display":"","ast-hfb-below-header-display":"","ast-hfb-mobile-header-display":"","site-post-title":"","ast-breadcrumbs-content":"","ast-featured-img":"","footer-sml-layout":"","theme-transparent-header-meta":"default","adv-header-id-meta":"","stick-header-meta":"","header-above-stick-meta":"","header-main-stick-meta":"","header-below-stick-meta":"","astra-migrate-meta-layouts":"set","ast-page-background-enabled":"default","ast-page-background-meta":{"desktop":{"background-color":"var(--ast-global-color-4)","background-image":"","background-repeat":"repeat","background-position":"center center","background-size":"auto","background-attachment":"scroll","background-type":"","background-media":"","overlay-type":"","overlay-color":"","overlay-opacity":"","overlay-gradient":""},"tablet":{"background-color":"","background-image":"","background-repeat":"repeat","background-position":"center center","background-size":"auto","background-attachment":"scroll","background-type":"","background-media":"","overlay-type":"","overlay-color":"","overlay-opacity":"","overlay-gradient":""},"mobile":{"background-color":"","background-image":"","background-repeat":"repeat","background-position":"center center","background-size":"auto","background-attachment":"scroll","background-type":"","background-media":"","overlay-type":"","overlay-color":"","overlay-opacity":"","overlay-gradient":""}},"ast-content-background-meta":{"desktop":{"background-color":"var(--ast-global-color-5)","background-image":"","background-repeat":"repeat","background-position":"center center","background-size":"auto","background-attachment":"scroll","background-type":"","background-media":"","overlay-type":"","overlay-color":"","overlay-opacity":"","overlay-gradient":""},"tablet":{"background-color":"var(--ast-global-color-5)","background-image":"","background-repeat":"repeat","background-position":"center center","background-size":"auto","background-attachment":"scroll","background-type":"","background-media":"","overlay-type":"","overlay-color":"","overlay-opacity":"","overlay-gradient":""},"mobile":{"background-color":"var(--ast-global-color-5)","background-image":"","background-repeat":"repeat","background-position":"center center","background-size":"auto","background-attachment":"scroll","background-type":"","background-media":"","overlay-type":"","overlay-color":"","overlay-opacity":"","overlay-gradient":""}},"footnotes":""},"categories":[1,29],"tags":[],"class_list":["post-1651","post","type-post","status-publish","format-standard","has-post-thumbnail","hentry","category-general","category-portada"],"post_mailing_queue_ids":[],"_links":{"self":[{"href":"https:\/\/agora.xtec.cat\/cfalaverneda\/wp-json\/wp\/v2\/posts\/1651","targetHints":{"allow":["GET"]}}],"collection":[{"href":"https:\/\/agora.xtec.cat\/cfalaverneda\/wp-json\/wp\/v2\/posts"}],"about":[{"href":"https:\/\/agora.xtec.cat\/cfalaverneda\/wp-json\/wp\/v2\/types\/post"}],"author":[{"embeddable":true,"href":"https:\/\/agora.xtec.cat\/cfalaverneda\/wp-json\/wp\/v2\/users\/1"}],"replies":[{"embeddable":true,"href":"https:\/\/agora.xtec.cat\/cfalaverneda\/wp-json\/wp\/v2\/comments?post=1651"}],"version-history":[{"count":6,"href":"https:\/\/agora.xtec.cat\/cfalaverneda\/wp-json\/wp\/v2\/posts\/1651\/revisions"}],"predecessor-version":[{"id":1666,"href":"https:\/\/agora.xtec.cat\/cfalaverneda\/wp-json\/wp\/v2\/posts\/1651\/revisions\/1666"}],"wp:featuredmedia":[{"embeddable":true,"href":"https:\/\/agora.xtec.cat\/cfalaverneda\/wp-json\/wp\/v2\/media\/1720"}],"wp:attachment":[{"href":"https:\/\/agora.xtec.cat\/cfalaverneda\/wp-json\/wp\/v2\/media?parent=1651"}],"wp:term":[{"taxonomy":"category","embeddable":true,"href":"https:\/\/agora.xtec.cat\/cfalaverneda\/wp-json\/wp\/v2\/categories?post=1651"},{"taxonomy":"post_tag","embeddable":true,"href":"https:\/\/agora.xtec.cat\/cfalaverneda\/wp-json\/wp\/v2\/tags?post=1651"}],"curies":[{"name":"wp","href":"https:\/\/api.w.org\/{rel}","templated":true}]}}