{"id":1587,"date":"2022-12-13T16:35:45","date_gmt":"2022-12-13T15:35:45","guid":{"rendered":"https:\/\/agora.xtec.cat\/cfalaverneda\/?p=1587"},"modified":"2026-02-01T11:26:12","modified_gmt":"2026-02-01T10:26:12","slug":"coneixent-els-museus-de-la-ciutat","status":"publish","type":"post","link":"https:\/\/agora.xtec.cat\/cfalaverneda\/portada\/coneixent-els-museus-de-la-ciutat\/","title":{"rendered":"Una mirada a la hist\u00f2ria de la Terra: Visita al Museu de Ci\u00e8ncies Naturals i altres records"},"content":{"rendered":"<p data-path-to-node=\"3\">Aquesta setmana, l&#8217;alumnat del centre ha gaudit d&#8217;una sortida molt especial al <b data-path-to-node=\"3\" data-index-in-node=\"79\">Museu de Ci\u00e8ncies Naturals de Barcelona<\/b>. Ha estat un aut\u00e8ntic plaer rec\u00f3rrer les seves sales i endinsar-nos en els secrets de la vida i del nostre planeta.<\/p>\n<p data-path-to-node=\"4\">Durant la visita, hem pogut explorar l&#8217;exposici\u00f3 <b data-path-to-node=\"4\" data-index-in-node=\"49\">&#8220;Planeta Vida&#8221;<\/b>, un viatge fascinant que ens explica com s&#8217;ha format la Terra i com han evolucionat els \u00e9ssers vius fins avui. Des de la col\u00b7lecci\u00f3 de f\u00f2ssils i minerals fins a la impressionant col\u00b7lecci\u00f3 d&#8217;animals i la hist\u00f2ria de l&#8217;evoluci\u00f3 humana, cada rac\u00f3 del museu ens ha ofert una nova lli\u00e7\u00f3 de ci\u00e8ncia.<\/p>\n<p style=\"text-align: center;\"><a href=\"https:\/\/agora.xtec.cat\/cfalaverneda\/wp-content\/uploads\/usu1193\/2022\/12\/foto2.jpg\"> \u00a0 \u00a0<\/a><a href=\"https:\/\/agora.xtec.cat\/cfalaverneda\/wp-content\/uploads\/usu1193\/2022\/12\/foto2.jpg\"><img loading=\"lazy\" decoding=\"async\" class=\"alignnone wp-image-1585\" src=\"https:\/\/agora.xtec.cat\/cfalaverneda\/wp-content\/uploads\/usu1193\/2022\/12\/foto2-e1671389351499-300x162.jpg\" alt=\"\" width=\"370\" height=\"200\" srcset=\"https:\/\/agora.xtec.cat\/cfalaverneda\/wp-content\/uploads\/usu1193\/2022\/12\/foto2-e1671389351499-300x162.jpg 300w, https:\/\/agora.xtec.cat\/cfalaverneda\/wp-content\/uploads\/usu1193\/2022\/12\/foto2-e1671389351499-1024x553.jpg 1024w, https:\/\/agora.xtec.cat\/cfalaverneda\/wp-content\/uploads\/usu1193\/2022\/12\/foto2-e1671389351499-768x415.jpg 768w, https:\/\/agora.xtec.cat\/cfalaverneda\/wp-content\/uploads\/usu1193\/2022\/12\/foto2-e1671389351499.jpg 1039w\" sizes=\"auto, (max-width: 370px) 100vw, 370px\" \/> \u00a0 <\/a><a href=\"https:\/\/agora.xtec.cat\/cfalaverneda\/wp-content\/uploads\/usu1193\/2022\/12\/foto1.jpg\"><img loading=\"lazy\" decoding=\"async\" class=\"alignnone wp-image-1584\" src=\"https:\/\/agora.xtec.cat\/cfalaverneda\/wp-content\/uploads\/usu1193\/2022\/12\/foto1-e1671389395882-300x147.jpg\" alt=\"\" width=\"408\" height=\"200\" srcset=\"https:\/\/agora.xtec.cat\/cfalaverneda\/wp-content\/uploads\/usu1193\/2022\/12\/foto1-e1671389395882-300x147.jpg 300w, https:\/\/agora.xtec.cat\/cfalaverneda\/wp-content\/uploads\/usu1193\/2022\/12\/foto1-e1671389395882-1024x502.jpg 1024w, https:\/\/agora.xtec.cat\/cfalaverneda\/wp-content\/uploads\/usu1193\/2022\/12\/foto1-e1671389395882-768x376.jpg 768w, https:\/\/agora.xtec.cat\/cfalaverneda\/wp-content\/uploads\/usu1193\/2022\/12\/foto1-e1671389395882.jpg 1039w\" sizes=\"auto, (max-width: 408px) 100vw, 408px\" \/> \u00a0<\/a><\/p>\n<h2 data-path-to-node=\"2\">Recordant les nostres arrels: Cr\u00f2nica de la visita a Sant Pere de Rodes i Peralada<\/h2>\n<p data-path-to-node=\"2\"><strong>(Maig de 2018)<\/strong><\/p>\n<p data-path-to-node=\"3\">L&#8217;aprenentatge al <b data-path-to-node=\"3\" data-index-in-node=\"18\">CFA La Verneda<\/b> va molt m\u00e9s enll\u00e0 de les parets de les nostres aules. Avui aprofitem per recordar la inoblidable visitant dos dels tresors m\u00e9s preuats del nostre patrimoni: el <b data-path-to-node=\"3\" data-index-in-node=\"225\">monestir de Sant Pere de Rodes<\/b> i la vila de <b data-path-to-node=\"3\" data-index-in-node=\"269\">Peralada<\/b>.<\/p>\n<p data-path-to-node=\"4\">Caminar entre les pedres mil\u00b7len\u00e0ries de Sant Pere de Rodes, amb les seves vistes privilegiades sobre el Cap de Creus, permet viatjar en el temps i comprendre millor la nostra hist\u00f2ria. La visita va continuar a Peralada, on la bellesa dels seus carrers i el seu entorn van recordar la import\u00e0ncia de conservar i con\u00e8ixer el nostre llegat cultural.<\/p>\n<div class=\"ast-oembed-container \" style=\"height: 100%;\"><iframe loading=\"lazy\" title=\"CFA LA VERNEDA Sant Pere de Rodes i Peralada\" width=\"500\" height=\"281\" src=\"https:\/\/www.youtube.com\/embed\/AzVClNSyBCE?feature=oembed\" frameborder=\"0\" allow=\"accelerometer; autoplay; clipboard-write; encrypted-media; gyroscope; picture-in-picture; web-share\" referrerpolicy=\"strict-origin-when-cross-origin\" allowfullscreen><\/iframe><\/div>\n","protected":false},"excerpt":{"rendered":"<p>Aquesta setmana, l&#8217;alumnat del centre ha gaudit d&#8217;una sortida molt especial al Museu de Ci\u00e8ncies Naturals de Barcelona. Ha estat un aut\u00e8ntic plaer rec\u00f3rrer les seves sales i endinsar-nos en els secrets de la vida i del nostre planeta. Durant la visita, hem pogut explorar l&#8217;exposici\u00f3 &#8220;Planeta Vida&#8221;, un viatge fascinant que ens explica com [&hellip;]<\/p>\n","protected":false},"author":1,"featured_media":1584,"comment_status":"open","ping_status":"closed","sticky":false,"template":"","format":"standard","meta":{"_bbp_topic_count":0,"_bbp_reply_count":0,"_bbp_total_topic_count":0,"_bbp_total_reply_count":0,"_bbp_voice_count":0,"_bbp_anonymous_reply_count":0,"_bbp_topic_count_hidden":0,"_bbp_reply_count_hidden":0,"_bbp_forum_subforum_count":0,"site-sidebar-layout":"default","site-content-layout":"","ast-site-content-layout":"default","site-content-style":"default","site-sidebar-style":"default","ast-global-header-display":"","ast-banner-title-visibility":"","ast-main-header-display":"","ast-hfb-above-header-display":"","ast-hfb-below-header-display":"","ast-hfb-mobile-header-display":"","site-post-title":"","ast-breadcrumbs-content":"","ast-featured-img":"","footer-sml-layout":"","theme-transparent-header-meta":"default","adv-header-id-meta":"","stick-header-meta":"","header-above-stick-meta":"","header-main-stick-meta":"","header-below-stick-meta":"","astra-migrate-meta-layouts":"set","ast-page-background-enabled":"default","ast-page-background-meta":{"desktop":{"background-color":"var(--ast-global-color-4)","background-image":"","background-repeat":"repeat","background-position":"center center","background-size":"auto","background-attachment":"scroll","background-type":"","background-media":"","overlay-type":"","overlay-color":"","overlay-opacity":"","overlay-gradient":""},"tablet":{"background-color":"","background-image":"","background-repeat":"repeat","background-position":"center center","background-size":"auto","background-attachment":"scroll","background-type":"","background-media":"","overlay-type":"","overlay-color":"","overlay-opacity":"","overlay-gradient":""},"mobile":{"background-color":"","background-image":"","background-repeat":"repeat","background-position":"center center","background-size":"auto","background-attachment":"scroll","background-type":"","background-media":"","overlay-type":"","overlay-color":"","overlay-opacity":"","overlay-gradient":""}},"ast-content-background-meta":{"desktop":{"background-color":"var(--ast-global-color-5)","background-image":"","background-repeat":"repeat","background-position":"center center","background-size":"auto","background-attachment":"scroll","background-type":"","background-media":"","overlay-type":"","overlay-color":"","overlay-opacity":"","overlay-gradient":""},"tablet":{"background-color":"var(--ast-global-color-5)","background-image":"","background-repeat":"repeat","background-position":"center center","background-size":"auto","background-attachment":"scroll","background-type":"","background-media":"","overlay-type":"","overlay-color":"","overlay-opacity":"","overlay-gradient":""},"mobile":{"background-color":"var(--ast-global-color-5)","background-image":"","background-repeat":"repeat","background-position":"center center","background-size":"auto","background-attachment":"scroll","background-type":"","background-media":"","overlay-type":"","overlay-color":"","overlay-opacity":"","overlay-gradient":""}},"footnotes":""},"categories":[29],"tags":[],"class_list":["post-1587","post","type-post","status-publish","format-standard","has-post-thumbnail","hentry","category-portada"],"post_mailing_queue_ids":[],"_links":{"self":[{"href":"https:\/\/agora.xtec.cat\/cfalaverneda\/wp-json\/wp\/v2\/posts\/1587","targetHints":{"allow":["GET"]}}],"collection":[{"href":"https:\/\/agora.xtec.cat\/cfalaverneda\/wp-json\/wp\/v2\/posts"}],"about":[{"href":"https:\/\/agora.xtec.cat\/cfalaverneda\/wp-json\/wp\/v2\/types\/post"}],"author":[{"embeddable":true,"href":"https:\/\/agora.xtec.cat\/cfalaverneda\/wp-json\/wp\/v2\/users\/1"}],"replies":[{"embeddable":true,"href":"https:\/\/agora.xtec.cat\/cfalaverneda\/wp-json\/wp\/v2\/comments?post=1587"}],"version-history":[{"count":6,"href":"https:\/\/agora.xtec.cat\/cfalaverneda\/wp-json\/wp\/v2\/posts\/1587\/revisions"}],"predecessor-version":[{"id":3459,"href":"https:\/\/agora.xtec.cat\/cfalaverneda\/wp-json\/wp\/v2\/posts\/1587\/revisions\/3459"}],"wp:featuredmedia":[{"embeddable":true,"href":"https:\/\/agora.xtec.cat\/cfalaverneda\/wp-json\/wp\/v2\/media\/1584"}],"wp:attachment":[{"href":"https:\/\/agora.xtec.cat\/cfalaverneda\/wp-json\/wp\/v2\/media?parent=1587"}],"wp:term":[{"taxonomy":"category","embeddable":true,"href":"https:\/\/agora.xtec.cat\/cfalaverneda\/wp-json\/wp\/v2\/categories?post=1587"},{"taxonomy":"post_tag","embeddable":true,"href":"https:\/\/agora.xtec.cat\/cfalaverneda\/wp-json\/wp\/v2\/tags?post=1587"}],"curies":[{"name":"wp","href":"https:\/\/api.w.org\/{rel}","templated":true}]}}