{"id":1182,"date":"2017-11-02T10:43:04","date_gmt":"2017-11-02T09:43:04","guid":{"rendered":"http:\/\/agora.xtec.cat\/cfalaverneda\/?p=1182"},"modified":"2025-06-26T19:07:48","modified_gmt":"2025-06-26T17:07:48","slug":"sortida-a-poblet-i-montblanc","status":"publish","type":"post","link":"https:\/\/agora.xtec.cat\/cfalaverneda\/portada\/sortida-a-poblet-i-montblanc\/","title":{"rendered":"Sortida a Poblet i Montblanc"},"content":{"rendered":"<p><a href=\"http:\/\/agora.xtec.cat\/cfalaverneda\/wp-content\/uploads\/usu1193\/2017\/11\/ft1.jpg\"><img loading=\"lazy\" decoding=\"async\" class=\"alignnone size-large wp-image-1194\" src=\"http:\/\/agora.xtec.cat\/cfalaverneda\/wp-content\/uploads\/usu1193\/2017\/11\/ft1-1024x768.jpg\" alt=\"\" width=\"1024\" height=\"768\" srcset=\"https:\/\/agora.xtec.cat\/cfalaverneda\/wp-content\/uploads\/usu1193\/2017\/11\/ft1-1024x768.jpg 1024w, https:\/\/agora.xtec.cat\/cfalaverneda\/wp-content\/uploads\/usu1193\/2017\/11\/ft1-300x225.jpg 300w, https:\/\/agora.xtec.cat\/cfalaverneda\/wp-content\/uploads\/usu1193\/2017\/11\/ft1-768x576.jpg 768w, https:\/\/agora.xtec.cat\/cfalaverneda\/wp-content\/uploads\/usu1193\/2017\/11\/ft1-200x150.jpg 200w, https:\/\/agora.xtec.cat\/cfalaverneda\/wp-content\/uploads\/usu1193\/2017\/11\/ft1.jpg 1239w\" sizes=\"auto, (max-width: 1024px) 100vw, 1024px\" \/><\/a><a href=\"http:\/\/agora.xtec.cat\/cfalaverneda\/wp-content\/uploads\/usu1193\/2017\/11\/ft2.jpg\"><img loading=\"lazy\" decoding=\"async\" class=\"alignnone size-large wp-image-1195\" src=\"http:\/\/agora.xtec.cat\/cfalaverneda\/wp-content\/uploads\/usu1193\/2017\/11\/ft2-768x1024.jpg\" alt=\"\" width=\"768\" height=\"1024\" \/><\/a>El CFA La Verneda ha organitzat una sortida per tal de visitar el monestir de Poblet i el municipi de Montblanc, capital de la comarca de la Conca de Barber\u00e0,que\u00a0 t\u00e9 el t\u00edtol de Vila Ducal des de 1387. El nucli antic fou declarat Conjunt Monumental i Art\u00edstic el 1947<\/p>\n<p>La sortida es far\u00e0 el dijous 9 de novembre a les<strong> 7:50<\/strong> de l&#8217;escola, i a les <strong>8:00<\/strong> de la cantonada C\/Cant\u00e0bria amb C\/Menorca<\/p>\n<p><strong>Visita guiada a Poblet i Montblanc<\/strong><\/p>\n<p>Tornada a Barcelona cap a les 19:00<\/p>\n<p><strong>Preu sortida:5\u20ac<\/strong><\/p>\n<div id=\"mceu_56\" class=\"wp-link-preview\"><\/div>\n","protected":false},"excerpt":{"rendered":"<p>El CFA La Verneda ha organitzat una sortida per tal de visitar el monestir de Poblet i el municipi de Montblanc, capital de la comarca de la Conca de Barber\u00e0,que\u00a0 t\u00e9 el t\u00edtol de Vila Ducal des de 1387. El nucli antic fou declarat Conjunt Monumental i Art\u00edstic el 1947 La sortida es far\u00e0 el [&hellip;]<\/p>\n","protected":false},"author":1,"featured_media":1194,"comment_status":"open","ping_status":"closed","sticky":false,"template":"","format":"standard","meta":{"_bbp_topic_count":0,"_bbp_reply_count":0,"_bbp_total_topic_count":0,"_bbp_total_reply_count":0,"_bbp_voice_count":0,"_bbp_anonymous_reply_count":0,"_bbp_topic_count_hidden":0,"_bbp_reply_count_hidden":0,"_bbp_forum_subforum_count":0,"site-sidebar-layout":"default","site-content-layout":"","ast-site-content-layout":"","site-content-style":"default","site-sidebar-style":"default","ast-global-header-display":"","ast-banner-title-visibility":"","ast-main-header-display":"","ast-hfb-above-header-display":"","ast-hfb-below-header-display":"","ast-hfb-mobile-header-display":"","site-post-title":"","ast-breadcrumbs-content":"","ast-featured-img":"","footer-sml-layout":"","theme-transparent-header-meta":"","adv-header-id-meta":"","stick-header-meta":"","header-above-stick-meta":"","header-main-stick-meta":"","header-below-stick-meta":"","astra-migrate-meta-layouts":"default","ast-page-background-enabled":"default","ast-page-background-meta":{"desktop":{"background-color":"var(--ast-global-color-4)","background-image":"","background-repeat":"repeat","background-position":"center center","background-size":"auto","background-attachment":"scroll","background-type":"","background-media":"","overlay-type":"","overlay-color":"","overlay-opacity":"","overlay-gradient":""},"tablet":{"background-color":"","background-image":"","background-repeat":"repeat","background-position":"center center","background-size":"auto","background-attachment":"scroll","background-type":"","background-media":"","overlay-type":"","overlay-color":"","overlay-opacity":"","overlay-gradient":""},"mobile":{"background-color":"","background-image":"","background-repeat":"repeat","background-position":"center center","background-size":"auto","background-attachment":"scroll","background-type":"","background-media":"","overlay-type":"","overlay-color":"","overlay-opacity":"","overlay-gradient":""}},"ast-content-background-meta":{"desktop":{"background-color":"var(--ast-global-color-5)","background-image":"","background-repeat":"repeat","background-position":"center center","background-size":"auto","background-attachment":"scroll","background-type":"","background-media":"","overlay-type":"","overlay-color":"","overlay-opacity":"","overlay-gradient":""},"tablet":{"background-color":"var(--ast-global-color-5)","background-image":"","background-repeat":"repeat","background-position":"center center","background-size":"auto","background-attachment":"scroll","background-type":"","background-media":"","overlay-type":"","overlay-color":"","overlay-opacity":"","overlay-gradient":""},"mobile":{"background-color":"var(--ast-global-color-5)","background-image":"","background-repeat":"repeat","background-position":"center center","background-size":"auto","background-attachment":"scroll","background-type":"","background-media":"","overlay-type":"","overlay-color":"","overlay-opacity":"","overlay-gradient":""}},"footnotes":""},"categories":[29],"tags":[],"class_list":["post-1182","post","type-post","status-publish","format-standard","has-post-thumbnail","hentry","category-portada"],"post_mailing_queue_ids":[],"_links":{"self":[{"href":"https:\/\/agora.xtec.cat\/cfalaverneda\/wp-json\/wp\/v2\/posts\/1182","targetHints":{"allow":["GET"]}}],"collection":[{"href":"https:\/\/agora.xtec.cat\/cfalaverneda\/wp-json\/wp\/v2\/posts"}],"about":[{"href":"https:\/\/agora.xtec.cat\/cfalaverneda\/wp-json\/wp\/v2\/types\/post"}],"author":[{"embeddable":true,"href":"https:\/\/agora.xtec.cat\/cfalaverneda\/wp-json\/wp\/v2\/users\/1"}],"replies":[{"embeddable":true,"href":"https:\/\/agora.xtec.cat\/cfalaverneda\/wp-json\/wp\/v2\/comments?post=1182"}],"version-history":[{"count":4,"href":"https:\/\/agora.xtec.cat\/cfalaverneda\/wp-json\/wp\/v2\/posts\/1182\/revisions"}],"predecessor-version":[{"id":2834,"href":"https:\/\/agora.xtec.cat\/cfalaverneda\/wp-json\/wp\/v2\/posts\/1182\/revisions\/2834"}],"wp:featuredmedia":[{"embeddable":true,"href":"https:\/\/agora.xtec.cat\/cfalaverneda\/wp-json\/wp\/v2\/media\/1194"}],"wp:attachment":[{"href":"https:\/\/agora.xtec.cat\/cfalaverneda\/wp-json\/wp\/v2\/media?parent=1182"}],"wp:term":[{"taxonomy":"category","embeddable":true,"href":"https:\/\/agora.xtec.cat\/cfalaverneda\/wp-json\/wp\/v2\/categories?post=1182"},{"taxonomy":"post_tag","embeddable":true,"href":"https:\/\/agora.xtec.cat\/cfalaverneda\/wp-json\/wp\/v2\/tags?post=1182"}],"curies":[{"name":"wp","href":"https:\/\/api.w.org\/{rel}","templated":true}]}}