{"id":419,"date":"2017-05-04T16:58:22","date_gmt":"2017-05-04T14:58:22","guid":{"rendered":"http:\/\/agora.xtec.cat\/cfalaselva\/?p=419"},"modified":"2019-12-09T12:11:00","modified_gmt":"2019-12-09T11:11:00","slug":"fons-social-europeu","status":"publish","type":"post","link":"https:\/\/agora.xtec.cat\/cfalaselva\/general\/fons-social-europeu\/","title":{"rendered":"Fons Social Europeu"},"content":{"rendered":"<p><a href=\"http:\/\/agora.xtec.cat\/cfalaselva\/wp-content\/uploads\/usu247\/2014\/09\/logo.jpg\"><img loading=\"lazy\" decoding=\"async\" class=\"alignnone size-full wp-image-415\" src=\"http:\/\/agora.xtec.cat\/cfalaselva\/wp-content\/uploads\/usu247\/2014\/09\/logo.jpg\" alt=\"logo\" width=\"400\" height=\"92\" \/><\/a><\/p>\n<p>El Fons Social Europeu \u00e9s un dels Fons Estructurals de la Uni\u00f3 Europea que promou inversions en totes les regions de la UE amb la finalitat de promoure la cohesi\u00f3 social i econ\u00f2mica.<\/p>\n<p>A trav\u00e9s de diversos programes operatius, acordats per cada Estat membre i la Comissi\u00f3 Europea vol complir amb diversos objectius orientats al suport de l\u2019ocupaci\u00f3, a la promoci\u00f3 de la inclusi\u00f3 social, a la lluita contra la pobresa i a l\u2019efic\u00e0cia de l\u2019administraci\u00f3 p\u00fablica.<\/p>\n<p>Els programes operatius del per\u00edode 2014-2020 s\u2019han definit com el full de ruta que ha de conduir a la consecuci\u00f3 d\u2019aquests objectius i se centra en els quatre eixos seg\u00fcents:<\/p>\n<ul>\n<li>Eix 1: Foment de l\u2019ocupaci\u00f3 sostenible i de qualitat de la mobilitat laboral<\/li>\n<li>Eix 2: Foment de la inclusi\u00f3 social i de la lluita contra la pobresa i la discriminaci\u00f3<\/li>\n<li>Eix 3: Inversi\u00f3 en educaci\u00f3, formaci\u00f3 i millora de les compet\u00e8ncies professionals i de l\u2019aprenentatge permanent.<\/li>\n<li>Eix 4:\u00a0 Assist\u00e8ncia t\u00e8cnica<\/li>\n<\/ul>\n<p>Per a m\u00e9s informaci\u00f3: <a href=\"http:\/\/xtec.gencat.cat\/ca\/curriculum\/educacioadults\/fons-social-europeu\/\" target=\"_blank\" rel=\"noopener noreferrer\">http:\/\/xtec.gencat.cat\/ca\/curriculum\/educacioadults\/fons-social-europeu\/<\/a><\/p>\n","protected":false},"excerpt":{"rendered":"<p>El Fons Social Europeu \u00e9s un dels Fons Estructurals de la Uni\u00f3 Europea que promou inversions en totes les regions [&hellip;]<\/p>\n","protected":false},"author":1,"featured_media":0,"comment_status":"open","ping_status":"closed","sticky":false,"template":"","format":"standard","meta":{"_bbp_topic_count":0,"_bbp_reply_count":0,"_bbp_total_topic_count":0,"_bbp_total_reply_count":0,"_bbp_voice_count":0,"_bbp_anonymous_reply_count":0,"_bbp_topic_count_hidden":0,"_bbp_reply_count_hidden":0,"_bbp_forum_subforum_count":0,"site-sidebar-layout":"default","site-content-layout":"","ast-site-content-layout":"","site-content-style":"default","site-sidebar-style":"default","ast-global-header-display":"","ast-banner-title-visibility":"","ast-main-header-display":"","ast-hfb-above-header-display":"","ast-hfb-below-header-display":"","ast-hfb-mobile-header-display":"","site-post-title":"","ast-breadcrumbs-content":"","ast-featured-img":"","footer-sml-layout":"","theme-transparent-header-meta":"","adv-header-id-meta":"","stick-header-meta":"","header-above-stick-meta":"","header-main-stick-meta":"","header-below-stick-meta":"","astra-migrate-meta-layouts":"default","ast-page-background-enabled":"default","ast-page-background-meta":{"desktop":{"background-color":"var(--ast-global-color-4)","background-image":"","background-repeat":"repeat","background-position":"center center","background-size":"auto","background-attachment":"scroll","background-type":"","background-media":"","overlay-type":"","overlay-color":"","overlay-opacity":"","overlay-gradient":""},"tablet":{"background-color":"","background-image":"","background-repeat":"repeat","background-position":"center center","background-size":"auto","background-attachment":"scroll","background-type":"","background-media":"","overlay-type":"","overlay-color":"","overlay-opacity":"","overlay-gradient":""},"mobile":{"background-color":"","background-image":"","background-repeat":"repeat","background-position":"center center","background-size":"auto","background-attachment":"scroll","background-type":"","background-media":"","overlay-type":"","overlay-color":"","overlay-opacity":"","overlay-gradient":""}},"ast-content-background-meta":{"desktop":{"background-color":"var(--ast-global-color-5)","background-image":"","background-repeat":"repeat","background-position":"center center","background-size":"auto","background-attachment":"scroll","background-type":"","background-media":"","overlay-type":"","overlay-color":"","overlay-opacity":"","overlay-gradient":""},"tablet":{"background-color":"var(--ast-global-color-5)","background-image":"","background-repeat":"repeat","background-position":"center center","background-size":"auto","background-attachment":"scroll","background-type":"","background-media":"","overlay-type":"","overlay-color":"","overlay-opacity":"","overlay-gradient":""},"mobile":{"background-color":"var(--ast-global-color-5)","background-image":"","background-repeat":"repeat","background-position":"center center","background-size":"auto","background-attachment":"scroll","background-type":"","background-media":"","overlay-type":"","overlay-color":"","overlay-opacity":"","overlay-gradient":""}},"footnotes":""},"categories":[1,29],"tags":[],"class_list":["post-419","post","type-post","status-publish","format-standard","hentry","category-general","category-portada"],"post_mailing_queue_ids":[],"_links":{"self":[{"href":"https:\/\/agora.xtec.cat\/cfalaselva\/wp-json\/wp\/v2\/posts\/419","targetHints":{"allow":["GET"]}}],"collection":[{"href":"https:\/\/agora.xtec.cat\/cfalaselva\/wp-json\/wp\/v2\/posts"}],"about":[{"href":"https:\/\/agora.xtec.cat\/cfalaselva\/wp-json\/wp\/v2\/types\/post"}],"author":[{"embeddable":true,"href":"https:\/\/agora.xtec.cat\/cfalaselva\/wp-json\/wp\/v2\/users\/1"}],"replies":[{"embeddable":true,"href":"https:\/\/agora.xtec.cat\/cfalaselva\/wp-json\/wp\/v2\/comments?post=419"}],"version-history":[{"count":2,"href":"https:\/\/agora.xtec.cat\/cfalaselva\/wp-json\/wp\/v2\/posts\/419\/revisions"}],"predecessor-version":[{"id":581,"href":"https:\/\/agora.xtec.cat\/cfalaselva\/wp-json\/wp\/v2\/posts\/419\/revisions\/581"}],"wp:attachment":[{"href":"https:\/\/agora.xtec.cat\/cfalaselva\/wp-json\/wp\/v2\/media?parent=419"}],"wp:term":[{"taxonomy":"category","embeddable":true,"href":"https:\/\/agora.xtec.cat\/cfalaselva\/wp-json\/wp\/v2\/categories?post=419"},{"taxonomy":"post_tag","embeddable":true,"href":"https:\/\/agora.xtec.cat\/cfalaselva\/wp-json\/wp\/v2\/tags?post=419"}],"curies":[{"name":"wp","href":"https:\/\/api.w.org\/{rel}","templated":true}]}}