{"id":3258,"date":"2025-11-05T13:45:39","date_gmt":"2025-11-05T12:45:39","guid":{"rendered":"https:\/\/agora.xtec.cat\/cfalaselva\/?p=3258"},"modified":"2025-11-05T16:44:09","modified_gmt":"2025-11-05T15:44:09","slug":"som-a-la-fira-de-la-ratafia","status":"publish","type":"post","link":"https:\/\/agora.xtec.cat\/cfalaselva\/general\/som-a-la-fira-de-la-ratafia\/","title":{"rendered":"El CFA a la fira de la ratafia"},"content":{"rendered":"\n<p>El CFA La Selva a la Festa de la Ratafia! <br>Aquest cap de setmana, 8 i 9 de novembre, ens trobar\u00e0s a la Festa de la Ratafia de Santa Coloma de Farners! <\/p>\n\n\n\n<p>Vine a visitar la nostra paradeta i descobreix tot el que t\u2019oferim com a Centre de Formaci\u00f3 d\u2019Adults. Formar-te mai ha estat tan a prop! <\/p>\n\n\n\n<p>A m\u00e9s, podr\u00e0s participar en un sorteig especial:<br>1r premi: una ampolla de ratafia + una carpeta CFA La Selva + una matr\u00edcula gratu\u00efta en qualsevol dels nostres estudis.<br>2n i 3r premi: una carpeta CFA La Selva + una matr\u00edcula gratu\u00efta.<\/p>\n\n\n\n<p>Ens trobar\u00e0s a la Rambla durant tot el cap de setmana.<br>T\u2019hi esperem amb moltes ganes! <\/p>\n\n\n\n<figure class=\"wp-block-image aligncenter size-large is-resized\"><a href=\"https:\/\/agora.xtec.cat\/cfalaselva\/wp-content\/uploads\/usu247\/2025\/11\/WhatsApp-Image-2025-11-05-at-13.51.43.jpeg\"><img loading=\"lazy\" decoding=\"async\" width=\"1024\" height=\"1024\" src=\"https:\/\/agora.xtec.cat\/cfalaselva\/wp-content\/uploads\/usu247\/2025\/11\/WhatsApp-Image-2025-11-05-at-13.51.43-1024x1024.jpeg\" alt=\"\" class=\"wp-image-3261\" style=\"width:300px\" srcset=\"https:\/\/agora.xtec.cat\/cfalaselva\/wp-content\/uploads\/usu247\/2025\/11\/WhatsApp-Image-2025-11-05-at-13.51.43-1024x1024.jpeg 1024w, https:\/\/agora.xtec.cat\/cfalaselva\/wp-content\/uploads\/usu247\/2025\/11\/WhatsApp-Image-2025-11-05-at-13.51.43-300x300.jpeg 300w, https:\/\/agora.xtec.cat\/cfalaselva\/wp-content\/uploads\/usu247\/2025\/11\/WhatsApp-Image-2025-11-05-at-13.51.43-150x150.jpeg 150w, https:\/\/agora.xtec.cat\/cfalaselva\/wp-content\/uploads\/usu247\/2025\/11\/WhatsApp-Image-2025-11-05-at-13.51.43-768x768.jpeg 768w, https:\/\/agora.xtec.cat\/cfalaselva\/wp-content\/uploads\/usu247\/2025\/11\/WhatsApp-Image-2025-11-05-at-13.51.43.jpeg 1080w\" sizes=\"auto, (max-width: 1024px) 100vw, 1024px\" \/><\/a><\/figure>\n","protected":false},"excerpt":{"rendered":"<p>El CFA La Selva a la Festa de la Ratafia! Aquest cap de setmana, 8 i 9 de novembre, ens [&hellip;]<\/p>\n","protected":false},"author":1,"featured_media":3261,"comment_status":"closed","ping_status":"open","sticky":false,"template":"","format":"standard","meta":{"_bbp_topic_count":0,"_bbp_reply_count":0,"_bbp_total_topic_count":0,"_bbp_total_reply_count":0,"_bbp_voice_count":0,"_bbp_anonymous_reply_count":0,"_bbp_topic_count_hidden":0,"_bbp_reply_count_hidden":0,"_bbp_forum_subforum_count":0,"site-sidebar-layout":"default","site-content-layout":"","ast-site-content-layout":"default","site-content-style":"default","site-sidebar-style":"default","ast-global-header-display":"","ast-banner-title-visibility":"","ast-main-header-display":"","ast-hfb-above-header-display":"","ast-hfb-below-header-display":"","ast-hfb-mobile-header-display":"","site-post-title":"","ast-breadcrumbs-content":"","ast-featured-img":"","footer-sml-layout":"","theme-transparent-header-meta":"","adv-header-id-meta":"","stick-header-meta":"","header-above-stick-meta":"","header-main-stick-meta":"","header-below-stick-meta":"","astra-migrate-meta-layouts":"set","ast-page-background-enabled":"default","ast-page-background-meta":{"desktop":{"background-color":"var(--ast-global-color-4)","background-image":"","background-repeat":"repeat","background-position":"center center","background-size":"auto","background-attachment":"scroll","background-type":"","background-media":"","overlay-type":"","overlay-color":"","overlay-opacity":"","overlay-gradient":""},"tablet":{"background-color":"","background-image":"","background-repeat":"repeat","background-position":"center center","background-size":"auto","background-attachment":"scroll","background-type":"","background-media":"","overlay-type":"","overlay-color":"","overlay-opacity":"","overlay-gradient":""},"mobile":{"background-color":"","background-image":"","background-repeat":"repeat","background-position":"center center","background-size":"auto","background-attachment":"scroll","background-type":"","background-media":"","overlay-type":"","overlay-color":"","overlay-opacity":"","overlay-gradient":""}},"ast-content-background-meta":{"desktop":{"background-color":"var(--ast-global-color-5)","background-image":"","background-repeat":"repeat","background-position":"center center","background-size":"auto","background-attachment":"scroll","background-type":"","background-media":"","overlay-type":"","overlay-color":"","overlay-opacity":"","overlay-gradient":""},"tablet":{"background-color":"var(--ast-global-color-5)","background-image":"","background-repeat":"repeat","background-position":"center center","background-size":"auto","background-attachment":"scroll","background-type":"","background-media":"","overlay-type":"","overlay-color":"","overlay-opacity":"","overlay-gradient":""},"mobile":{"background-color":"var(--ast-global-color-5)","background-image":"","background-repeat":"repeat","background-position":"center center","background-size":"auto","background-attachment":"scroll","background-type":"","background-media":"","overlay-type":"","overlay-color":"","overlay-opacity":"","overlay-gradient":""}},"footnotes":""},"categories":[1,29],"tags":[],"class_list":["post-3258","post","type-post","status-publish","format-standard","has-post-thumbnail","hentry","category-general","category-portada"],"post_mailing_queue_ids":[],"_links":{"self":[{"href":"https:\/\/agora.xtec.cat\/cfalaselva\/wp-json\/wp\/v2\/posts\/3258","targetHints":{"allow":["GET"]}}],"collection":[{"href":"https:\/\/agora.xtec.cat\/cfalaselva\/wp-json\/wp\/v2\/posts"}],"about":[{"href":"https:\/\/agora.xtec.cat\/cfalaselva\/wp-json\/wp\/v2\/types\/post"}],"author":[{"embeddable":true,"href":"https:\/\/agora.xtec.cat\/cfalaselva\/wp-json\/wp\/v2\/users\/1"}],"replies":[{"embeddable":true,"href":"https:\/\/agora.xtec.cat\/cfalaselva\/wp-json\/wp\/v2\/comments?post=3258"}],"version-history":[{"count":3,"href":"https:\/\/agora.xtec.cat\/cfalaselva\/wp-json\/wp\/v2\/posts\/3258\/revisions"}],"predecessor-version":[{"id":3262,"href":"https:\/\/agora.xtec.cat\/cfalaselva\/wp-json\/wp\/v2\/posts\/3258\/revisions\/3262"}],"wp:featuredmedia":[{"embeddable":true,"href":"https:\/\/agora.xtec.cat\/cfalaselva\/wp-json\/wp\/v2\/media\/3261"}],"wp:attachment":[{"href":"https:\/\/agora.xtec.cat\/cfalaselva\/wp-json\/wp\/v2\/media?parent=3258"}],"wp:term":[{"taxonomy":"category","embeddable":true,"href":"https:\/\/agora.xtec.cat\/cfalaselva\/wp-json\/wp\/v2\/categories?post=3258"},{"taxonomy":"post_tag","embeddable":true,"href":"https:\/\/agora.xtec.cat\/cfalaselva\/wp-json\/wp\/v2\/tags?post=3258"}],"curies":[{"name":"wp","href":"https:\/\/api.w.org\/{rel}","templated":true}]}}