{"id":3217,"date":"2025-09-25T14:55:35","date_gmt":"2025-09-25T12:55:35","guid":{"rendered":"https:\/\/agora.xtec.cat\/cfalaselva\/?p=3217"},"modified":"2025-11-05T16:44:23","modified_gmt":"2025-11-05T15:44:23","slug":"inici-de-curs","status":"publish","type":"post","link":"https:\/\/agora.xtec.cat\/cfalaselva\/general\/inici-de-curs\/","title":{"rendered":"Inici de curs"},"content":{"rendered":"\n<p><a href=\"https:\/\/agora.xtec.cat\/cfalaselva\/wp-content\/uploads\/usu247\/2025\/09\/VID-20250925-WA0002.mp4\" data-type=\"link\" data-id=\"https:\/\/agora.xtec.cat\/cfalaselva\/wp-content\/uploads\/usu247\/2025\/09\/VID-20250925-WA0002.mp4\" target=\"_blank\" rel=\"noreferrer noopener\">Hem comen\u00e7at el curs al CFA La Selva!<\/a><br><br> Aquest inici de curs ve carregat de novetats i bones not\u00edcies: hem fet tutories individualitzades per acollir i orientar millor el nostre alumnat.<br><br>Al GES hem engegat les p\u00edndoles GES-TIC0 per refor\u00e7ar les compet\u00e8ncies digitals i facilitar el seguiment de les classes. Continuem amb els cursos de catal\u00e0, la preparaci\u00f3 per a les proves d&#8217;acc\u00e9s a Grau Superior i Universitat. Amb un ampli horari a l&#8217;aula dautoformaci\u00f3 per estudiar o fer deures en comanyia i el suport del professorat.<br><br>Hem inaugurat el curs amb l&#8217;exposici\u00f3 &#8220;Teixint complicitats: educaci\u00f3 d&#8217;adults&#8221; del Nucli Paulo Freire, amb la pres\u00e8ncia d&#8217;en Miquel Blanch, professor referent i comprom\u00e8s amb l&#8217;educaci\u00f3 de persones adultes a Catalunya, que ens va apropar a la hist\u00f2ria de l&#8217;educaci\u00f3 d&#8217;adults a terres gironines.<br><br> Tenim per davant un curs ple d&#8217;oportunitats d&#8217;aprendre i cr\u00e9ixer plegats!<\/p>\n\n\n\n<figure class=\"wp-block-image aligncenter size-full is-resized\"><a href=\"https:\/\/agora.xtec.cat\/cfalaselva\/wp-content\/uploads\/usu247\/2025\/09\/inici-curs-25-26.png\"><img loading=\"lazy\" decoding=\"async\" width=\"490\" height=\"787\" src=\"https:\/\/agora.xtec.cat\/cfalaselva\/wp-content\/uploads\/usu247\/2025\/09\/inici-curs-25-26.png\" alt=\"\" class=\"wp-image-3224\" style=\"width:200px\" srcset=\"https:\/\/agora.xtec.cat\/cfalaselva\/wp-content\/uploads\/usu247\/2025\/09\/inici-curs-25-26.png 490w, https:\/\/agora.xtec.cat\/cfalaselva\/wp-content\/uploads\/usu247\/2025\/09\/inici-curs-25-26-187x300.png 187w\" sizes=\"auto, (max-width: 490px) 100vw, 490px\" \/><\/a><\/figure>\n","protected":false},"excerpt":{"rendered":"<p>Hem comen\u00e7at el curs al CFA La Selva! Aquest inici de curs ve carregat de novetats i bones not\u00edcies: hem [&hellip;]<\/p>\n","protected":false},"author":1,"featured_media":3224,"comment_status":"closed","ping_status":"open","sticky":false,"template":"","format":"standard","meta":{"_bbp_topic_count":0,"_bbp_reply_count":0,"_bbp_total_topic_count":0,"_bbp_total_reply_count":0,"_bbp_voice_count":0,"_bbp_anonymous_reply_count":0,"_bbp_topic_count_hidden":0,"_bbp_reply_count_hidden":0,"_bbp_forum_subforum_count":0,"site-sidebar-layout":"default","site-content-layout":"","ast-site-content-layout":"default","site-content-style":"default","site-sidebar-style":"default","ast-global-header-display":"","ast-banner-title-visibility":"","ast-main-header-display":"","ast-hfb-above-header-display":"","ast-hfb-below-header-display":"","ast-hfb-mobile-header-display":"","site-post-title":"","ast-breadcrumbs-content":"","ast-featured-img":"","footer-sml-layout":"","theme-transparent-header-meta":"","adv-header-id-meta":"","stick-header-meta":"","header-above-stick-meta":"","header-main-stick-meta":"","header-below-stick-meta":"","astra-migrate-meta-layouts":"set","ast-page-background-enabled":"default","ast-page-background-meta":{"desktop":{"background-color":"var(--ast-global-color-4)","background-image":"","background-repeat":"repeat","background-position":"center center","background-size":"auto","background-attachment":"scroll","background-type":"","background-media":"","overlay-type":"","overlay-color":"","overlay-opacity":"","overlay-gradient":""},"tablet":{"background-color":"","background-image":"","background-repeat":"repeat","background-position":"center center","background-size":"auto","background-attachment":"scroll","background-type":"","background-media":"","overlay-type":"","overlay-color":"","overlay-opacity":"","overlay-gradient":""},"mobile":{"background-color":"","background-image":"","background-repeat":"repeat","background-position":"center center","background-size":"auto","background-attachment":"scroll","background-type":"","background-media":"","overlay-type":"","overlay-color":"","overlay-opacity":"","overlay-gradient":""}},"ast-content-background-meta":{"desktop":{"background-color":"var(--ast-global-color-5)","background-image":"","background-repeat":"repeat","background-position":"center center","background-size":"auto","background-attachment":"scroll","background-type":"","background-media":"","overlay-type":"","overlay-color":"","overlay-opacity":"","overlay-gradient":""},"tablet":{"background-color":"var(--ast-global-color-5)","background-image":"","background-repeat":"repeat","background-position":"center center","background-size":"auto","background-attachment":"scroll","background-type":"","background-media":"","overlay-type":"","overlay-color":"","overlay-opacity":"","overlay-gradient":""},"mobile":{"background-color":"var(--ast-global-color-5)","background-image":"","background-repeat":"repeat","background-position":"center center","background-size":"auto","background-attachment":"scroll","background-type":"","background-media":"","overlay-type":"","overlay-color":"","overlay-opacity":"","overlay-gradient":""}},"footnotes":""},"categories":[1,29],"tags":[],"class_list":["post-3217","post","type-post","status-publish","format-standard","has-post-thumbnail","hentry","category-general","category-portada"],"post_mailing_queue_ids":[],"_links":{"self":[{"href":"https:\/\/agora.xtec.cat\/cfalaselva\/wp-json\/wp\/v2\/posts\/3217","targetHints":{"allow":["GET"]}}],"collection":[{"href":"https:\/\/agora.xtec.cat\/cfalaselva\/wp-json\/wp\/v2\/posts"}],"about":[{"href":"https:\/\/agora.xtec.cat\/cfalaselva\/wp-json\/wp\/v2\/types\/post"}],"author":[{"embeddable":true,"href":"https:\/\/agora.xtec.cat\/cfalaselva\/wp-json\/wp\/v2\/users\/1"}],"replies":[{"embeddable":true,"href":"https:\/\/agora.xtec.cat\/cfalaselva\/wp-json\/wp\/v2\/comments?post=3217"}],"version-history":[{"count":5,"href":"https:\/\/agora.xtec.cat\/cfalaselva\/wp-json\/wp\/v2\/posts\/3217\/revisions"}],"predecessor-version":[{"id":3225,"href":"https:\/\/agora.xtec.cat\/cfalaselva\/wp-json\/wp\/v2\/posts\/3217\/revisions\/3225"}],"wp:featuredmedia":[{"embeddable":true,"href":"https:\/\/agora.xtec.cat\/cfalaselva\/wp-json\/wp\/v2\/media\/3224"}],"wp:attachment":[{"href":"https:\/\/agora.xtec.cat\/cfalaselva\/wp-json\/wp\/v2\/media?parent=3217"}],"wp:term":[{"taxonomy":"category","embeddable":true,"href":"https:\/\/agora.xtec.cat\/cfalaselva\/wp-json\/wp\/v2\/categories?post=3217"},{"taxonomy":"post_tag","embeddable":true,"href":"https:\/\/agora.xtec.cat\/cfalaselva\/wp-json\/wp\/v2\/tags?post=3217"}],"curies":[{"name":"wp","href":"https:\/\/api.w.org\/{rel}","templated":true}]}}