{"id":2166,"date":"2024-12-01T17:27:28","date_gmt":"2024-12-01T16:27:28","guid":{"rendered":"https:\/\/agora.xtec.cat\/cfalaselva\/?p=2166"},"modified":"2025-11-05T16:45:55","modified_gmt":"2025-11-05T15:45:55","slug":"sortida-a-la-girona-dels-anys-30","status":"publish","type":"post","link":"https:\/\/agora.xtec.cat\/cfalaselva\/general\/sortida-a-la-girona-dels-anys-30\/","title":{"rendered":"Sortida a la Girona dels anys 30"},"content":{"rendered":"\n<p>Avui hem fet la sortida cultural del CFA La Selva. Hem fet una ruta per la Girona dels anys \u201830, centrada en la proclamaci\u00f3 de la Rep\u00fablica el 14 d\u2019abril de 1931, la proclamaci\u00f3 de l\u2019Estat Catal\u00e0 el 6 d\u2019octubre de 1934, la Guerra Civil (1936-1939) i la repressi\u00f3 franquista.<\/p>\n\n\n\n<figure class=\"wp-block-image aligncenter size-large is-resized\"><a href=\"https:\/\/agora.xtec.cat\/cfalaselva\/wp-content\/uploads\/usu247\/2024\/12\/1733069380609.jpg\" target=\"_blank\" rel=\"noreferrer noopener\"><img loading=\"lazy\" decoding=\"async\" width=\"1024\" height=\"576\" src=\"https:\/\/agora.xtec.cat\/cfalaselva\/wp-content\/uploads\/usu247\/2024\/12\/1733069380609-1024x576.jpg\" alt=\"Sortida Girona anys 30\" class=\"wp-image-2168\" style=\"width:150px\" srcset=\"https:\/\/agora.xtec.cat\/cfalaselva\/wp-content\/uploads\/usu247\/2024\/12\/1733069380609-1024x576.jpg 1024w, https:\/\/agora.xtec.cat\/cfalaselva\/wp-content\/uploads\/usu247\/2024\/12\/1733069380609-300x169.jpg 300w, https:\/\/agora.xtec.cat\/cfalaselva\/wp-content\/uploads\/usu247\/2024\/12\/1733069380609-768x432.jpg 768w, https:\/\/agora.xtec.cat\/cfalaselva\/wp-content\/uploads\/usu247\/2024\/12\/1733069380609-1536x864.jpg 1536w, https:\/\/agora.xtec.cat\/cfalaselva\/wp-content\/uploads\/usu247\/2024\/12\/1733069380609.jpg 2016w\" sizes=\"auto, (max-width: 1024px) 100vw, 1024px\" \/><\/a><\/figure>\n\n\n\n<p>I no podiem tenir un guia millor! Pere Castellanos, professor del centre. A m\u00e9s tamb\u00e9 ens ha acompanyat en Josep Casadell\u00e0 i Touron net de l&#8217;alcalde de Santa Coloma de Farners Josep Touron. Alcalde que va ser empresonat a la pres\u00f3 del seminari de Girona.<br>Hem acabat la ruta en el Museu d\u2019hist\u00f2ria de Girona, amb una exposici\u00f3 sobre els fets del 6 d\u2019octubre de 1934.<\/p>\n","protected":false},"excerpt":{"rendered":"<p>Avui hem fet la sortida cultural del CFA La Selva. Hem fet una ruta per la Girona dels anys \u201830, [&hellip;]<\/p>\n","protected":false},"author":1,"featured_media":2168,"comment_status":"closed","ping_status":"open","sticky":false,"template":"","format":"standard","meta":{"_bbp_topic_count":0,"_bbp_reply_count":0,"_bbp_total_topic_count":0,"_bbp_total_reply_count":0,"_bbp_voice_count":0,"_bbp_anonymous_reply_count":0,"_bbp_topic_count_hidden":0,"_bbp_reply_count_hidden":0,"_bbp_forum_subforum_count":0,"site-sidebar-layout":"default","site-content-layout":"","ast-site-content-layout":"","site-content-style":"default","site-sidebar-style":"default","ast-global-header-display":"","ast-banner-title-visibility":"","ast-main-header-display":"","ast-hfb-above-header-display":"","ast-hfb-below-header-display":"","ast-hfb-mobile-header-display":"","site-post-title":"","ast-breadcrumbs-content":"","ast-featured-img":"","footer-sml-layout":"","theme-transparent-header-meta":"","adv-header-id-meta":"","stick-header-meta":"","header-above-stick-meta":"","header-main-stick-meta":"","header-below-stick-meta":"","astra-migrate-meta-layouts":"default","ast-page-background-enabled":"default","ast-page-background-meta":{"desktop":{"background-color":"var(--ast-global-color-4)","background-image":"","background-repeat":"repeat","background-position":"center center","background-size":"auto","background-attachment":"scroll","background-type":"","background-media":"","overlay-type":"","overlay-color":"","overlay-opacity":"","overlay-gradient":""},"tablet":{"background-color":"","background-image":"","background-repeat":"repeat","background-position":"center center","background-size":"auto","background-attachment":"scroll","background-type":"","background-media":"","overlay-type":"","overlay-color":"","overlay-opacity":"","overlay-gradient":""},"mobile":{"background-color":"","background-image":"","background-repeat":"repeat","background-position":"center center","background-size":"auto","background-attachment":"scroll","background-type":"","background-media":"","overlay-type":"","overlay-color":"","overlay-opacity":"","overlay-gradient":""}},"ast-content-background-meta":{"desktop":{"background-color":"var(--ast-global-color-5)","background-image":"","background-repeat":"repeat","background-position":"center center","background-size":"auto","background-attachment":"scroll","background-type":"","background-media":"","overlay-type":"","overlay-color":"","overlay-opacity":"","overlay-gradient":""},"tablet":{"background-color":"var(--ast-global-color-5)","background-image":"","background-repeat":"repeat","background-position":"center center","background-size":"auto","background-attachment":"scroll","background-type":"","background-media":"","overlay-type":"","overlay-color":"","overlay-opacity":"","overlay-gradient":""},"mobile":{"background-color":"var(--ast-global-color-5)","background-image":"","background-repeat":"repeat","background-position":"center center","background-size":"auto","background-attachment":"scroll","background-type":"","background-media":"","overlay-type":"","overlay-color":"","overlay-opacity":"","overlay-gradient":""}},"footnotes":""},"categories":[1,29],"tags":[],"class_list":["post-2166","post","type-post","status-publish","format-standard","has-post-thumbnail","hentry","category-general","category-portada"],"post_mailing_queue_ids":[],"_links":{"self":[{"href":"https:\/\/agora.xtec.cat\/cfalaselva\/wp-json\/wp\/v2\/posts\/2166","targetHints":{"allow":["GET"]}}],"collection":[{"href":"https:\/\/agora.xtec.cat\/cfalaselva\/wp-json\/wp\/v2\/posts"}],"about":[{"href":"https:\/\/agora.xtec.cat\/cfalaselva\/wp-json\/wp\/v2\/types\/post"}],"author":[{"embeddable":true,"href":"https:\/\/agora.xtec.cat\/cfalaselva\/wp-json\/wp\/v2\/users\/1"}],"replies":[{"embeddable":true,"href":"https:\/\/agora.xtec.cat\/cfalaselva\/wp-json\/wp\/v2\/comments?post=2166"}],"version-history":[{"count":5,"href":"https:\/\/agora.xtec.cat\/cfalaselva\/wp-json\/wp\/v2\/posts\/2166\/revisions"}],"predecessor-version":[{"id":2197,"href":"https:\/\/agora.xtec.cat\/cfalaselva\/wp-json\/wp\/v2\/posts\/2166\/revisions\/2197"}],"wp:featuredmedia":[{"embeddable":true,"href":"https:\/\/agora.xtec.cat\/cfalaselva\/wp-json\/wp\/v2\/media\/2168"}],"wp:attachment":[{"href":"https:\/\/agora.xtec.cat\/cfalaselva\/wp-json\/wp\/v2\/media?parent=2166"}],"wp:term":[{"taxonomy":"category","embeddable":true,"href":"https:\/\/agora.xtec.cat\/cfalaselva\/wp-json\/wp\/v2\/categories?post=2166"},{"taxonomy":"post_tag","embeddable":true,"href":"https:\/\/agora.xtec.cat\/cfalaselva\/wp-json\/wp\/v2\/tags?post=2166"}],"curies":[{"name":"wp","href":"https:\/\/api.w.org\/{rel}","templated":true}]}}