{"id":1327,"date":"2023-02-01T17:27:39","date_gmt":"2023-02-01T16:27:39","guid":{"rendered":"https:\/\/agora.xtec.cat\/cfalaselva\/?p=1327"},"modified":"2023-02-01T17:35:12","modified_gmt":"2023-02-01T16:35:12","slug":"memorial-de-lholocaust","status":"publish","type":"post","link":"https:\/\/agora.xtec.cat\/cfalaselva\/general\/memorial-de-lholocaust\/","title":{"rendered":"Memorial de l&#8217;Holocaust"},"content":{"rendered":"<div>\n<p>Amb motiu del Dia Internacional de Commemoraci\u00f3 en Mem\u00f2ria de les V\u00edctimes de l\u2019Holocaust, disset centres educatius, entre ells el CFA La Selva, han participat en l\u2019audiovisual del Memorial Democr\u00e0tic i el Departament d\u2019Educaci\u00f3 per tal de fer just\u00edcia a les v\u00edctimes i honorar-les, ser conscients de la complexitat humana, reflexionar sobre nosaltres mateixos i sobre com afecten les nostres accions i decisions i, tamb\u00e9, comprendre que l\u2019Holocaust no \u00e9s una q\u00fcesti\u00f3 aliena a nosaltres perqu\u00e8 les persones que el van viure eren gent corrent, igual que nosaltres. Enguany s\u2019ha treballat des de les tipologies, els rols que les persones van prendre. La gent corrent: perpetradors, observadors, salvadors. I les v\u00edctimes?<\/p>\n<p>Marta Sim\u00f3, soci\u00f2loga i especialista en identitats jueves i Holocaust, n\u2019explica els detalls. Per definir cada categoria ens hem de fixar en les accions, les motivacions i les reaccions de cadascun dels subjectes. Les persones perpetradores escolliran destruir, les observadores es mantindran al marge i les salvadores decidiran ajudar. No tot \u00e9s blanc o negre, bons i dolents. Les persones humanes passem per diferents moments, cal escollir, cal emprendre una acci\u00f3.<\/p>\n<p>Cada centre educatiu ha estat treballant a l\u2019aula i ha compartit un breu audiovisual per respondre preguntes com ara: La gent corrent tenia opcions per decidir? Podien escollir les v\u00edctimes? I els perpetradors? I els observadors? Qu\u00e8 fa que unes persones ajudin d\u2019altres persones i qu\u00e8 impedeix a d\u2019altres fer-ho? Qu\u00e8 podem aprendre de les histories dels observadors i dels salvadors? Quina import\u00e0ncia va tenir la passivitat dels observadors en el resultat final de les pol\u00edtiques nazis d\u2019extermini?<\/p>\n<p><a href=\"https:\/\/drive.google.com\/file\/d\/1ir5N3rPW6EmeRMNS_1agbP76-5LhLDuR\/view\" target=\"_blank\" rel=\"noopener\">Enlla\u00e7 al v\u00eddeo oficial<\/a><\/p>\n<\/div>\n","protected":false},"excerpt":{"rendered":"<p>Amb motiu del Dia Internacional de Commemoraci\u00f3 en Mem\u00f2ria de les V\u00edctimes de l\u2019Holocaust, disset centres educatius, entre ells el [&hellip;]<\/p>\n","protected":false},"author":1,"featured_media":0,"comment_status":"open","ping_status":"closed","sticky":false,"template":"","format":"standard","meta":{"_bbp_topic_count":0,"_bbp_reply_count":0,"_bbp_total_topic_count":0,"_bbp_total_reply_count":0,"_bbp_voice_count":0,"_bbp_anonymous_reply_count":0,"_bbp_topic_count_hidden":0,"_bbp_reply_count_hidden":0,"_bbp_forum_subforum_count":0,"site-sidebar-layout":"default","site-content-layout":"","ast-site-content-layout":"","site-content-style":"default","site-sidebar-style":"default","ast-global-header-display":"","ast-banner-title-visibility":"","ast-main-header-display":"","ast-hfb-above-header-display":"","ast-hfb-below-header-display":"","ast-hfb-mobile-header-display":"","site-post-title":"","ast-breadcrumbs-content":"","ast-featured-img":"","footer-sml-layout":"","theme-transparent-header-meta":"","adv-header-id-meta":"","stick-header-meta":"","header-above-stick-meta":"","header-main-stick-meta":"","header-below-stick-meta":"","astra-migrate-meta-layouts":"default","ast-page-background-enabled":"default","ast-page-background-meta":{"desktop":{"background-color":"var(--ast-global-color-4)","background-image":"","background-repeat":"repeat","background-position":"center center","background-size":"auto","background-attachment":"scroll","background-type":"","background-media":"","overlay-type":"","overlay-color":"","overlay-opacity":"","overlay-gradient":""},"tablet":{"background-color":"","background-image":"","background-repeat":"repeat","background-position":"center center","background-size":"auto","background-attachment":"scroll","background-type":"","background-media":"","overlay-type":"","overlay-color":"","overlay-opacity":"","overlay-gradient":""},"mobile":{"background-color":"","background-image":"","background-repeat":"repeat","background-position":"center center","background-size":"auto","background-attachment":"scroll","background-type":"","background-media":"","overlay-type":"","overlay-color":"","overlay-opacity":"","overlay-gradient":""}},"ast-content-background-meta":{"desktop":{"background-color":"var(--ast-global-color-5)","background-image":"","background-repeat":"repeat","background-position":"center center","background-size":"auto","background-attachment":"scroll","background-type":"","background-media":"","overlay-type":"","overlay-color":"","overlay-opacity":"","overlay-gradient":""},"tablet":{"background-color":"var(--ast-global-color-5)","background-image":"","background-repeat":"repeat","background-position":"center center","background-size":"auto","background-attachment":"scroll","background-type":"","background-media":"","overlay-type":"","overlay-color":"","overlay-opacity":"","overlay-gradient":""},"mobile":{"background-color":"var(--ast-global-color-5)","background-image":"","background-repeat":"repeat","background-position":"center center","background-size":"auto","background-attachment":"scroll","background-type":"","background-media":"","overlay-type":"","overlay-color":"","overlay-opacity":"","overlay-gradient":""}},"footnotes":""},"categories":[1,29],"tags":[],"class_list":["post-1327","post","type-post","status-publish","format-standard","hentry","category-general","category-portada"],"post_mailing_queue_ids":[],"_links":{"self":[{"href":"https:\/\/agora.xtec.cat\/cfalaselva\/wp-json\/wp\/v2\/posts\/1327","targetHints":{"allow":["GET"]}}],"collection":[{"href":"https:\/\/agora.xtec.cat\/cfalaselva\/wp-json\/wp\/v2\/posts"}],"about":[{"href":"https:\/\/agora.xtec.cat\/cfalaselva\/wp-json\/wp\/v2\/types\/post"}],"author":[{"embeddable":true,"href":"https:\/\/agora.xtec.cat\/cfalaselva\/wp-json\/wp\/v2\/users\/1"}],"replies":[{"embeddable":true,"href":"https:\/\/agora.xtec.cat\/cfalaselva\/wp-json\/wp\/v2\/comments?post=1327"}],"version-history":[{"count":3,"href":"https:\/\/agora.xtec.cat\/cfalaselva\/wp-json\/wp\/v2\/posts\/1327\/revisions"}],"predecessor-version":[{"id":1331,"href":"https:\/\/agora.xtec.cat\/cfalaselva\/wp-json\/wp\/v2\/posts\/1327\/revisions\/1331"}],"wp:attachment":[{"href":"https:\/\/agora.xtec.cat\/cfalaselva\/wp-json\/wp\/v2\/media?parent=1327"}],"wp:term":[{"taxonomy":"category","embeddable":true,"href":"https:\/\/agora.xtec.cat\/cfalaselva\/wp-json\/wp\/v2\/categories?post=1327"},{"taxonomy":"post_tag","embeddable":true,"href":"https:\/\/agora.xtec.cat\/cfalaselva\/wp-json\/wp\/v2\/tags?post=1327"}],"curies":[{"name":"wp","href":"https:\/\/api.w.org\/{rel}","templated":true}]}}