{"id":1322,"date":"2023-01-16T17:27:42","date_gmt":"2023-01-16T16:27:42","guid":{"rendered":"https:\/\/agora.xtec.cat\/cfalaselva\/?p=1322"},"modified":"2023-01-16T17:27:42","modified_gmt":"2023-01-16T16:27:42","slug":"taller-deconomia","status":"publish","type":"post","link":"https:\/\/agora.xtec.cat\/cfalaselva\/general\/taller-deconomia\/","title":{"rendered":"Taller d&#8217;economia"},"content":{"rendered":"<p>El passat dijous 12 de gener vam fer un taller d&#8217;economia amb els alumnes de CAM, obert a la resta d&#8217;alumnes del CFA La Selva.<br \/>\nEn aquest taller anomenat l&#8217;Economia del teu dia a dia, vam aprendre a diferenciar entre els ingressos fixos, variables i els extraordinaris. Tamb\u00e9 entre les despeses fixes necess\u00e0ries, les variables necess\u00e0ries i les discrecionals.<br \/>\nVam veure la necessitat de fer un pressupost mensual per tal de poder calcular el nostre fons d&#8217;emerg\u00e8ncia i veure opcions per a reduir les nostres despeses i poder arribar a final de mes sense maldecaps.<br \/>\nVam desgranar al detall una n\u00f2mina i vam entendre la difer\u00e8ncia entre salari brut i salari net, important per quan busquem feina!<br \/>\nPer acabar vam veure els diferents tipos d&#8217;impostos que paguem i van sorgir molts de dubtes que vam poder resoldre amb el Delf\u00ed.<\/p>\n<p>Us animem a venir al proper taller d&#8217;economia el dia 9 de febrer a les 18:30h. Aquesta vegada parlarem sobre com endeutar-te amb seny.<\/p>\n<p><img loading=\"lazy\" decoding=\"async\" class=\"aligncenter size-medium wp-image-1323\" src=\"https:\/\/agora.xtec.cat\/cfalaselva\/wp-content\/uploads\/usu247\/2023\/01\/WhatsApp-Image-2023-01-16-at-15.57.30-225x300.jpeg\" alt=\"\" width=\"225\" height=\"300\" srcset=\"https:\/\/agora.xtec.cat\/cfalaselva\/wp-content\/uploads\/usu247\/2023\/01\/WhatsApp-Image-2023-01-16-at-15.57.30-225x300.jpeg 225w, https:\/\/agora.xtec.cat\/cfalaselva\/wp-content\/uploads\/usu247\/2023\/01\/WhatsApp-Image-2023-01-16-at-15.57.30-768x1024.jpeg 768w, https:\/\/agora.xtec.cat\/cfalaselva\/wp-content\/uploads\/usu247\/2023\/01\/WhatsApp-Image-2023-01-16-at-15.57.30-1152x1536.jpeg 1152w, https:\/\/agora.xtec.cat\/cfalaselva\/wp-content\/uploads\/usu247\/2023\/01\/WhatsApp-Image-2023-01-16-at-15.57.30.jpeg 1200w\" sizes=\"auto, (max-width: 225px) 100vw, 225px\" \/><\/p>\n","protected":false},"excerpt":{"rendered":"<p>El passat dijous 12 de gener vam fer un taller d&#8217;economia amb els alumnes de CAM, obert a la resta [&hellip;]<\/p>\n","protected":false},"author":1,"featured_media":0,"comment_status":"open","ping_status":"closed","sticky":false,"template":"","format":"standard","meta":{"_bbp_topic_count":0,"_bbp_reply_count":0,"_bbp_total_topic_count":0,"_bbp_total_reply_count":0,"_bbp_voice_count":0,"_bbp_anonymous_reply_count":0,"_bbp_topic_count_hidden":0,"_bbp_reply_count_hidden":0,"_bbp_forum_subforum_count":0,"site-sidebar-layout":"default","site-content-layout":"","ast-site-content-layout":"","site-content-style":"default","site-sidebar-style":"default","ast-global-header-display":"","ast-banner-title-visibility":"","ast-main-header-display":"","ast-hfb-above-header-display":"","ast-hfb-below-header-display":"","ast-hfb-mobile-header-display":"","site-post-title":"","ast-breadcrumbs-content":"","ast-featured-img":"","footer-sml-layout":"","theme-transparent-header-meta":"","adv-header-id-meta":"","stick-header-meta":"","header-above-stick-meta":"","header-main-stick-meta":"","header-below-stick-meta":"","astra-migrate-meta-layouts":"default","ast-page-background-enabled":"default","ast-page-background-meta":{"desktop":{"background-color":"var(--ast-global-color-4)","background-image":"","background-repeat":"repeat","background-position":"center center","background-size":"auto","background-attachment":"scroll","background-type":"","background-media":"","overlay-type":"","overlay-color":"","overlay-opacity":"","overlay-gradient":""},"tablet":{"background-color":"","background-image":"","background-repeat":"repeat","background-position":"center center","background-size":"auto","background-attachment":"scroll","background-type":"","background-media":"","overlay-type":"","overlay-color":"","overlay-opacity":"","overlay-gradient":""},"mobile":{"background-color":"","background-image":"","background-repeat":"repeat","background-position":"center center","background-size":"auto","background-attachment":"scroll","background-type":"","background-media":"","overlay-type":"","overlay-color":"","overlay-opacity":"","overlay-gradient":""}},"ast-content-background-meta":{"desktop":{"background-color":"var(--ast-global-color-5)","background-image":"","background-repeat":"repeat","background-position":"center center","background-size":"auto","background-attachment":"scroll","background-type":"","background-media":"","overlay-type":"","overlay-color":"","overlay-opacity":"","overlay-gradient":""},"tablet":{"background-color":"var(--ast-global-color-5)","background-image":"","background-repeat":"repeat","background-position":"center center","background-size":"auto","background-attachment":"scroll","background-type":"","background-media":"","overlay-type":"","overlay-color":"","overlay-opacity":"","overlay-gradient":""},"mobile":{"background-color":"var(--ast-global-color-5)","background-image":"","background-repeat":"repeat","background-position":"center center","background-size":"auto","background-attachment":"scroll","background-type":"","background-media":"","overlay-type":"","overlay-color":"","overlay-opacity":"","overlay-gradient":""}},"footnotes":""},"categories":[1,29],"tags":[],"class_list":["post-1322","post","type-post","status-publish","format-standard","hentry","category-general","category-portada"],"post_mailing_queue_ids":[],"_links":{"self":[{"href":"https:\/\/agora.xtec.cat\/cfalaselva\/wp-json\/wp\/v2\/posts\/1322","targetHints":{"allow":["GET"]}}],"collection":[{"href":"https:\/\/agora.xtec.cat\/cfalaselva\/wp-json\/wp\/v2\/posts"}],"about":[{"href":"https:\/\/agora.xtec.cat\/cfalaselva\/wp-json\/wp\/v2\/types\/post"}],"author":[{"embeddable":true,"href":"https:\/\/agora.xtec.cat\/cfalaselva\/wp-json\/wp\/v2\/users\/1"}],"replies":[{"embeddable":true,"href":"https:\/\/agora.xtec.cat\/cfalaselva\/wp-json\/wp\/v2\/comments?post=1322"}],"version-history":[{"count":1,"href":"https:\/\/agora.xtec.cat\/cfalaselva\/wp-json\/wp\/v2\/posts\/1322\/revisions"}],"predecessor-version":[{"id":1324,"href":"https:\/\/agora.xtec.cat\/cfalaselva\/wp-json\/wp\/v2\/posts\/1322\/revisions\/1324"}],"wp:attachment":[{"href":"https:\/\/agora.xtec.cat\/cfalaselva\/wp-json\/wp\/v2\/media?parent=1322"}],"wp:term":[{"taxonomy":"category","embeddable":true,"href":"https:\/\/agora.xtec.cat\/cfalaselva\/wp-json\/wp\/v2\/categories?post=1322"},{"taxonomy":"post_tag","embeddable":true,"href":"https:\/\/agora.xtec.cat\/cfalaselva\/wp-json\/wp\/v2\/tags?post=1322"}],"curies":[{"name":"wp","href":"https:\/\/api.w.org\/{rel}","templated":true}]}}