{"id":959,"date":"2023-04-21T13:20:51","date_gmt":"2023-04-21T11:20:51","guid":{"rendered":"https:\/\/agora.xtec.cat\/cfalacreudebarbera\/?p=959"},"modified":"2023-04-21T13:20:51","modified_gmt":"2023-04-21T11:20:51","slug":"preinscripcio-curs-2023-2024","status":"publish","type":"post","link":"https:\/\/agora.xtec.cat\/cfalacreudebarbera\/portada\/preinscripcio-curs-2023-2024\/","title":{"rendered":"Preinscripci\u00f3 curs 2023-2024"},"content":{"rendered":"<p>Les persones que volen accedir a un centre de formaci\u00f3 d\u2019adults han de presentar la sol\u00b7licitud de preinscripci\u00f3.<\/p>\n<p><strong><em><span style=\"color: #ff0000;\">PRESENTACI\u00d3 DE SOL\u00b7LICITUDS: del 20 al 28 de juny de 2023<\/span><\/em><\/strong><\/p>\n<p><span style=\"color: #000000;\"><strong>Horari de preinscripci\u00f3:<\/strong><\/span><\/p>\n<ul>\n<li><span style=\"color: #000000;\"><strong>MAT\u00cd: de 9 a 12 h<\/strong><\/span><\/li>\n<li><span style=\"color: #000000;\"><strong>TARDA (*): de 16 a 19 h<\/strong><\/span><\/li>\n<\/ul>\n<p><span style=\"color: #000000;\"><strong>(*) Excepte el divendres 23 que nom\u00e9s atendrem al mat\u00ed.<\/strong><\/span><\/p>\n<p><strong><span style=\"color: #ff0000;\">DOCUMENTACI\u00d3:<\/span><\/strong><\/p>\n<ul>\n<li><strong>Original i fotoc\u00f2pia del DNI, NIE o passaport.<\/strong><\/li>\n<li><strong>Fotoc\u00f2pia de la targeta sanit\u00e0ria (TSI).<\/strong><\/li>\n<li><strong>Per als alumnes de Graduat en educaci\u00f3 secund\u00e0ria: original i fotoc\u00f2pia de l&#8217;expedient acad\u00e8mic o llibre d&#8217;escolaritat.<\/strong><\/li>\n<\/ul>\n<p><strong><span style=\"color: #ff0000;\">ENLLA\u00c7 D&#8217;INTER\u00c8S:<\/span><\/strong><\/p>\n<ul>\n<li><strong>S&#8217;ha publicat el podcast &#8220;Ensenyaments als centres de formaci\u00f3 d&#8217;adults&#8221; al web del Departament d&#8217;Educaci\u00f3. Podeu escoltar-lo al seg\u00fcent enlla\u00e7:\u00a0<a href=\"https:\/\/educacio.gencat.cat\/ca\/Detall\/pd-educacio-llarg-vida\" target=\"_blank\" rel=\"noopener\">https:\/\/educacio.gencat.cat\/ca\/Detall\/pd-educacio-llarg-vida<\/a><\/strong><\/li>\n<\/ul>\n<p><a href=\"https:\/\/agora.xtec.cat\/cfalacreudebarbera\/wp-content\/uploads\/usu2281\/2023\/04\/Preinscripcio-2023-2024.png\"><img loading=\"lazy\" decoding=\"async\" class=\"size-large wp-image-963 aligncenter\" src=\"https:\/\/agora.xtec.cat\/cfalacreudebarbera\/wp-content\/uploads\/usu2281\/2023\/04\/Preinscripcio-2023-2024-724x1024.png\" alt=\"\" width=\"724\" height=\"1024\" srcset=\"https:\/\/agora.xtec.cat\/cfalacreudebarbera\/wp-content\/uploads\/usu2281\/2023\/04\/Preinscripcio-2023-2024-724x1024.png 724w, https:\/\/agora.xtec.cat\/cfalacreudebarbera\/wp-content\/uploads\/usu2281\/2023\/04\/Preinscripcio-2023-2024-212x300.png 212w, https:\/\/agora.xtec.cat\/cfalacreudebarbera\/wp-content\/uploads\/usu2281\/2023\/04\/Preinscripcio-2023-2024-768x1086.png 768w, https:\/\/agora.xtec.cat\/cfalacreudebarbera\/wp-content\/uploads\/usu2281\/2023\/04\/Preinscripcio-2023-2024-1086x1536.png 1086w, https:\/\/agora.xtec.cat\/cfalacreudebarbera\/wp-content\/uploads\/usu2281\/2023\/04\/Preinscripcio-2023-2024-1448x2048.png 1448w, https:\/\/agora.xtec.cat\/cfalacreudebarbera\/wp-content\/uploads\/usu2281\/2023\/04\/Preinscripcio-2023-2024.png 1587w\" sizes=\"auto, (max-width: 724px) 100vw, 724px\" \/><\/a><\/p>\n","protected":false},"excerpt":{"rendered":"<p>Les persones que volen accedir a un centre de formaci\u00f3 d\u2019adults han de presentar la sol\u00b7licitud de preinscripci\u00f3.<br \/>\nPRESENTACI\u00d3 DE SOL\u00b7LICITUDS: del 20 al 28 de juny de 2023<br \/>\nHorari de preinscripci\u00f3:<\/p>\n<ul>\n<li>MAT\u00cd: de 9 a 12 h<\/li>\n<li>TARDA (*): de 16 a 19 h<\/li>\n<\/ul>\n<p>(*) Excepte el divendres 23&hellip;  <a href=\"https:\/\/agora.xtec.cat\/cfalacreudebarbera\/portada\/preinscripcio-curs-2023-2024\/\" title=\"Read Preinscripci\u00f3 curs 2023-2024\">Llegeix m\u00e9s\u00bb<\/a><\/p>\n","protected":false},"author":1,"featured_media":0,"comment_status":"closed","ping_status":"closed","sticky":false,"template":"","format":"standard","meta":{"_bbp_topic_count":0,"_bbp_reply_count":0,"_bbp_total_topic_count":0,"_bbp_total_reply_count":0,"_bbp_voice_count":0,"_bbp_anonymous_reply_count":0,"_bbp_topic_count_hidden":0,"_bbp_reply_count_hidden":0,"_bbp_forum_subforum_count":0,"footnotes":""},"categories":[29],"tags":[],"class_list":["post-959","post","type-post","status-publish","format-standard","hentry","category-portada"],"post_mailing_queue_ids":[],"_links":{"self":[{"href":"https:\/\/agora.xtec.cat\/cfalacreudebarbera\/wp-json\/wp\/v2\/posts\/959","targetHints":{"allow":["GET"]}}],"collection":[{"href":"https:\/\/agora.xtec.cat\/cfalacreudebarbera\/wp-json\/wp\/v2\/posts"}],"about":[{"href":"https:\/\/agora.xtec.cat\/cfalacreudebarbera\/wp-json\/wp\/v2\/types\/post"}],"author":[{"embeddable":true,"href":"https:\/\/agora.xtec.cat\/cfalacreudebarbera\/wp-json\/wp\/v2\/users\/1"}],"replies":[{"embeddable":true,"href":"https:\/\/agora.xtec.cat\/cfalacreudebarbera\/wp-json\/wp\/v2\/comments?post=959"}],"version-history":[{"count":3,"href":"https:\/\/agora.xtec.cat\/cfalacreudebarbera\/wp-json\/wp\/v2\/posts\/959\/revisions"}],"predecessor-version":[{"id":964,"href":"https:\/\/agora.xtec.cat\/cfalacreudebarbera\/wp-json\/wp\/v2\/posts\/959\/revisions\/964"}],"wp:attachment":[{"href":"https:\/\/agora.xtec.cat\/cfalacreudebarbera\/wp-json\/wp\/v2\/media?parent=959"}],"wp:term":[{"taxonomy":"category","embeddable":true,"href":"https:\/\/agora.xtec.cat\/cfalacreudebarbera\/wp-json\/wp\/v2\/categories?post=959"},{"taxonomy":"post_tag","embeddable":true,"href":"https:\/\/agora.xtec.cat\/cfalacreudebarbera\/wp-json\/wp\/v2\/tags?post=959"}],"curies":[{"name":"wp","href":"https:\/\/api.w.org\/{rel}","templated":true}]}}