{"id":950,"date":"2023-03-30T19:45:29","date_gmt":"2023-03-30T17:45:29","guid":{"rendered":"https:\/\/agora.xtec.cat\/cfalacreudebarbera\/?p=950"},"modified":"2023-03-30T19:53:59","modified_gmt":"2023-03-30T17:53:59","slug":"tria-educativa-el-web-de-referencia-de-consulta-dels-estudis","status":"publish","type":"post","link":"https:\/\/agora.xtec.cat\/cfalacreudebarbera\/portada\/tria-educativa-el-web-de-referencia-de-consulta-dels-estudis\/","title":{"rendered":"Tria educativa, el web de refer\u00e8ncia de consulta dels estudis"},"content":{"rendered":"<p style=\"text-align: justify;\"><a href=\"https:\/\/agora.xtec.cat\/cfalacreudebarbera\/wp-content\/uploads\/usu2281\/2023\/03\/Tria-educativa.png\"><img loading=\"lazy\" decoding=\"async\" class=\"wp-image-951 size-large aligncenter\" src=\"https:\/\/agora.xtec.cat\/cfalacreudebarbera\/wp-content\/uploads\/usu2281\/2023\/03\/Tria-educativa-1024x162.png\" alt=\"\" width=\"1024\" height=\"162\" srcset=\"https:\/\/agora.xtec.cat\/cfalacreudebarbera\/wp-content\/uploads\/usu2281\/2023\/03\/Tria-educativa-1024x162.png 1024w, https:\/\/agora.xtec.cat\/cfalacreudebarbera\/wp-content\/uploads\/usu2281\/2023\/03\/Tria-educativa-300x47.png 300w, https:\/\/agora.xtec.cat\/cfalacreudebarbera\/wp-content\/uploads\/usu2281\/2023\/03\/Tria-educativa-768x122.png 768w, https:\/\/agora.xtec.cat\/cfalacreudebarbera\/wp-content\/uploads\/usu2281\/2023\/03\/Tria-educativa.png 1523w\" sizes=\"auto, (max-width: 1024px) 100vw, 1024px\" \/><\/a>El Departament d&#8217;Educaci\u00f3 ha impulsat el web <a href=\"https:\/\/triaeducativa.gencat.cat\/ca\/inici\/\" target=\"_blank\" rel=\"noopener\"><strong>Tria educativa<\/strong><\/a> , on trobar\u00e0s informaci\u00f3 de qualitat i actualitzada de tots els ensenyaments que pots cursar a Catalunya i dels itineraris formatius m\u00e9s freq\u00fcents.<\/p>\n<p style=\"text-align: justify;\">A m\u00e9s, posa a la teva disposici\u00f3 v\u00eddeos explicatius sobre diferents estudis i p\u00f2dcasts sobre temes relacionats amb la tria educativa: <a href=\"https:\/\/educacio.gencat.cat\/ca\/serveis-tramits\/proves\/proves-acces\/\" target=\"_blank\" rel=\"noopener\"><strong>proves d\u2019acc\u00e9s<\/strong><\/a> , novetats per al proper curs&#8230;<\/p>\n<p style=\"text-align: justify;\">Navega pel web, fes una cerca mitjan\u00e7ant el cercador gen\u00e8ric, o explica qu\u00e8 necessites i el web t&#8217;ajudar\u00e0 a trobar-ho. Consulta tota la informaci\u00f3 per <a href=\"https:\/\/triaeducativa.gencat.cat\/ca\/homologacio\/inici\/\" target=\"_blank\" rel=\"noopener\"><strong>l&#8217;homologaci\u00f3 d&#8217;estudis estrangers<\/strong><\/a> i accedeix f\u00e0cilment des de qualsevol apartat al web <a href=\"https:\/\/preinscripcio.gencat.cat\/ca\/inici\" target=\"_blank\" rel=\"noopener\"><strong>preinscripcio.gencat.cat<\/strong><\/a><\/p>\n","protected":false},"excerpt":{"rendered":"<p><a href=\"https:\/\/agora.xtec.cat\/cfalacreudebarbera\/wp-content\/uploads\/usu2281\/2023\/03\/Tria-educativa.png\"><\/a>El Departament d&#8217;Educaci\u00f3 ha impulsat el web <a href=\"https:\/\/triaeducativa.gencat.cat\/ca\/inici\/\" target=\"_blank\" rel=\"noopener\">Tria educativa<\/a> , on trobar\u00e0s informaci\u00f3 de qualitat i actualitzada de tots els ensenyaments que pots cursar a Catalunya i dels itineraris formatius m\u00e9s freq\u00fcents.<br \/>\nA m\u00e9s, posa a la teva disposici\u00f3 v\u00eddeos explicatius sobre&hellip;  <a href=\"https:\/\/agora.xtec.cat\/cfalacreudebarbera\/portada\/tria-educativa-el-web-de-referencia-de-consulta-dels-estudis\/\" title=\"Read Tria educativa, el web de refer\u00e8ncia de consulta dels estudis\">Llegeix m\u00e9s\u00bb<\/a><\/p>\n","protected":false},"author":1,"featured_media":0,"comment_status":"closed","ping_status":"closed","sticky":false,"template":"","format":"standard","meta":{"_bbp_topic_count":0,"_bbp_reply_count":0,"_bbp_total_topic_count":0,"_bbp_total_reply_count":0,"_bbp_voice_count":0,"_bbp_anonymous_reply_count":0,"_bbp_topic_count_hidden":0,"_bbp_reply_count_hidden":0,"_bbp_forum_subforum_count":0,"footnotes":""},"categories":[29],"tags":[],"class_list":["post-950","post","type-post","status-publish","format-standard","hentry","category-portada"],"post_mailing_queue_ids":[],"_links":{"self":[{"href":"https:\/\/agora.xtec.cat\/cfalacreudebarbera\/wp-json\/wp\/v2\/posts\/950","targetHints":{"allow":["GET"]}}],"collection":[{"href":"https:\/\/agora.xtec.cat\/cfalacreudebarbera\/wp-json\/wp\/v2\/posts"}],"about":[{"href":"https:\/\/agora.xtec.cat\/cfalacreudebarbera\/wp-json\/wp\/v2\/types\/post"}],"author":[{"embeddable":true,"href":"https:\/\/agora.xtec.cat\/cfalacreudebarbera\/wp-json\/wp\/v2\/users\/1"}],"replies":[{"embeddable":true,"href":"https:\/\/agora.xtec.cat\/cfalacreudebarbera\/wp-json\/wp\/v2\/comments?post=950"}],"version-history":[{"count":3,"href":"https:\/\/agora.xtec.cat\/cfalacreudebarbera\/wp-json\/wp\/v2\/posts\/950\/revisions"}],"predecessor-version":[{"id":955,"href":"https:\/\/agora.xtec.cat\/cfalacreudebarbera\/wp-json\/wp\/v2\/posts\/950\/revisions\/955"}],"wp:attachment":[{"href":"https:\/\/agora.xtec.cat\/cfalacreudebarbera\/wp-json\/wp\/v2\/media?parent=950"}],"wp:term":[{"taxonomy":"category","embeddable":true,"href":"https:\/\/agora.xtec.cat\/cfalacreudebarbera\/wp-json\/wp\/v2\/categories?post=950"},{"taxonomy":"post_tag","embeddable":true,"href":"https:\/\/agora.xtec.cat\/cfalacreudebarbera\/wp-json\/wp\/v2\/tags?post=950"}],"curies":[{"name":"wp","href":"https:\/\/api.w.org\/{rel}","templated":true}]}}