{"id":935,"date":"2023-03-06T13:10:44","date_gmt":"2023-03-06T12:10:44","guid":{"rendered":"https:\/\/agora.xtec.cat\/cfalacreudebarbera\/?p=935"},"modified":"2023-03-06T13:10:44","modified_gmt":"2023-03-06T12:10:44","slug":"dia-internacional-de-les-dones-2023","status":"publish","type":"post","link":"https:\/\/agora.xtec.cat\/cfalacreudebarbera\/portada\/dia-internacional-de-les-dones-2023\/","title":{"rendered":"Dia Internacional de les Dones 2023"},"content":{"rendered":"<p style=\"text-align: justify;\"><a href=\"https:\/\/agora.xtec.cat\/cfalacreudebarbera\/wp-content\/uploads\/usu2281\/2023\/03\/8-de-marc-de-2023.jpg\"><img loading=\"lazy\" decoding=\"async\" class=\" wp-image-937 alignleft\" src=\"https:\/\/agora.xtec.cat\/cfalacreudebarbera\/wp-content\/uploads\/usu2281\/2023\/03\/8-de-marc-de-2023.jpg\" alt=\"\" width=\"300\" height=\"300\" srcset=\"https:\/\/agora.xtec.cat\/cfalacreudebarbera\/wp-content\/uploads\/usu2281\/2023\/03\/8-de-marc-de-2023.jpg 538w, https:\/\/agora.xtec.cat\/cfalacreudebarbera\/wp-content\/uploads\/usu2281\/2023\/03\/8-de-marc-de-2023-300x300.jpg 300w, https:\/\/agora.xtec.cat\/cfalacreudebarbera\/wp-content\/uploads\/usu2281\/2023\/03\/8-de-marc-de-2023-150x150.jpg 150w\" sizes=\"auto, (max-width: 300px) 100vw, 300px\" \/><\/a>El Departament d\u2019Educaci\u00f3, en el Dia Internacional de les Dones, es suma al missatge d\u2019ONU Dones <strong>Per un m\u00f3n digital inclusiu: Innovaci\u00f3 i tecnologia per a la igualtat de g\u00e8nere<\/strong> i proposa activitats per sensibilitzar l\u2019alumnat i tota la comunitat educativa sobre els drets de les dones i la necessitat d\u2019un m\u00f3n digital inclusiu.<\/p>\n<p style=\"text-align: justify;\">Pots veure les activitats proposades en el seg\u00fcent enlla\u00e7:\u00a0<a href=\"https:\/\/xtec.gencat.cat\/ca\/centres\/celebracions\/2023\/dia-internacional-de-les-dones-2023\/\" target=\"_blank\" rel=\"noopener\">https:\/\/xtec.gencat.cat\/ca\/centres\/celebracions\/2023\/dia-internacional-de-les-dones-2023\/<\/a><\/p>\n","protected":false},"excerpt":{"rendered":"<p><a href=\"https:\/\/agora.xtec.cat\/cfalacreudebarbera\/wp-content\/uploads\/usu2281\/2023\/03\/8-de-marc-de-2023.jpg\"><\/a>El Departament d\u2019Educaci\u00f3, en el Dia Internacional de les Dones, es suma al missatge d\u2019ONU Dones Per un m\u00f3n digital inclusiu: Innovaci\u00f3 i tecnologia per a la igualtat de g\u00e8nere i proposa activitats per sensibilitzar l\u2019alumnat i tota la comunitat educativa sobre els drets&hellip;  <a href=\"https:\/\/agora.xtec.cat\/cfalacreudebarbera\/portada\/dia-internacional-de-les-dones-2023\/\" title=\"Read Dia Internacional de les Dones 2023\">Llegeix m\u00e9s\u00bb<\/a><\/p>\n","protected":false},"author":1,"featured_media":0,"comment_status":"closed","ping_status":"closed","sticky":false,"template":"","format":"standard","meta":{"_bbp_topic_count":0,"_bbp_reply_count":0,"_bbp_total_topic_count":0,"_bbp_total_reply_count":0,"_bbp_voice_count":0,"_bbp_anonymous_reply_count":0,"_bbp_topic_count_hidden":0,"_bbp_reply_count_hidden":0,"_bbp_forum_subforum_count":0,"footnotes":""},"categories":[29],"tags":[],"class_list":["post-935","post","type-post","status-publish","format-standard","hentry","category-portada"],"post_mailing_queue_ids":[],"_links":{"self":[{"href":"https:\/\/agora.xtec.cat\/cfalacreudebarbera\/wp-json\/wp\/v2\/posts\/935","targetHints":{"allow":["GET"]}}],"collection":[{"href":"https:\/\/agora.xtec.cat\/cfalacreudebarbera\/wp-json\/wp\/v2\/posts"}],"about":[{"href":"https:\/\/agora.xtec.cat\/cfalacreudebarbera\/wp-json\/wp\/v2\/types\/post"}],"author":[{"embeddable":true,"href":"https:\/\/agora.xtec.cat\/cfalacreudebarbera\/wp-json\/wp\/v2\/users\/1"}],"replies":[{"embeddable":true,"href":"https:\/\/agora.xtec.cat\/cfalacreudebarbera\/wp-json\/wp\/v2\/comments?post=935"}],"version-history":[{"count":2,"href":"https:\/\/agora.xtec.cat\/cfalacreudebarbera\/wp-json\/wp\/v2\/posts\/935\/revisions"}],"predecessor-version":[{"id":938,"href":"https:\/\/agora.xtec.cat\/cfalacreudebarbera\/wp-json\/wp\/v2\/posts\/935\/revisions\/938"}],"wp:attachment":[{"href":"https:\/\/agora.xtec.cat\/cfalacreudebarbera\/wp-json\/wp\/v2\/media?parent=935"}],"wp:term":[{"taxonomy":"category","embeddable":true,"href":"https:\/\/agora.xtec.cat\/cfalacreudebarbera\/wp-json\/wp\/v2\/categories?post=935"},{"taxonomy":"post_tag","embeddable":true,"href":"https:\/\/agora.xtec.cat\/cfalacreudebarbera\/wp-json\/wp\/v2\/tags?post=935"}],"curies":[{"name":"wp","href":"https:\/\/api.w.org\/{rel}","templated":true}]}}