{"id":930,"date":"2023-02-21T09:00:55","date_gmt":"2023-02-21T08:00:55","guid":{"rendered":"https:\/\/agora.xtec.cat\/cfalacreudebarbera\/?p=930"},"modified":"2023-02-06T21:00:18","modified_gmt":"2023-02-06T20:00:18","slug":"reciclatge-dolis-de-cuina","status":"publish","type":"post","link":"https:\/\/agora.xtec.cat\/cfalacreudebarbera\/portada\/reciclatge-dolis-de-cuina\/","title":{"rendered":"Reciclatge d&#8217;olis de cuina"},"content":{"rendered":"<p style=\"text-align: justify;\"><a href=\"https:\/\/agora.xtec.cat\/cfalacreudebarbera\/wp-content\/uploads\/usu2281\/2023\/02\/Contenidor.jpg\"><img loading=\"lazy\" decoding=\"async\" class=\" wp-image-931 alignleft\" src=\"https:\/\/agora.xtec.cat\/cfalacreudebarbera\/wp-content\/uploads\/usu2281\/2023\/02\/Contenidor.jpg\" alt=\"\" width=\"200\" height=\"266\" srcset=\"https:\/\/agora.xtec.cat\/cfalacreudebarbera\/wp-content\/uploads\/usu2281\/2023\/02\/Contenidor.jpg 768w, https:\/\/agora.xtec.cat\/cfalacreudebarbera\/wp-content\/uploads\/usu2281\/2023\/02\/Contenidor-225x300.jpg 225w\" sizes=\"auto, (max-width: 200px) 100vw, 200px\" \/><\/a>Al nostre centre hem instal\u00b7lat un contenidor de reciclatge d\u2019oli de cuina usat en col\u00b7laboraci\u00f3 amb <a role=\"link\" href=\"https:\/\/www.andisabadell.org\/ca\" target=\"_blank\" rel=\"noopener\">Andi Sabadell<\/a> i <strong>l\u2019Associaci\u00f3 VIDIA, <\/strong>per evitar que aquest residu summament contaminant vagi a parar als desguassos.<\/p>\n<p style=\"text-align: justify;\">L\u2019eliminaci\u00f3 de l\u2019oli de cuina utilitzat a trav\u00e9s del desgu\u00e0s incideix directament en la proliferaci\u00f3 de plagues urbanes (rosegadors, insectes, etc.) i de microorganismes perjudicials per a la salut. Tamb\u00e9 produeix un alt cost econ\u00f2mic per les avaries en la xarxa de clavegueram p\u00fablic i el treball extra per a les plantes de tractament d\u2019aig\u00fces residuals.<\/p>\n<p style=\"text-align: justify;\"><strong>L\u2019associaci\u00f3 VIDIA<\/strong> fomenta la incorporaci\u00f3 al mercat laboral de persones amb capacitats especials i de dones que han sofert maltractament f\u00edsic o psicol\u00f2gic.<\/p>\n<p>Podeu veure una not\u00edcia relacionada al seg\u00fcent enlla\u00e7:\u00a0<a href=\"https:\/\/www.andisabadell.org\/ca\/noticia\/andi-sabadell-i-deter-oil-collaboren-en-el-reciclatge-dolis-de-cuina-a-la-ciutat\" target=\"_blank\" rel=\"noopener\">https:\/\/www.andisabadell.org\/ca\/noticia\/andi-sabadell-i-deter-oil-collaboren-en-el-reciclatge-dolis-de-cuina-a-la-ciutat<\/a><\/p>\n","protected":false},"excerpt":{"rendered":"<p><a href=\"https:\/\/agora.xtec.cat\/cfalacreudebarbera\/wp-content\/uploads\/usu2281\/2023\/02\/Contenidor.jpg\"><\/a>Al nostre centre hem instal\u00b7lat un contenidor de reciclatge d\u2019oli de cuina usat en col\u00b7laboraci\u00f3 amb <a role=\"link\" href=\"https:\/\/www.andisabadell.org\/ca\" target=\"_blank\" rel=\"noopener\">Andi Sabadell<\/a> i l\u2019Associaci\u00f3 VIDIA, per evitar que aquest residu summament contaminant vagi a parar als desguassos.<br \/>\nL\u2019eliminaci\u00f3 de l\u2019oli de cuina utilitzat a trav\u00e9s&hellip;  <a href=\"https:\/\/agora.xtec.cat\/cfalacreudebarbera\/portada\/reciclatge-dolis-de-cuina\/\" title=\"Read Reciclatge d&#8217;olis de cuina\">Llegeix m\u00e9s\u00bb<\/a><\/p>\n","protected":false},"author":1,"featured_media":0,"comment_status":"closed","ping_status":"closed","sticky":false,"template":"","format":"standard","meta":{"_bbp_topic_count":0,"_bbp_reply_count":0,"_bbp_total_topic_count":0,"_bbp_total_reply_count":0,"_bbp_voice_count":0,"_bbp_anonymous_reply_count":0,"_bbp_topic_count_hidden":0,"_bbp_reply_count_hidden":0,"_bbp_forum_subforum_count":0,"footnotes":""},"categories":[29],"tags":[],"class_list":["post-930","post","type-post","status-publish","format-standard","hentry","category-portada"],"post_mailing_queue_ids":[],"_links":{"self":[{"href":"https:\/\/agora.xtec.cat\/cfalacreudebarbera\/wp-json\/wp\/v2\/posts\/930","targetHints":{"allow":["GET"]}}],"collection":[{"href":"https:\/\/agora.xtec.cat\/cfalacreudebarbera\/wp-json\/wp\/v2\/posts"}],"about":[{"href":"https:\/\/agora.xtec.cat\/cfalacreudebarbera\/wp-json\/wp\/v2\/types\/post"}],"author":[{"embeddable":true,"href":"https:\/\/agora.xtec.cat\/cfalacreudebarbera\/wp-json\/wp\/v2\/users\/1"}],"replies":[{"embeddable":true,"href":"https:\/\/agora.xtec.cat\/cfalacreudebarbera\/wp-json\/wp\/v2\/comments?post=930"}],"version-history":[{"count":3,"href":"https:\/\/agora.xtec.cat\/cfalacreudebarbera\/wp-json\/wp\/v2\/posts\/930\/revisions"}],"predecessor-version":[{"id":934,"href":"https:\/\/agora.xtec.cat\/cfalacreudebarbera\/wp-json\/wp\/v2\/posts\/930\/revisions\/934"}],"wp:attachment":[{"href":"https:\/\/agora.xtec.cat\/cfalacreudebarbera\/wp-json\/wp\/v2\/media?parent=930"}],"wp:term":[{"taxonomy":"category","embeddable":true,"href":"https:\/\/agora.xtec.cat\/cfalacreudebarbera\/wp-json\/wp\/v2\/categories?post=930"},{"taxonomy":"post_tag","embeddable":true,"href":"https:\/\/agora.xtec.cat\/cfalacreudebarbera\/wp-json\/wp\/v2\/tags?post=930"}],"curies":[{"name":"wp","href":"https:\/\/api.w.org\/{rel}","templated":true}]}}