{"id":927,"date":"2023-02-17T15:00:11","date_gmt":"2023-02-17T14:00:11","guid":{"rendered":"https:\/\/agora.xtec.cat\/cfalacreudebarbera\/?p=927"},"modified":"2023-01-25T12:52:50","modified_gmt":"2023-01-25T11:52:50","slug":"prova-dacces-a-cicles-formatius-de-grau-superior-3","status":"publish","type":"post","link":"https:\/\/agora.xtec.cat\/cfalacreudebarbera\/portada\/prova-dacces-a-cicles-formatius-de-grau-superior-3\/","title":{"rendered":"Prova d\u2019acc\u00e9s a cicles formatius de grau superior"},"content":{"rendered":"<p style=\"text-align: justify;\"><a href=\"https:\/\/agora.xtec.cat\/cfalacreudebarbera\/wp-content\/uploads\/usu2281\/2023\/01\/PACFGS-2023.png\"><img loading=\"lazy\" decoding=\"async\" class=\"wp-image-924 alignleft\" src=\"https:\/\/agora.xtec.cat\/cfalacreudebarbera\/wp-content\/uploads\/usu2281\/2023\/01\/PACFGS-2023.png\" alt=\"\" width=\"298\" height=\"119\" srcset=\"https:\/\/agora.xtec.cat\/cfalacreudebarbera\/wp-content\/uploads\/usu2281\/2023\/01\/PACFGS-2023.png 565w, https:\/\/agora.xtec.cat\/cfalacreudebarbera\/wp-content\/uploads\/usu2281\/2023\/01\/PACFGS-2023-300x120.png 300w\" sizes=\"auto, (max-width: 298px) 100vw, 298px\" \/><\/a>El Departament d&#8217;Educaci\u00f3 convoca la <strong>prova d&#8217;acc\u00e9s a cicles formatius de grau superior<\/strong> per a les persones que hi volen accedir per\u00f2 no tenen el t\u00edtol de batxillerat (o equivalent a efectes d&#8217;acc\u00e9s).<\/p>\n<p style=\"text-align: justify;\">Podeu trobar tota la informaci\u00f3 a: <a href=\"https:\/\/educacio.gencat.cat\/ca\/serveis-tramits\/proves\/proves-acces\/gs-fp\/\" target=\"_blank\" rel=\"noopener\">https:\/\/educacio.gencat.cat\/ca\/serveis-tramits\/proves\/proves-acces\/gs-fp\/<\/a><\/p>\n<p style=\"text-align: justify;\"><strong>Inscripci\u00f3:<\/strong> del 7 (a partir de les 9 h) al 20 de mar\u00e7 de 2023<\/p>\n<p style=\"text-align: justify;\">Pagament de la taxa: fins al 21 de mar\u00e7 de 2023 (abans de les 22 h)<\/p>\n<p style=\"text-align: justify;\">Llista provisional d&#8217;admesos i exclosos: a partir de l&#8217;11 d&#8217;abril de 2022<\/p>\n<p style=\"text-align: justify;\">Presentaci\u00f3 de la documentaci\u00f3 al centre: del 12 al 25 d&#8217;abril de 2023 (en horari d&#8217;atenci\u00f3 al p\u00fablic)<\/p>\n<p style=\"text-align: justify;\">Llista definitiva d&#8217;admesos i exclosos: a partir del 28 d&#8217;abril de 2023<\/p>\n<p style=\"text-align: justify;\"><strong>Prova<\/strong><\/p>\n<p style=\"text-align: justify;\">Part comuna: 23 de maig de 2023<\/p>\n<p style=\"text-align: justify;\">Part espec\u00edfica: 24 de maig de 2023<\/p>\n","protected":false},"excerpt":{"rendered":"<p><a href=\"https:\/\/agora.xtec.cat\/cfalacreudebarbera\/wp-content\/uploads\/usu2281\/2023\/01\/PACFGS-2023.png\"><\/a>El Departament d&#8217;Educaci\u00f3 convoca la prova d&#8217;acc\u00e9s a cicles formatius de grau superior per a les persones que hi volen accedir per\u00f2 no tenen el t\u00edtol de batxillerat (o equivalent a efectes d&#8217;acc\u00e9s).<br \/>\nPodeu trobar tota la informaci\u00f3 a: <a href=\"https:\/\/educacio.gencat.cat\/ca\/serveis-tramits\/proves\/proves-acces\/gs-fp\/\" target=\"_blank\" rel=\"noopener\">https:\/\/educacio.gencat.cat\/ca\/serveis-tramits\/proves\/proves-acces\/gs-fp\/<\/a><br \/>\nInscripci\u00f3: del 7&hellip;  <a href=\"https:\/\/agora.xtec.cat\/cfalacreudebarbera\/portada\/prova-dacces-a-cicles-formatius-de-grau-superior-3\/\" title=\"Read Prova d\u2019acc\u00e9s a cicles formatius de grau superior\">Llegeix m\u00e9s\u00bb<\/a><\/p>\n","protected":false},"author":1,"featured_media":0,"comment_status":"closed","ping_status":"closed","sticky":false,"template":"","format":"standard","meta":{"_bbp_topic_count":0,"_bbp_reply_count":0,"_bbp_total_topic_count":0,"_bbp_total_reply_count":0,"_bbp_voice_count":0,"_bbp_anonymous_reply_count":0,"_bbp_topic_count_hidden":0,"_bbp_reply_count_hidden":0,"_bbp_forum_subforum_count":0,"footnotes":""},"categories":[29],"tags":[],"class_list":["post-927","post","type-post","status-publish","format-standard","hentry","category-portada"],"post_mailing_queue_ids":[],"_links":{"self":[{"href":"https:\/\/agora.xtec.cat\/cfalacreudebarbera\/wp-json\/wp\/v2\/posts\/927","targetHints":{"allow":["GET"]}}],"collection":[{"href":"https:\/\/agora.xtec.cat\/cfalacreudebarbera\/wp-json\/wp\/v2\/posts"}],"about":[{"href":"https:\/\/agora.xtec.cat\/cfalacreudebarbera\/wp-json\/wp\/v2\/types\/post"}],"author":[{"embeddable":true,"href":"https:\/\/agora.xtec.cat\/cfalacreudebarbera\/wp-json\/wp\/v2\/users\/1"}],"replies":[{"embeddable":true,"href":"https:\/\/agora.xtec.cat\/cfalacreudebarbera\/wp-json\/wp\/v2\/comments?post=927"}],"version-history":[{"count":2,"href":"https:\/\/agora.xtec.cat\/cfalacreudebarbera\/wp-json\/wp\/v2\/posts\/927\/revisions"}],"predecessor-version":[{"id":929,"href":"https:\/\/agora.xtec.cat\/cfalacreudebarbera\/wp-json\/wp\/v2\/posts\/927\/revisions\/929"}],"wp:attachment":[{"href":"https:\/\/agora.xtec.cat\/cfalacreudebarbera\/wp-json\/wp\/v2\/media?parent=927"}],"wp:term":[{"taxonomy":"category","embeddable":true,"href":"https:\/\/agora.xtec.cat\/cfalacreudebarbera\/wp-json\/wp\/v2\/categories?post=927"},{"taxonomy":"post_tag","embeddable":true,"href":"https:\/\/agora.xtec.cat\/cfalacreudebarbera\/wp-json\/wp\/v2\/tags?post=927"}],"curies":[{"name":"wp","href":"https:\/\/api.w.org\/{rel}","templated":true}]}}