{"id":876,"date":"2022-07-07T09:17:36","date_gmt":"2022-07-07T07:17:36","guid":{"rendered":"https:\/\/agora.xtec.cat\/cfalacreudebarbera\/?p=876"},"modified":"2022-07-07T13:51:37","modified_gmt":"2022-07-07T11:51:37","slug":"llistes-provisionals-preinscripcio-curs-2022-2023","status":"publish","type":"post","link":"https:\/\/agora.xtec.cat\/cfalacreudebarbera\/portada\/llistes-provisionals-preinscripcio-curs-2022-2023\/","title":{"rendered":"Llistes provisionals preinscripci\u00f3 curs 2022-2023 i n\u00famero de desempat"},"content":{"rendered":"<p><a href=\"https:\/\/agora.xtec.cat\/cfalacreudebarbera\/wp-content\/uploads\/usu2281\/2021\/07\/Llistes.jpg\"><img loading=\"lazy\" decoding=\"async\" class=\" wp-image-727 alignleft\" src=\"https:\/\/agora.xtec.cat\/cfalacreudebarbera\/wp-content\/uploads\/usu2281\/2021\/07\/Llistes.jpg\" alt=\"\" width=\"150\" height=\"123\" \/><\/a>A continuaci\u00f3 publiquem les llistes provisionals de la preinscripci\u00f3 per al curs 2022-2023. Per saber si has entrat consulta el teu DNI, NIE o passaport fent clic al seg\u00fcent enlla\u00e7: <a href=\"https:\/\/agora.xtec.cat\/cfalacreudebarbera\/wp-content\/uploads\/usu2281\/2022\/07\/Llistes-provisionals-22-23.pdf\" target=\"_blank\" rel=\"noopener\">https:\/\/agora.xtec.cat\/cfalacreudebarbera\/wp-content\/uploads\/usu2281\/2022\/07\/Llistes-provisionals-22-23.pdf<\/a><\/p>\n<p>El n\u00famero de desempat \u00e9s el <strong>3975<\/strong><\/p>\n","protected":false},"excerpt":{"rendered":"<p><a href=\"https:\/\/agora.xtec.cat\/cfalacreudebarbera\/wp-content\/uploads\/usu2281\/2021\/07\/Llistes.jpg\"><\/a>A continuaci\u00f3 publiquem les llistes provisionals de la preinscripci\u00f3 per al curs 2022-2023. Per saber si has entrat consulta el teu DNI, NIE o passaport fent clic al seg\u00fcent enlla\u00e7: <a href=\"https:\/\/agora.xtec.cat\/cfalacreudebarbera\/wp-content\/uploads\/usu2281\/2022\/07\/Llistes-provisionals-22-23.pdf\" target=\"_blank\" rel=\"noopener\">https:\/\/agora.xtec.cat\/cfalacreudebarbera\/wp-content\/uploads\/usu2281\/2022\/07\/Llistes-provisionals-22-23.pdf<\/a><br \/>\nEl n\u00famero de desempat \u00e9s el 3975<\/p>\n","protected":false},"author":1,"featured_media":0,"comment_status":"closed","ping_status":"closed","sticky":false,"template":"","format":"standard","meta":{"_bbp_topic_count":0,"_bbp_reply_count":0,"_bbp_total_topic_count":0,"_bbp_total_reply_count":0,"_bbp_voice_count":0,"_bbp_anonymous_reply_count":0,"_bbp_topic_count_hidden":0,"_bbp_reply_count_hidden":0,"_bbp_forum_subforum_count":0,"footnotes":""},"categories":[29],"tags":[],"class_list":["post-876","post","type-post","status-publish","format-standard","hentry","category-portada"],"post_mailing_queue_ids":[],"_links":{"self":[{"href":"https:\/\/agora.xtec.cat\/cfalacreudebarbera\/wp-json\/wp\/v2\/posts\/876","targetHints":{"allow":["GET"]}}],"collection":[{"href":"https:\/\/agora.xtec.cat\/cfalacreudebarbera\/wp-json\/wp\/v2\/posts"}],"about":[{"href":"https:\/\/agora.xtec.cat\/cfalacreudebarbera\/wp-json\/wp\/v2\/types\/post"}],"author":[{"embeddable":true,"href":"https:\/\/agora.xtec.cat\/cfalacreudebarbera\/wp-json\/wp\/v2\/users\/1"}],"replies":[{"embeddable":true,"href":"https:\/\/agora.xtec.cat\/cfalacreudebarbera\/wp-json\/wp\/v2\/comments?post=876"}],"version-history":[{"count":3,"href":"https:\/\/agora.xtec.cat\/cfalacreudebarbera\/wp-json\/wp\/v2\/posts\/876\/revisions"}],"predecessor-version":[{"id":880,"href":"https:\/\/agora.xtec.cat\/cfalacreudebarbera\/wp-json\/wp\/v2\/posts\/876\/revisions\/880"}],"wp:attachment":[{"href":"https:\/\/agora.xtec.cat\/cfalacreudebarbera\/wp-json\/wp\/v2\/media?parent=876"}],"wp:term":[{"taxonomy":"category","embeddable":true,"href":"https:\/\/agora.xtec.cat\/cfalacreudebarbera\/wp-json\/wp\/v2\/categories?post=876"},{"taxonomy":"post_tag","embeddable":true,"href":"https:\/\/agora.xtec.cat\/cfalacreudebarbera\/wp-json\/wp\/v2\/tags?post=876"}],"curies":[{"name":"wp","href":"https:\/\/api.w.org\/{rel}","templated":true}]}}