{"id":844,"date":"2022-05-12T16:21:13","date_gmt":"2022-05-12T14:21:13","guid":{"rendered":"https:\/\/agora.xtec.cat\/cfalacreudebarbera\/?p=844"},"modified":"2022-05-12T16:28:55","modified_gmt":"2022-05-12T14:28:55","slug":"preinscripcio-curs-2022-2023","status":"publish","type":"post","link":"https:\/\/agora.xtec.cat\/cfalacreudebarbera\/portada\/preinscripcio-curs-2022-2023\/","title":{"rendered":"Preinscripci\u00f3 curs 2022-2023"},"content":{"rendered":"<p>Les persones que volen accedir a un centre de formaci\u00f3 d\u2019adults han de presentar la sol\u00b7licitud de preinscripci\u00f3.<\/p>\n<p><strong><em><span style=\"color: #ff0000;\">PRESENTACI\u00d3 DE SOL\u00b7LICITUDS: del 21 al 29 de juny de 2022<\/span><\/em><\/strong><\/p>\n<p><span style=\"color: #000000;\"><strong>Horari de preinscripci\u00f3:<\/strong><\/span><\/p>\n<ul>\n<li><span style=\"color: #000000;\"><strong>MAT\u00cd: de 9 a 12 h<\/strong><\/span><\/li>\n<li><span style=\"color: #000000;\"><strong>TARDA (*): de 16 a 19 h<\/strong><\/span><\/li>\n<\/ul>\n<p><span style=\"color: #000000;\"><strong>(*) Excepte el dijous 23 que nom\u00e9s atendrem al mat\u00ed.<\/strong><\/span><\/p>\n<p><strong><span style=\"color: #ff0000;\">DOCUMENTACI\u00d3:<\/span><\/strong><\/p>\n<ul>\n<li><strong>Original i fotoc\u00f2pia del DNI, NIE o passaport.<\/strong><\/li>\n<li><strong>Fotoc\u00f2pia de la targeta sanit\u00e0ria (TSI).<\/strong><\/li>\n<li><strong>Per als alumnes de Graduat en educaci\u00f3 secund\u00e0ria: original i fotoc\u00f2pia de l&#8217;expedient acad\u00e8mic o llibre d&#8217;escolaritat.<\/strong><\/li>\n<\/ul>\n<p><strong><span style=\"color: #ff0000;\">ENLLA\u00c7OS D&#8217;INTER\u00c8S:<\/span><\/strong><\/p>\n<ul>\n<li><strong><a href=\"https:\/\/preinscripcio.gencat.cat\/ca\/estudis\/educacio-adults\/informat\/calendari\/\" target=\"_blank\" rel=\"noopener\">Coneix el calendari i els terminis<\/a><\/strong><\/li>\n<li><strong><a href=\"https:\/\/preinscripcio.gencat.cat\/ca\/estudis\/educacio-adults\/preinscriute\/\" target=\"_blank\" rel=\"noopener\">Preinscriu-te<\/a><\/strong><\/li>\n<\/ul>\n<p><a href=\"https:\/\/agora.xtec.cat\/cfalacreudebarbera\/wp-content\/uploads\/usu2281\/2022\/05\/PREINSCRIPCIO-PER-AL-CURS-2022-23.png\"><img loading=\"lazy\" decoding=\"async\" class=\"alignnone size-full wp-image-845\" src=\"https:\/\/agora.xtec.cat\/cfalacreudebarbera\/wp-content\/uploads\/usu2281\/2022\/05\/PREINSCRIPCIO-PER-AL-CURS-2022-23.png\" alt=\"\" width=\"1587\" height=\"2245\" srcset=\"https:\/\/agora.xtec.cat\/cfalacreudebarbera\/wp-content\/uploads\/usu2281\/2022\/05\/PREINSCRIPCIO-PER-AL-CURS-2022-23.png 1587w, https:\/\/agora.xtec.cat\/cfalacreudebarbera\/wp-content\/uploads\/usu2281\/2022\/05\/PREINSCRIPCIO-PER-AL-CURS-2022-23-212x300.png 212w, https:\/\/agora.xtec.cat\/cfalacreudebarbera\/wp-content\/uploads\/usu2281\/2022\/05\/PREINSCRIPCIO-PER-AL-CURS-2022-23-724x1024.png 724w, https:\/\/agora.xtec.cat\/cfalacreudebarbera\/wp-content\/uploads\/usu2281\/2022\/05\/PREINSCRIPCIO-PER-AL-CURS-2022-23-768x1086.png 768w, https:\/\/agora.xtec.cat\/cfalacreudebarbera\/wp-content\/uploads\/usu2281\/2022\/05\/PREINSCRIPCIO-PER-AL-CURS-2022-23-1086x1536.png 1086w, https:\/\/agora.xtec.cat\/cfalacreudebarbera\/wp-content\/uploads\/usu2281\/2022\/05\/PREINSCRIPCIO-PER-AL-CURS-2022-23-1448x2048.png 1448w\" sizes=\"auto, (max-width: 1587px) 100vw, 1587px\" \/><\/a><\/p>\n","protected":false},"excerpt":{"rendered":"<p>Les persones que volen accedir a un centre de formaci\u00f3 d\u2019adults han de presentar la sol\u00b7licitud de preinscripci\u00f3.<br \/>\nPRESENTACI\u00d3 DE SOL\u00b7LICITUDS: del 21 al 29 de juny de 2022<br \/>\nHorari de preinscripci\u00f3:<\/p>\n<ul>\n<li>MAT\u00cd: de 9 a 12 h<\/li>\n<li>TARDA (*): de 16 a 19 h<\/li>\n<\/ul>\n<p>(*) Excepte el dijous 23&hellip;  <a href=\"https:\/\/agora.xtec.cat\/cfalacreudebarbera\/portada\/preinscripcio-curs-2022-2023\/\" title=\"Read Preinscripci\u00f3 curs 2022-2023\">Llegeix m\u00e9s\u00bb<\/a><\/p>\n","protected":false},"author":1,"featured_media":0,"comment_status":"closed","ping_status":"closed","sticky":false,"template":"","format":"standard","meta":{"_bbp_topic_count":0,"_bbp_reply_count":0,"_bbp_total_topic_count":0,"_bbp_total_reply_count":0,"_bbp_voice_count":0,"_bbp_anonymous_reply_count":0,"_bbp_topic_count_hidden":0,"_bbp_reply_count_hidden":0,"_bbp_forum_subforum_count":0,"footnotes":""},"categories":[29],"tags":[],"class_list":["post-844","post","type-post","status-publish","format-standard","hentry","category-portada"],"post_mailing_queue_ids":[],"_links":{"self":[{"href":"https:\/\/agora.xtec.cat\/cfalacreudebarbera\/wp-json\/wp\/v2\/posts\/844","targetHints":{"allow":["GET"]}}],"collection":[{"href":"https:\/\/agora.xtec.cat\/cfalacreudebarbera\/wp-json\/wp\/v2\/posts"}],"about":[{"href":"https:\/\/agora.xtec.cat\/cfalacreudebarbera\/wp-json\/wp\/v2\/types\/post"}],"author":[{"embeddable":true,"href":"https:\/\/agora.xtec.cat\/cfalacreudebarbera\/wp-json\/wp\/v2\/users\/1"}],"replies":[{"embeddable":true,"href":"https:\/\/agora.xtec.cat\/cfalacreudebarbera\/wp-json\/wp\/v2\/comments?post=844"}],"version-history":[{"count":2,"href":"https:\/\/agora.xtec.cat\/cfalacreudebarbera\/wp-json\/wp\/v2\/posts\/844\/revisions"}],"predecessor-version":[{"id":847,"href":"https:\/\/agora.xtec.cat\/cfalacreudebarbera\/wp-json\/wp\/v2\/posts\/844\/revisions\/847"}],"wp:attachment":[{"href":"https:\/\/agora.xtec.cat\/cfalacreudebarbera\/wp-json\/wp\/v2\/media?parent=844"}],"wp:term":[{"taxonomy":"category","embeddable":true,"href":"https:\/\/agora.xtec.cat\/cfalacreudebarbera\/wp-json\/wp\/v2\/categories?post=844"},{"taxonomy":"post_tag","embeddable":true,"href":"https:\/\/agora.xtec.cat\/cfalacreudebarbera\/wp-json\/wp\/v2\/tags?post=844"}],"curies":[{"name":"wp","href":"https:\/\/api.w.org\/{rel}","templated":true}]}}