{"id":817,"date":"2022-05-06T11:57:46","date_gmt":"2022-05-06T09:57:46","guid":{"rendered":"https:\/\/agora.xtec.cat\/cfalacreudebarbera\/?p=817"},"modified":"2022-05-06T12:00:31","modified_gmt":"2022-05-06T10:00:31","slug":"els-nostres-alumnes-son-de-primera","status":"publish","type":"post","link":"https:\/\/agora.xtec.cat\/cfalacreudebarbera\/portada\/els-nostres-alumnes-son-de-primera\/","title":{"rendered":"Els nostres alumnes s\u00f3n de primera!"},"content":{"rendered":"<p style=\"text-align: justify;\"><a href=\"https:\/\/agora.xtec.cat\/cfalacreudebarbera\/wp-content\/uploads\/usu2281\/2022\/05\/AlumnesDePrimera.jpg\"><img loading=\"lazy\" decoding=\"async\" class=\"size-medium wp-image-818 alignleft\" src=\"https:\/\/agora.xtec.cat\/cfalacreudebarbera\/wp-content\/uploads\/usu2281\/2022\/05\/AlumnesDePrimera-300x300.jpg\" alt=\"\" width=\"300\" height=\"300\" srcset=\"https:\/\/agora.xtec.cat\/cfalacreudebarbera\/wp-content\/uploads\/usu2281\/2022\/05\/AlumnesDePrimera-300x300.jpg 300w, https:\/\/agora.xtec.cat\/cfalacreudebarbera\/wp-content\/uploads\/usu2281\/2022\/05\/AlumnesDePrimera-1024x1024.jpg 1024w, https:\/\/agora.xtec.cat\/cfalacreudebarbera\/wp-content\/uploads\/usu2281\/2022\/05\/AlumnesDePrimera-150x150.jpg 150w, https:\/\/agora.xtec.cat\/cfalacreudebarbera\/wp-content\/uploads\/usu2281\/2022\/05\/AlumnesDePrimera-768x768.jpg 768w, https:\/\/agora.xtec.cat\/cfalacreudebarbera\/wp-content\/uploads\/usu2281\/2022\/05\/AlumnesDePrimera.jpg 1080w\" sizes=\"auto, (max-width: 300px) 100vw, 300px\" \/><\/a>Els centres de formaci\u00f3 d\u2019adults de Catalunya manifestem el nostre rebuig a l&#8217;exclusi\u00f3 dels alumnes procedents del GESO (Graduat en ESO a les escoles d\u2019adults) del primer per\u00edode de preinscripci\u00f3 als cicles formatius de grau mitj\u00e0, ja que els deixa sense opcions d\u2019obtenir pla\u00e7a en una gran part dels cicles, i segur en els m\u00e9s demandats.<br \/>\nL\u2019alumnat del segon curs del GESO est\u00e0 en la mateixa situaci\u00f3 de continu\u00eftat d\u2019escolaritzaci\u00f3 que l\u2019alumnat que fa els estudis equivalents, 4rt d\u2019ESO, en un institut, i fins aquest curs el Departament sempre els havia considerat com a tal. No entenem aquesta exclusi\u00f3, si no \u00e9s pel desconeixement que sembla tenir el departament sobre la realitat de les escoles d\u2019adults.<\/p>\n<p>Pots llegir el manifest complet fent clic al seg\u00fcent enlla\u00e7: <a href=\"https:\/\/agora.xtec.cat\/cfalacreudebarbera\/wp-content\/uploads\/usu2281\/2022\/05\/Manifest-sollicitud-CFPA-en-relacio-PREINSCRIPCIONS-alumnat-GESO_def2_AMB-ADHESIONS.pdf\" target=\"_blank\" rel=\"noopener\">Manifest sol\u00b7licitud CFPA en relaci\u00f3 PREINSCRIPCIONS alumnat GESO_def2_AMB ADHESIONS<\/a><\/p>\n<p>Tamb\u00e9 pots veure en el seg\u00fcent enlla\u00e7 una not\u00edcia publicada a la premsa:\u00a0<a href=\"https:\/\/www.elpuntavui.cat\/opinio\/article\/2132930-alumnes-de-segona.html\" target=\"_blank\" rel=\"noopener\">Article d&#8217;opini\u00f3 de: El Punt Avui<\/a><\/p>\n","protected":false},"excerpt":{"rendered":"<p><a href=\"https:\/\/agora.xtec.cat\/cfalacreudebarbera\/wp-content\/uploads\/usu2281\/2022\/05\/AlumnesDePrimera.jpg\"><\/a>Els centres de formaci\u00f3 d\u2019adults de Catalunya manifestem el nostre rebuig a l&#8217;exclusi\u00f3 dels alumnes procedents del GESO (Graduat en ESO a les escoles d\u2019adults) del primer per\u00edode de preinscripci\u00f3 als cicles formatius de grau mitj\u00e0, ja que els deixa sense opcions d\u2019obtenir pla\u00e7a&hellip;  <a href=\"https:\/\/agora.xtec.cat\/cfalacreudebarbera\/portada\/els-nostres-alumnes-son-de-primera\/\" title=\"Read Els nostres alumnes s\u00f3n de primera!\">Llegeix m\u00e9s\u00bb<\/a><\/p>\n","protected":false},"author":1,"featured_media":0,"comment_status":"closed","ping_status":"closed","sticky":false,"template":"","format":"standard","meta":{"_bbp_topic_count":0,"_bbp_reply_count":0,"_bbp_total_topic_count":0,"_bbp_total_reply_count":0,"_bbp_voice_count":0,"_bbp_anonymous_reply_count":0,"_bbp_topic_count_hidden":0,"_bbp_reply_count_hidden":0,"_bbp_forum_subforum_count":0,"footnotes":""},"categories":[29],"tags":[],"class_list":["post-817","post","type-post","status-publish","format-standard","hentry","category-portada"],"post_mailing_queue_ids":[],"_links":{"self":[{"href":"https:\/\/agora.xtec.cat\/cfalacreudebarbera\/wp-json\/wp\/v2\/posts\/817","targetHints":{"allow":["GET"]}}],"collection":[{"href":"https:\/\/agora.xtec.cat\/cfalacreudebarbera\/wp-json\/wp\/v2\/posts"}],"about":[{"href":"https:\/\/agora.xtec.cat\/cfalacreudebarbera\/wp-json\/wp\/v2\/types\/post"}],"author":[{"embeddable":true,"href":"https:\/\/agora.xtec.cat\/cfalacreudebarbera\/wp-json\/wp\/v2\/users\/1"}],"replies":[{"embeddable":true,"href":"https:\/\/agora.xtec.cat\/cfalacreudebarbera\/wp-json\/wp\/v2\/comments?post=817"}],"version-history":[{"count":2,"href":"https:\/\/agora.xtec.cat\/cfalacreudebarbera\/wp-json\/wp\/v2\/posts\/817\/revisions"}],"predecessor-version":[{"id":821,"href":"https:\/\/agora.xtec.cat\/cfalacreudebarbera\/wp-json\/wp\/v2\/posts\/817\/revisions\/821"}],"wp:attachment":[{"href":"https:\/\/agora.xtec.cat\/cfalacreudebarbera\/wp-json\/wp\/v2\/media?parent=817"}],"wp:term":[{"taxonomy":"category","embeddable":true,"href":"https:\/\/agora.xtec.cat\/cfalacreudebarbera\/wp-json\/wp\/v2\/categories?post=817"},{"taxonomy":"post_tag","embeddable":true,"href":"https:\/\/agora.xtec.cat\/cfalacreudebarbera\/wp-json\/wp\/v2\/tags?post=817"}],"curies":[{"name":"wp","href":"https:\/\/api.w.org\/{rel}","templated":true}]}}