{"id":811,"date":"2022-03-04T14:26:51","date_gmt":"2022-03-04T13:26:51","guid":{"rendered":"https:\/\/agora.xtec.cat\/cfalacreudebarbera\/?p=811"},"modified":"2022-03-07T09:18:07","modified_gmt":"2022-03-07T08:18:07","slug":"dia-internacional-de-les-dones-2022","status":"publish","type":"post","link":"https:\/\/agora.xtec.cat\/cfalacreudebarbera\/portada\/dia-internacional-de-les-dones-2022\/","title":{"rendered":"Dia Internacional de les dones 2022"},"content":{"rendered":"<p><a href=\"https:\/\/agora.xtec.cat\/cfalacreudebarbera\/wp-content\/uploads\/usu2281\/2022\/03\/8-de-marc.jpg\"><img loading=\"lazy\" decoding=\"async\" class=\"size-medium wp-image-812 alignleft\" src=\"https:\/\/agora.xtec.cat\/cfalacreudebarbera\/wp-content\/uploads\/usu2281\/2022\/03\/8-de-marc-300x221.jpg\" alt=\"\" width=\"300\" height=\"221\" srcset=\"https:\/\/agora.xtec.cat\/cfalacreudebarbera\/wp-content\/uploads\/usu2281\/2022\/03\/8-de-marc-300x221.jpg 300w, https:\/\/agora.xtec.cat\/cfalacreudebarbera\/wp-content\/uploads\/usu2281\/2022\/03\/8-de-marc.jpg 500w\" sizes=\"auto, (max-width: 300px) 100vw, 300px\" \/><\/a>El Departament d\u2019Educaci\u00f3, en el <a href=\"https:\/\/dones.gencat.cat\/ca\/detalls\/Article\/origen_dia_internacional\" target=\"_blank\" rel=\"noopener\">Dia Internacional de les Dones<\/a>, es suma al missatge d\u2019ONU Dones <strong>Igualtat de g\u00e8nere avui per a un dem\u00e0 sostenible<\/strong> i proposa activitats per sensibilitzar l\u2019alumnat i tota la comunitat educativa sobre els drets de les dones i la sostenibilitat de la vida.<\/p>\n<p>Treballar per a un dem\u00e0 sostenible demana incidir en tres nivells de cura: la pr\u00f2pia, la d\u2019altri i la de l\u2019espai en qu\u00e8 habitem: el planeta Terra. D\u2019aquesta manera, vetllem tamb\u00e9 per la pau.<\/p>\n<p>Obriu el seg\u00fcent enlla\u00e7 i tindreu m\u00e9s informaci\u00f3:\u00a0<a href=\"http:\/\/xtec.gencat.cat\/ca\/centres\/celebracions\/2022\/dia-internacional-de-les-dones-2022\/\" target=\"_blank\" rel=\"noopener\">http:\/\/xtec.gencat.cat\/ca\/centres\/celebracions\/2022\/dia-internacional-de-les-dones-2022\/<\/a><\/p>\n","protected":false},"excerpt":{"rendered":"<p><a href=\"https:\/\/agora.xtec.cat\/cfalacreudebarbera\/wp-content\/uploads\/usu2281\/2022\/03\/8-de-marc.jpg\"><\/a>El Departament d\u2019Educaci\u00f3, en el <a href=\"https:\/\/dones.gencat.cat\/ca\/detalls\/Article\/origen_dia_internacional\" target=\"_blank\" rel=\"noopener\">Dia Internacional de les Dones<\/a>, es suma al missatge d\u2019ONU Dones Igualtat de g\u00e8nere avui per a un dem\u00e0 sostenible i proposa activitats per sensibilitzar l\u2019alumnat i tota la comunitat educativa sobre els drets de les&hellip;  <a href=\"https:\/\/agora.xtec.cat\/cfalacreudebarbera\/portada\/dia-internacional-de-les-dones-2022\/\" title=\"Read Dia Internacional de les dones 2022\">Llegeix m\u00e9s\u00bb<\/a><\/p>\n","protected":false},"author":1,"featured_media":0,"comment_status":"closed","ping_status":"closed","sticky":false,"template":"","format":"standard","meta":{"_bbp_topic_count":0,"_bbp_reply_count":0,"_bbp_total_topic_count":0,"_bbp_total_reply_count":0,"_bbp_voice_count":0,"_bbp_anonymous_reply_count":0,"_bbp_topic_count_hidden":0,"_bbp_reply_count_hidden":0,"_bbp_forum_subforum_count":0,"footnotes":""},"categories":[29],"tags":[],"class_list":["post-811","post","type-post","status-publish","format-standard","hentry","category-portada"],"post_mailing_queue_ids":[],"_links":{"self":[{"href":"https:\/\/agora.xtec.cat\/cfalacreudebarbera\/wp-json\/wp\/v2\/posts\/811","targetHints":{"allow":["GET"]}}],"collection":[{"href":"https:\/\/agora.xtec.cat\/cfalacreudebarbera\/wp-json\/wp\/v2\/posts"}],"about":[{"href":"https:\/\/agora.xtec.cat\/cfalacreudebarbera\/wp-json\/wp\/v2\/types\/post"}],"author":[{"embeddable":true,"href":"https:\/\/agora.xtec.cat\/cfalacreudebarbera\/wp-json\/wp\/v2\/users\/1"}],"replies":[{"embeddable":true,"href":"https:\/\/agora.xtec.cat\/cfalacreudebarbera\/wp-json\/wp\/v2\/comments?post=811"}],"version-history":[{"count":3,"href":"https:\/\/agora.xtec.cat\/cfalacreudebarbera\/wp-json\/wp\/v2\/posts\/811\/revisions"}],"predecessor-version":[{"id":816,"href":"https:\/\/agora.xtec.cat\/cfalacreudebarbera\/wp-json\/wp\/v2\/posts\/811\/revisions\/816"}],"wp:attachment":[{"href":"https:\/\/agora.xtec.cat\/cfalacreudebarbera\/wp-json\/wp\/v2\/media?parent=811"}],"wp:term":[{"taxonomy":"category","embeddable":true,"href":"https:\/\/agora.xtec.cat\/cfalacreudebarbera\/wp-json\/wp\/v2\/categories?post=811"},{"taxonomy":"post_tag","embeddable":true,"href":"https:\/\/agora.xtec.cat\/cfalacreudebarbera\/wp-json\/wp\/v2\/tags?post=811"}],"curies":[{"name":"wp","href":"https:\/\/api.w.org\/{rel}","templated":true}]}}