{"id":799,"date":"2022-03-04T12:20:47","date_gmt":"2022-03-04T11:20:47","guid":{"rendered":"https:\/\/agora.xtec.cat\/cfalacreudebarbera\/?p=799"},"modified":"2022-03-04T12:22:54","modified_gmt":"2022-03-04T11:22:54","slug":"prova-dacces-a-cicles-formatius-de-grau-superior-2","status":"publish","type":"post","link":"https:\/\/agora.xtec.cat\/cfalacreudebarbera\/portada\/prova-dacces-a-cicles-formatius-de-grau-superior-2\/","title":{"rendered":"Prova d&#8217;acc\u00e9s a cicles formatius de grau superior"},"content":{"rendered":"<p><a href=\"https:\/\/agora.xtec.cat\/cfalacreudebarbera\/wp-content\/uploads\/usu2281\/2022\/03\/Prova-dacces-CFGS.png\"><img loading=\"lazy\" decoding=\"async\" class=\" wp-image-803 alignleft\" src=\"https:\/\/agora.xtec.cat\/cfalacreudebarbera\/wp-content\/uploads\/usu2281\/2022\/03\/Prova-dacces-CFGS-300x121.png\" alt=\"\" width=\"290\" height=\"117\" srcset=\"https:\/\/agora.xtec.cat\/cfalacreudebarbera\/wp-content\/uploads\/usu2281\/2022\/03\/Prova-dacces-CFGS-300x121.png 300w, https:\/\/agora.xtec.cat\/cfalacreudebarbera\/wp-content\/uploads\/usu2281\/2022\/03\/Prova-dacces-CFGS.png 453w\" sizes=\"auto, (max-width: 290px) 100vw, 290px\" \/><\/a>El Departament d&#8217;Educaci\u00f3 convoca la <strong>prova d&#8217;acc\u00e9s a cicles formatius de grau superior<\/strong> per a les persones que hi volen accedir per\u00f2 no tenen el t\u00edtol de batxillerat (o equivalent a efectes d&#8217;acc\u00e9s).<\/p>\n<p>Podeu trobar tota la informaci\u00f3 a:\u00a0<a href=\"https:\/\/educacio.gencat.cat\/ca\/serveis-tramits\/proves\/proves-acces\/gs-fp\/\" target=\"_blank\" rel=\"noopener\">https:\/\/educacio.gencat.cat\/ca\/serveis-tramits\/proves\/proves-acces\/gs-fp\/<\/a><\/p>\n<p>(Totes les dates proposades s\u00f3n provisionals i poden variar en funci\u00f3 de l&#8217;evoluci\u00f3 de la pand\u00e8mia)<\/p>\n<p><strong>Inscripci\u00f3:<\/strong> del 14 (a partir de les 9 h) al 24 de mar\u00e7 de 2022<\/p>\n<p>Pagament de la taxa: fins al 25 de mar\u00e7 de 2022 (abans de les 22 h)<\/p>\n<p>Llista provisional d&#8217;admesos i exclosos: a partir del 20 d\u2019abril de 2022<\/p>\n<p>Presentaci\u00f3 de la documentaci\u00f3 al centre on far\u00e0s la prova: del 21 d&#8217;abril al 4 de maig de 2022 (en horari d&#8217;atenci\u00f3 al p\u00fablic)<\/p>\n<p>Llista definitiva d&#8217;admesos i exclosos: a partir del 5 de maig de 2022<\/p>\n<p><strong>Prova<\/strong><\/p>\n<p>Part comuna: 10 de maig de 2022<\/p>\n<p>Part espec\u00edfica: 12 de maig de 2022<\/p>\n","protected":false},"excerpt":{"rendered":"<p><a href=\"https:\/\/agora.xtec.cat\/cfalacreudebarbera\/wp-content\/uploads\/usu2281\/2022\/03\/Prova-dacces-CFGS.png\"><\/a>El Departament d&#8217;Educaci\u00f3 convoca la prova d&#8217;acc\u00e9s a cicles formatius de grau superior per a les persones que hi volen accedir per\u00f2 no tenen el t\u00edtol de batxillerat (o equivalent a efectes d&#8217;acc\u00e9s).<br \/>\nPodeu trobar tota la informaci\u00f3 a:\u00a0<a href=\"https:\/\/educacio.gencat.cat\/ca\/serveis-tramits\/proves\/proves-acces\/gs-fp\/\" target=\"_blank\" rel=\"noopener\">https:\/\/educacio.gencat.cat\/ca\/serveis-tramits\/proves\/proves-acces\/gs-fp\/<\/a><br \/>\n(Totes les dates proposades&hellip;  <a href=\"https:\/\/agora.xtec.cat\/cfalacreudebarbera\/portada\/prova-dacces-a-cicles-formatius-de-grau-superior-2\/\" title=\"Read Prova d&#8217;acc\u00e9s a cicles formatius de grau superior\">Llegeix m\u00e9s\u00bb<\/a><\/p>\n","protected":false},"author":1,"featured_media":0,"comment_status":"closed","ping_status":"closed","sticky":false,"template":"","format":"standard","meta":{"_bbp_topic_count":0,"_bbp_reply_count":0,"_bbp_total_topic_count":0,"_bbp_total_reply_count":0,"_bbp_voice_count":0,"_bbp_anonymous_reply_count":0,"_bbp_topic_count_hidden":0,"_bbp_reply_count_hidden":0,"_bbp_forum_subforum_count":0,"footnotes":""},"categories":[29],"tags":[],"class_list":["post-799","post","type-post","status-publish","format-standard","hentry","category-portada"],"post_mailing_queue_ids":[],"_links":{"self":[{"href":"https:\/\/agora.xtec.cat\/cfalacreudebarbera\/wp-json\/wp\/v2\/posts\/799","targetHints":{"allow":["GET"]}}],"collection":[{"href":"https:\/\/agora.xtec.cat\/cfalacreudebarbera\/wp-json\/wp\/v2\/posts"}],"about":[{"href":"https:\/\/agora.xtec.cat\/cfalacreudebarbera\/wp-json\/wp\/v2\/types\/post"}],"author":[{"embeddable":true,"href":"https:\/\/agora.xtec.cat\/cfalacreudebarbera\/wp-json\/wp\/v2\/users\/1"}],"replies":[{"embeddable":true,"href":"https:\/\/agora.xtec.cat\/cfalacreudebarbera\/wp-json\/wp\/v2\/comments?post=799"}],"version-history":[{"count":3,"href":"https:\/\/agora.xtec.cat\/cfalacreudebarbera\/wp-json\/wp\/v2\/posts\/799\/revisions"}],"predecessor-version":[{"id":807,"href":"https:\/\/agora.xtec.cat\/cfalacreudebarbera\/wp-json\/wp\/v2\/posts\/799\/revisions\/807"}],"wp:attachment":[{"href":"https:\/\/agora.xtec.cat\/cfalacreudebarbera\/wp-json\/wp\/v2\/media?parent=799"}],"wp:term":[{"taxonomy":"category","embeddable":true,"href":"https:\/\/agora.xtec.cat\/cfalacreudebarbera\/wp-json\/wp\/v2\/categories?post=799"},{"taxonomy":"post_tag","embeddable":true,"href":"https:\/\/agora.xtec.cat\/cfalacreudebarbera\/wp-json\/wp\/v2\/tags?post=799"}],"curies":[{"name":"wp","href":"https:\/\/api.w.org\/{rel}","templated":true}]}}