{"id":781,"date":"2021-11-26T10:46:52","date_gmt":"2021-11-26T09:46:52","guid":{"rendered":"https:\/\/agora.xtec.cat\/cfalacreudebarbera\/?p=781"},"modified":"2021-11-26T10:52:35","modified_gmt":"2021-11-26T09:52:35","slug":"matricula-ges-presencial-2n-trimestre-2","status":"publish","type":"post","link":"https:\/\/agora.xtec.cat\/cfalacreudebarbera\/portada\/matricula-ges-presencial-2n-trimestre-2\/","title":{"rendered":"Matr\u00edcula GES presencial (2n trimestre)"},"content":{"rendered":"<p><a href=\"https:\/\/agora.xtec.cat\/cfalacreudebarbera\/wp-content\/uploads\/usu2281\/2020\/12\/escola-150x150.jpg\"><img loading=\"lazy\" decoding=\"async\" class=\"size-full wp-image-588 alignleft\" src=\"https:\/\/agora.xtec.cat\/cfalacreudebarbera\/wp-content\/uploads\/usu2281\/2020\/12\/escola-150x150.jpg\" alt=\"\" width=\"150\" height=\"150\" \/><\/a>Ja tenim de les dates de matr\u00edcula per al <strong>segon trimestre<\/strong> per realitzar <strong>de manera presencial<\/strong> el curs de Graduat en Educaci\u00f3 Secund\u00e0ria (vegeu informaci\u00f3 sobre el <a href=\"https:\/\/agora.xtec.cat\/cfalacreudebarbera\/ensenyaments\/graduat-en-educacio-secundaria-per-adults\/ges-presencial\/\" target=\"_blank\" rel=\"noopener noreferrer\">GES Presencial<\/a>).<\/p>\n<p>Dates de matr\u00edcula:<\/p>\n<p><strong>20 i 21 de desembre de 2021<\/strong><\/p>\n<ul>\n<li>Mat\u00ed: de 10.00 a 12.00 h<\/li>\n<li>Tarda: de 16.00 a 18.00 h<\/li>\n<\/ul>\n<p>Documentaci\u00f3 necess\u00e0ria:<\/p>\n<ul>\n<li>Fotoc\u00f2pia del DNI<\/li>\n<li>Fotoc\u00f2pia de la targeta sanit\u00e0ria<\/li>\n<li>1 foto carnet<\/li>\n<li>Original i fotoc\u00f2pia del llibre d\u2019escolaritat o expedient acad\u00e8mic<\/li>\n<\/ul>\n<p>El mateix dia de la matr\u00edcula s\u2019ha de fer efectiu el pagament del material del curs.<\/p>\n","protected":false},"excerpt":{"rendered":"<p><a href=\"https:\/\/agora.xtec.cat\/cfalacreudebarbera\/wp-content\/uploads\/usu2281\/2020\/12\/escola-150x150.jpg\"><\/a>Ja tenim de les dates de matr\u00edcula per al segon trimestre per realitzar de manera presencial el curs de Graduat en Educaci\u00f3 Secund\u00e0ria (vegeu informaci\u00f3 sobre el <a href=\"https:\/\/agora.xtec.cat\/cfalacreudebarbera\/ensenyaments\/graduat-en-educacio-secundaria-per-adults\/ges-presencial\/\" target=\"_blank\" rel=\"noopener noreferrer\">GES Presencial<\/a>).<br \/>\nDates de matr\u00edcula:<br \/>\n20 i 21 de desembre de 2021<\/p>\n<ul>\n<li>Mat\u00ed: de 10.00 a&hellip;  <a href=\"https:\/\/agora.xtec.cat\/cfalacreudebarbera\/portada\/matricula-ges-presencial-2n-trimestre-2\/\" title=\"Read Matr\u00edcula GES presencial (2n trimestre)\">Llegeix m\u00e9s\u00bb<\/a><br \/>\n","protected":false},"author":1,"featured_media":0,"comment_status":"closed","ping_status":"closed","sticky":false,"template":"","format":"standard","meta":{"_bbp_topic_count":0,"_bbp_reply_count":0,"_bbp_total_topic_count":0,"_bbp_total_reply_count":0,"_bbp_voice_count":0,"_bbp_anonymous_reply_count":0,"_bbp_topic_count_hidden":0,"_bbp_reply_count_hidden":0,"_bbp_forum_subforum_count":0,"footnotes":""},"categories":[29],"tags":[],"class_list":["post-781","post","type-post","status-publish","format-standard","hentry","category-portada"],"post_mailing_queue_ids":[],"_links":{"self":[{"href":"https:\/\/agora.xtec.cat\/cfalacreudebarbera\/wp-json\/wp\/v2\/posts\/781","targetHints":{"allow":["GET"]}}],"collection":[{"href":"https:\/\/agora.xtec.cat\/cfalacreudebarbera\/wp-json\/wp\/v2\/posts"}],"about":[{"href":"https:\/\/agora.xtec.cat\/cfalacreudebarbera\/wp-json\/wp\/v2\/types\/post"}],"author":[{"embeddable":true,"href":"https:\/\/agora.xtec.cat\/cfalacreudebarbera\/wp-json\/wp\/v2\/users\/1"}],"replies":[{"embeddable":true,"href":"https:\/\/agora.xtec.cat\/cfalacreudebarbera\/wp-json\/wp\/v2\/comments?post=781"}],"version-history":[{"count":3,"href":"https:\/\/agora.xtec.cat\/cfalacreudebarbera\/wp-json\/wp\/v2\/posts\/781\/revisions"}],"predecessor-version":[{"id":784,"href":"https:\/\/agora.xtec.cat\/cfalacreudebarbera\/wp-json\/wp\/v2\/posts\/781\/revisions\/784"}],"wp:attachment":[{"href":"https:\/\/agora.xtec.cat\/cfalacreudebarbera\/wp-json\/wp\/v2\/media?parent=781"}],"wp:term":[{"taxonomy":"category","embeddable":true,"href":"https:\/\/agora.xtec.cat\/cfalacreudebarbera\/wp-json\/wp\/v2\/categories?post=781"},{"taxonomy":"post_tag","embeddable":true,"href":"https:\/\/agora.xtec.cat\/cfalacreudebarbera\/wp-json\/wp\/v2\/tags?post=781"}],"curies":[{"name":"wp","href":"https:\/\/api.w.org\/{rel}","templated":true}]}}