{"id":719,"date":"2021-07-21T19:20:52","date_gmt":"2021-07-21T17:20:52","guid":{"rendered":"https:\/\/agora.xtec.cat\/cfalacreudebarbera\/?p=719"},"modified":"2021-07-21T19:25:31","modified_gmt":"2021-07-21T17:25:31","slug":"matricula-ioc-ges-a-distancia-tardor-21","status":"publish","type":"post","link":"https:\/\/agora.xtec.cat\/cfalacreudebarbera\/portada\/matricula-ioc-ges-a-distancia-tardor-21\/","title":{"rendered":"MATR\u00cdCULA IOC (GES a dist\u00e0ncia \u2013 TARDOR 21)"},"content":{"rendered":"<p><a href=\"https:\/\/agora.xtec.cat\/cfalacreudebarbera\/wp-content\/uploads\/usu2281\/2021\/02\/IOC.png\"><img loading=\"lazy\" decoding=\"async\" class=\" wp-image-638 alignleft\" src=\"https:\/\/agora.xtec.cat\/cfalacreudebarbera\/wp-content\/uploads\/usu2281\/2021\/02\/IOC.png\" alt=\"\" width=\"150\" height=\"124\" \/><\/a>Del\u00a0<strong>2 al 8 de setembre de 2021<\/strong> s\u2019obre el per\u00edode de preinscripci\u00f3 per a l\u2019alumnat nou que vulgui cursar GES (Graduat en Educaci\u00f3 Secund\u00e0ria) a dist\u00e0ncia.<\/p>\n<p><strong>ATENCI\u00d3: per realitzar correctament el proc\u00e9s de preinscripci\u00f3 i matr\u00edcula f<\/strong><strong>eu clic al seg\u00fcent enlla\u00e7 per veure els passos que heu de seguir (es descarregar\u00e0 autom\u00e0ticament un document PDF): <a href=\"https:\/\/agora.xtec.cat\/cfalacreudebarbera\/wp-content\/uploads\/usu2281\/2021\/07\/Preinscripci\u00f3-i-matr\u00edcula-GES-IOC-TARDOR-21.pdf\" target=\"_blank\" rel=\"noopener noreferrer\">https:\/\/agora.xtec.cat\/cfalacreudebarbera\/wp-content\/uploads\/usu2281\/2021\/07\/Preinscripci\u00f3-i-matr\u00edcula-GES-IOC-TARDOR-21.pdf<\/a><\/strong><\/p>\n","protected":false},"excerpt":{"rendered":"<p><a href=\"https:\/\/agora.xtec.cat\/cfalacreudebarbera\/wp-content\/uploads\/usu2281\/2021\/02\/IOC.png\"><\/a>Del\u00a02 al 8 de setembre de 2021 s\u2019obre el per\u00edode de preinscripci\u00f3 per a l\u2019alumnat nou que vulgui cursar GES (Graduat en Educaci\u00f3 Secund\u00e0ria) a dist\u00e0ncia.<br \/>\nATENCI\u00d3: per realitzar correctament el proc\u00e9s de preinscripci\u00f3 i matr\u00edcula feu clic al seg\u00fcent enlla\u00e7 per veure els passos&hellip;  <a href=\"https:\/\/agora.xtec.cat\/cfalacreudebarbera\/portada\/matricula-ioc-ges-a-distancia-tardor-21\/\" title=\"Read MATR\u00cdCULA IOC (GES a dist\u00e0ncia \u2013 TARDOR 21)\">Llegeix m\u00e9s\u00bb<\/a><\/p>\n","protected":false},"author":1,"featured_media":0,"comment_status":"closed","ping_status":"closed","sticky":false,"template":"","format":"standard","meta":{"_bbp_topic_count":0,"_bbp_reply_count":0,"_bbp_total_topic_count":0,"_bbp_total_reply_count":0,"_bbp_voice_count":0,"_bbp_anonymous_reply_count":0,"_bbp_topic_count_hidden":0,"_bbp_reply_count_hidden":0,"_bbp_forum_subforum_count":0,"footnotes":""},"categories":[29],"tags":[],"class_list":["post-719","post","type-post","status-publish","format-standard","hentry","category-portada"],"post_mailing_queue_ids":[],"_links":{"self":[{"href":"https:\/\/agora.xtec.cat\/cfalacreudebarbera\/wp-json\/wp\/v2\/posts\/719","targetHints":{"allow":["GET"]}}],"collection":[{"href":"https:\/\/agora.xtec.cat\/cfalacreudebarbera\/wp-json\/wp\/v2\/posts"}],"about":[{"href":"https:\/\/agora.xtec.cat\/cfalacreudebarbera\/wp-json\/wp\/v2\/types\/post"}],"author":[{"embeddable":true,"href":"https:\/\/agora.xtec.cat\/cfalacreudebarbera\/wp-json\/wp\/v2\/users\/1"}],"replies":[{"embeddable":true,"href":"https:\/\/agora.xtec.cat\/cfalacreudebarbera\/wp-json\/wp\/v2\/comments?post=719"}],"version-history":[{"count":3,"href":"https:\/\/agora.xtec.cat\/cfalacreudebarbera\/wp-json\/wp\/v2\/posts\/719\/revisions"}],"predecessor-version":[{"id":725,"href":"https:\/\/agora.xtec.cat\/cfalacreudebarbera\/wp-json\/wp\/v2\/posts\/719\/revisions\/725"}],"wp:attachment":[{"href":"https:\/\/agora.xtec.cat\/cfalacreudebarbera\/wp-json\/wp\/v2\/media?parent=719"}],"wp:term":[{"taxonomy":"category","embeddable":true,"href":"https:\/\/agora.xtec.cat\/cfalacreudebarbera\/wp-json\/wp\/v2\/categories?post=719"},{"taxonomy":"post_tag","embeddable":true,"href":"https:\/\/agora.xtec.cat\/cfalacreudebarbera\/wp-json\/wp\/v2\/tags?post=719"}],"curies":[{"name":"wp","href":"https:\/\/api.w.org\/{rel}","templated":true}]}}