{"id":715,"date":"2021-06-01T16:36:55","date_gmt":"2021-06-01T14:36:55","guid":{"rendered":"https:\/\/agora.xtec.cat\/cfalacreudebarbera\/?p=715"},"modified":"2021-06-01T16:36:55","modified_gmt":"2021-06-01T14:36:55","slug":"preinscripcio-i-oferta-formativa-curs-2021-2022","status":"publish","type":"post","link":"https:\/\/agora.xtec.cat\/cfalacreudebarbera\/portada\/preinscripcio-i-oferta-formativa-curs-2021-2022\/","title":{"rendered":"Preinscripci\u00f3 i oferta formativa curs 2021-2022"},"content":{"rendered":"<p><strong>Les persones que volen accedir a un centre de formaci\u00f3 d&#8217;adults han de presentar la sol\u00b7licitud de preinscripci\u00f3.<\/strong><\/p>\n<h4><em><span style=\"color: #ff0000;\">PRESENTACI\u00d3 DE SOL\u00b7LICITUDS:<strong> del 21 al 29 de juny de 2021<\/strong><\/span><\/em><\/h4>\n<p><strong><span style=\"color: #000000;\">Horari de preinscripci\u00f3:<\/span><\/strong><\/p>\n<ul>\n<li>\n<h5><strong><span style=\"color: #000000;\">MAT\u00cd: de 11 a 13 h<\/span><\/strong><\/h5>\n<\/li>\n<li>\n<h5><strong><span style=\"color: #000000;\">TARDA (*): de 18 a 20 h<\/span><\/strong><\/h5>\n<\/li>\n<\/ul>\n<p><strong>(*) Excepte el dia 23 que nom\u00e9s atendrem al mat\u00ed<\/strong><\/p>\n<p><em><span style=\"color: #ff0000;\"><strong>HEU DE DEMANAR CITA PR\u00c8VIA TRUCANT-NOS AL TEL\u00c8FON: 93 711 64 48<\/strong><\/span><\/em><\/p>\n<p><strong><em>Una vegada feta la preinscripci\u00f3 s&#8217;ha de fer el seu seguiment (hi ha dates importants que cal tenir present).<\/em> Podeu veure tot el proc\u00e9s detallat al seg\u00fcent enlla\u00e7: <a href=\"https:\/\/preinscripcio.gencat.cat\/ca\/estudis\/educacio-adults\/informat\/calendari\/\" target=\"_blank\" rel=\"noopener noreferrer\">https:\/\/preinscripcio.gencat.cat\/ca\/estudis\/educacio-adults\/informat\/calendari\/<\/a><\/strong><\/p>\n<p><a href=\"https:\/\/agora.xtec.cat\/cfalacreudebarbera\/wp-content\/uploads\/usu2281\/2021\/05\/OFERTA-FORMATIVA-2021-2022.jpg\"><img loading=\"lazy\" decoding=\"async\" class=\"alignnone wp-image-714\" src=\"https:\/\/agora.xtec.cat\/cfalacreudebarbera\/wp-content\/uploads\/usu2281\/2021\/05\/OFERTA-FORMATIVA-2021-2022-300x225.jpg\" alt=\"\" width=\"850\" height=\"638\" srcset=\"https:\/\/agora.xtec.cat\/cfalacreudebarbera\/wp-content\/uploads\/usu2281\/2021\/05\/OFERTA-FORMATIVA-2021-2022-300x225.jpg 300w, https:\/\/agora.xtec.cat\/cfalacreudebarbera\/wp-content\/uploads\/usu2281\/2021\/05\/OFERTA-FORMATIVA-2021-2022-768x576.jpg 768w, https:\/\/agora.xtec.cat\/cfalacreudebarbera\/wp-content\/uploads\/usu2281\/2021\/05\/OFERTA-FORMATIVA-2021-2022.jpg 1024w, https:\/\/agora.xtec.cat\/cfalacreudebarbera\/wp-content\/uploads\/usu2281\/2021\/05\/OFERTA-FORMATIVA-2021-2022-200x150.jpg 200w\" sizes=\"auto, (max-width: 850px) 100vw, 850px\" \/><\/a><\/p>\n","protected":false},"excerpt":{"rendered":"<p>Les persones que volen accedir a un centre de formaci\u00f3 d&#8217;adults han de presentar la sol\u00b7licitud de preinscripci\u00f3.<br \/>\nPRESENTACI\u00d3 DE SOL\u00b7LICITUDS: del 21 al 29 de juny de 2021<br \/>\nHorari de preinscripci\u00f3:<\/p>\n<ul>\n<li>\nMAT\u00cd: de 11 a 13 h\n<\/li>\n<li>\nTARDA (*): de 18 a 20 h\n<\/li>\n<\/ul>\n<p>(*) Excepte el dia 23&hellip;  <a href=\"https:\/\/agora.xtec.cat\/cfalacreudebarbera\/portada\/preinscripcio-i-oferta-formativa-curs-2021-2022\/\" title=\"Read Preinscripci\u00f3 i oferta formativa curs 2021-2022\">Llegeix m\u00e9s\u00bb<\/a><\/p>\n","protected":false},"author":1,"featured_media":0,"comment_status":"closed","ping_status":"closed","sticky":false,"template":"","format":"standard","meta":{"_bbp_topic_count":0,"_bbp_reply_count":0,"_bbp_total_topic_count":0,"_bbp_total_reply_count":0,"_bbp_voice_count":0,"_bbp_anonymous_reply_count":0,"_bbp_topic_count_hidden":0,"_bbp_reply_count_hidden":0,"_bbp_forum_subforum_count":0,"footnotes":""},"categories":[29],"tags":[],"class_list":["post-715","post","type-post","status-publish","format-standard","hentry","category-portada"],"post_mailing_queue_ids":[],"_links":{"self":[{"href":"https:\/\/agora.xtec.cat\/cfalacreudebarbera\/wp-json\/wp\/v2\/posts\/715","targetHints":{"allow":["GET"]}}],"collection":[{"href":"https:\/\/agora.xtec.cat\/cfalacreudebarbera\/wp-json\/wp\/v2\/posts"}],"about":[{"href":"https:\/\/agora.xtec.cat\/cfalacreudebarbera\/wp-json\/wp\/v2\/types\/post"}],"author":[{"embeddable":true,"href":"https:\/\/agora.xtec.cat\/cfalacreudebarbera\/wp-json\/wp\/v2\/users\/1"}],"replies":[{"embeddable":true,"href":"https:\/\/agora.xtec.cat\/cfalacreudebarbera\/wp-json\/wp\/v2\/comments?post=715"}],"version-history":[{"count":3,"href":"https:\/\/agora.xtec.cat\/cfalacreudebarbera\/wp-json\/wp\/v2\/posts\/715\/revisions"}],"predecessor-version":[{"id":718,"href":"https:\/\/agora.xtec.cat\/cfalacreudebarbera\/wp-json\/wp\/v2\/posts\/715\/revisions\/718"}],"wp:attachment":[{"href":"https:\/\/agora.xtec.cat\/cfalacreudebarbera\/wp-json\/wp\/v2\/media?parent=715"}],"wp:term":[{"taxonomy":"category","embeddable":true,"href":"https:\/\/agora.xtec.cat\/cfalacreudebarbera\/wp-json\/wp\/v2\/categories?post=715"},{"taxonomy":"post_tag","embeddable":true,"href":"https:\/\/agora.xtec.cat\/cfalacreudebarbera\/wp-json\/wp\/v2\/tags?post=715"}],"curies":[{"name":"wp","href":"https:\/\/api.w.org\/{rel}","templated":true}]}}