{"id":680,"date":"2021-04-30T11:13:53","date_gmt":"2021-04-30T09:13:53","guid":{"rendered":"https:\/\/agora.xtec.cat\/cfalacreudebarbera\/?p=680"},"modified":"2021-04-30T11:27:13","modified_gmt":"2021-04-30T09:27:13","slug":"mai-es-tard-per-aprendre","status":"publish","type":"post","link":"https:\/\/agora.xtec.cat\/cfalacreudebarbera\/portada\/mai-es-tard-per-aprendre\/","title":{"rendered":"Mai \u00e9s tard per aprendre"},"content":{"rendered":"<p>El Servei d\u2019Educaci\u00f3 al Llarg de la Vida ha preparat un v\u00eddeo de promoci\u00f3 dels Centres de Formaci\u00f3 d\u2019Adults que forma part d\u2019una campanya de difusi\u00f3 impulsada pel Departament d\u2019Educaci\u00f3. Esperem que us agradi. \u201cMai \u00e9s tard per aprendre\u201d<\/p>\n<p><iframe loading=\"lazy\" src=\"https:\/\/drive.google.com\/file\/d\/1m-jR5xFhw0NLmuPxVUISM_WRsQDiH7Mf\/preview\" width=\"853\" height=\"480\"><span data-mce-type=\"bookmark\" style=\"display: inline-block; width: 0px; overflow: hidden; line-height: 0;\" class=\"mce_SELRES_start\">\ufeff<\/span><\/iframe><\/p>\n<p><strong>Pots consultar l&#8217;oferta formativa del CFA La Creu de Barber\u00e0 al seg\u00fcent enlla\u00e7:\u00a0<a href=\"https:\/\/agora.xtec.cat\/cfalacreudebarbera\/ensenyaments\/\" target=\"_blank\" rel=\"noopener noreferrer\">https:\/\/agora.xtec.cat\/cfalacreudebarbera\/ensenyaments\/<\/a><\/strong><\/p>\n","protected":false},"excerpt":{"rendered":"<p>El Servei d\u2019Educaci\u00f3 al Llarg de la Vida ha preparat un v\u00eddeo de promoci\u00f3 dels Centres de Formaci\u00f3 d\u2019Adults que forma part d\u2019una campanya de difusi\u00f3 impulsada pel Departament d\u2019Educaci\u00f3. Esperem que us agradi. \u201cMai \u00e9s tard per aprendre\u201d<br \/>\n\ufeff<br \/>\nPots consultar l&#8217;oferta formativa del CFA La&hellip;  <a href=\"https:\/\/agora.xtec.cat\/cfalacreudebarbera\/portada\/mai-es-tard-per-aprendre\/\" title=\"Read Mai \u00e9s tard per aprendre\">Llegeix m\u00e9s\u00bb<\/a><\/p>\n","protected":false},"author":1,"featured_media":0,"comment_status":"closed","ping_status":"closed","sticky":false,"template":"","format":"standard","meta":{"_bbp_topic_count":0,"_bbp_reply_count":0,"_bbp_total_topic_count":0,"_bbp_total_reply_count":0,"_bbp_voice_count":0,"_bbp_anonymous_reply_count":0,"_bbp_topic_count_hidden":0,"_bbp_reply_count_hidden":0,"_bbp_forum_subforum_count":0,"footnotes":""},"categories":[29],"tags":[],"class_list":["post-680","post","type-post","status-publish","format-standard","hentry","category-portada"],"post_mailing_queue_ids":[],"_links":{"self":[{"href":"https:\/\/agora.xtec.cat\/cfalacreudebarbera\/wp-json\/wp\/v2\/posts\/680","targetHints":{"allow":["GET"]}}],"collection":[{"href":"https:\/\/agora.xtec.cat\/cfalacreudebarbera\/wp-json\/wp\/v2\/posts"}],"about":[{"href":"https:\/\/agora.xtec.cat\/cfalacreudebarbera\/wp-json\/wp\/v2\/types\/post"}],"author":[{"embeddable":true,"href":"https:\/\/agora.xtec.cat\/cfalacreudebarbera\/wp-json\/wp\/v2\/users\/1"}],"replies":[{"embeddable":true,"href":"https:\/\/agora.xtec.cat\/cfalacreudebarbera\/wp-json\/wp\/v2\/comments?post=680"}],"version-history":[{"count":3,"href":"https:\/\/agora.xtec.cat\/cfalacreudebarbera\/wp-json\/wp\/v2\/posts\/680\/revisions"}],"predecessor-version":[{"id":688,"href":"https:\/\/agora.xtec.cat\/cfalacreudebarbera\/wp-json\/wp\/v2\/posts\/680\/revisions\/688"}],"wp:attachment":[{"href":"https:\/\/agora.xtec.cat\/cfalacreudebarbera\/wp-json\/wp\/v2\/media?parent=680"}],"wp:term":[{"taxonomy":"category","embeddable":true,"href":"https:\/\/agora.xtec.cat\/cfalacreudebarbera\/wp-json\/wp\/v2\/categories?post=680"},{"taxonomy":"post_tag","embeddable":true,"href":"https:\/\/agora.xtec.cat\/cfalacreudebarbera\/wp-json\/wp\/v2\/tags?post=680"}],"curies":[{"name":"wp","href":"https:\/\/api.w.org\/{rel}","templated":true}]}}