{"id":676,"date":"2021-04-23T13:15:42","date_gmt":"2021-04-23T11:15:42","guid":{"rendered":"https:\/\/agora.xtec.cat\/cfalacreudebarbera\/?p=676"},"modified":"2021-04-23T13:15:42","modified_gmt":"2021-04-23T11:15:42","slug":"al-teu-costat-en-la-tria-educativa","status":"publish","type":"post","link":"https:\/\/agora.xtec.cat\/cfalacreudebarbera\/portada\/al-teu-costat-en-la-tria-educativa\/","title":{"rendered":"Al teu costat en la tria educativa"},"content":{"rendered":"<p><a href=\"https:\/\/agora.xtec.cat\/cfalacreudebarbera\/wp-content\/uploads\/usu2281\/2021\/04\/Tria-educativa.png\"><img loading=\"lazy\" decoding=\"async\" class=\"alignleft wp-image-677 size-large\" src=\"https:\/\/agora.xtec.cat\/cfalacreudebarbera\/wp-content\/uploads\/usu2281\/2021\/04\/Tria-educativa-1024x200.png\" alt=\"\" width=\"1024\" height=\"200\" srcset=\"https:\/\/agora.xtec.cat\/cfalacreudebarbera\/wp-content\/uploads\/usu2281\/2021\/04\/Tria-educativa-1024x200.png 1024w, https:\/\/agora.xtec.cat\/cfalacreudebarbera\/wp-content\/uploads\/usu2281\/2021\/04\/Tria-educativa-300x59.png 300w, https:\/\/agora.xtec.cat\/cfalacreudebarbera\/wp-content\/uploads\/usu2281\/2021\/04\/Tria-educativa-768x150.png 768w, https:\/\/agora.xtec.cat\/cfalacreudebarbera\/wp-content\/uploads\/usu2281\/2021\/04\/Tria-educativa.png 1900w\" sizes=\"auto, (max-width: 1024px) 100vw, 1024px\" \/><\/a>El Departament d&#8217;Educaci\u00f3 ha posat en funcionament el nou web tem\u00e0tic &#8220;Tria educativa&#8221; que neix amb un objectiu principal: oferir informaci\u00f3 de qualitat i actualitzada als nois i noies que acaben l&#8217;ESO i han de decidir quina formaci\u00f3 s&#8217;ajusta m\u00e9s als seus interessos i a la posterior sortida laboral.<\/p>\n<p>Pots trobar aquest web al seg\u00fcent enlla\u00e7:\u00a0<a href=\"https:\/\/triaeducativa.gencat.cat\/ca\/inici\/\" target=\"_blank\" rel=\"noopener noreferrer\">https:\/\/triaeducativa.gencat.cat\/ca\/inici\/<\/a><\/p>\n<p>Qu\u00e8 puc estudiar? Ha arribat el moment de triar! Al web &#8220;Tria educativa&#8221; trobar\u00e0s tota la informaci\u00f3 que necessites per escollir l&#8217;opci\u00f3 que m\u00e9s s&#8217;ajusta als teus interessos. Con\u00e8ixer l&#8217;oferta formativa et permetr\u00e0 relacionar les teves prefer\u00e8ncies i habilitats amb les professions que ofereix l&#8217;entorn social i laboral.<\/p>\n<p>El portal inclou les fitxes actualitzades de tots els estudis. A m\u00e9s, trobareu v\u00eddeos explicatius sobre els diferents estudis, podcasts sobre temes diversos, un desplegable descarregable que reuneix tota la informaci\u00f3 sintetitzada sobre l&#8217;oferta formativa, i molts altres materials. El men\u00fa superior incorpora un bot\u00f3 de traducci\u00f3 autom\u00e0tica que facilita la navegaci\u00f3 per tot el web en diferents idiomes.<\/p>\n","protected":false},"excerpt":{"rendered":"<p><a href=\"https:\/\/agora.xtec.cat\/cfalacreudebarbera\/wp-content\/uploads\/usu2281\/2021\/04\/Tria-educativa.png\"><\/a>El Departament d&#8217;Educaci\u00f3 ha posat en funcionament el nou web tem\u00e0tic &#8220;Tria educativa&#8221; que neix amb un objectiu principal: oferir informaci\u00f3 de qualitat i actualitzada als nois i noies que acaben l&#8217;ESO i han de decidir quina formaci\u00f3 s&#8217;ajusta m\u00e9s als seus interessos i&hellip;  <a href=\"https:\/\/agora.xtec.cat\/cfalacreudebarbera\/portada\/al-teu-costat-en-la-tria-educativa\/\" title=\"Read Al teu costat en la tria educativa\">Llegeix m\u00e9s\u00bb<\/a><\/p>\n","protected":false},"author":1,"featured_media":0,"comment_status":"closed","ping_status":"closed","sticky":false,"template":"","format":"standard","meta":{"_bbp_topic_count":0,"_bbp_reply_count":0,"_bbp_total_topic_count":0,"_bbp_total_reply_count":0,"_bbp_voice_count":0,"_bbp_anonymous_reply_count":0,"_bbp_topic_count_hidden":0,"_bbp_reply_count_hidden":0,"_bbp_forum_subforum_count":0,"footnotes":""},"categories":[29],"tags":[],"class_list":["post-676","post","type-post","status-publish","format-standard","hentry","category-portada"],"post_mailing_queue_ids":[],"_links":{"self":[{"href":"https:\/\/agora.xtec.cat\/cfalacreudebarbera\/wp-json\/wp\/v2\/posts\/676","targetHints":{"allow":["GET"]}}],"collection":[{"href":"https:\/\/agora.xtec.cat\/cfalacreudebarbera\/wp-json\/wp\/v2\/posts"}],"about":[{"href":"https:\/\/agora.xtec.cat\/cfalacreudebarbera\/wp-json\/wp\/v2\/types\/post"}],"author":[{"embeddable":true,"href":"https:\/\/agora.xtec.cat\/cfalacreudebarbera\/wp-json\/wp\/v2\/users\/1"}],"replies":[{"embeddable":true,"href":"https:\/\/agora.xtec.cat\/cfalacreudebarbera\/wp-json\/wp\/v2\/comments?post=676"}],"version-history":[{"count":2,"href":"https:\/\/agora.xtec.cat\/cfalacreudebarbera\/wp-json\/wp\/v2\/posts\/676\/revisions"}],"predecessor-version":[{"id":679,"href":"https:\/\/agora.xtec.cat\/cfalacreudebarbera\/wp-json\/wp\/v2\/posts\/676\/revisions\/679"}],"wp:attachment":[{"href":"https:\/\/agora.xtec.cat\/cfalacreudebarbera\/wp-json\/wp\/v2\/media?parent=676"}],"wp:term":[{"taxonomy":"category","embeddable":true,"href":"https:\/\/agora.xtec.cat\/cfalacreudebarbera\/wp-json\/wp\/v2\/categories?post=676"},{"taxonomy":"post_tag","embeddable":true,"href":"https:\/\/agora.xtec.cat\/cfalacreudebarbera\/wp-json\/wp\/v2\/tags?post=676"}],"curies":[{"name":"wp","href":"https:\/\/api.w.org\/{rel}","templated":true}]}}