{"id":671,"date":"2021-03-15T13:22:27","date_gmt":"2021-03-15T12:22:27","guid":{"rendered":"https:\/\/agora.xtec.cat\/cfalacreudebarbera\/?p=671"},"modified":"2021-03-15T13:23:01","modified_gmt":"2021-03-15T12:23:01","slug":"matricula-ges-presencial-3r-trimestre","status":"publish","type":"post","link":"https:\/\/agora.xtec.cat\/cfalacreudebarbera\/portada\/matricula-ges-presencial-3r-trimestre\/","title":{"rendered":"Matr\u00edcula GES presencial (3r trimestre)"},"content":{"rendered":"<p><a href=\"https:\/\/agora.xtec.cat\/cfalacreudebarbera\/wp-content\/uploads\/usu2281\/2020\/12\/escola-150x150.jpg\"><img loading=\"lazy\" decoding=\"async\" class=\" wp-image-588 alignleft\" src=\"https:\/\/agora.xtec.cat\/cfalacreudebarbera\/wp-content\/uploads\/usu2281\/2020\/12\/escola-150x150.jpg\" alt=\"\" width=\"150\" height=\"150\" \/><\/a>Ja disposem de les dates de matr\u00edcula per al tercer trimestre del curs de Graduat en Educaci\u00f3 Secund\u00e0ria (vegeu informaci\u00f3 sobre el <a href=\"https:\/\/agora.xtec.cat\/cfalacreudebarbera\/ensenyaments\/graduat-en-educacio-secundaria-per-adults\/ges-presencial\/\" target=\"_blank\" rel=\"noopener noreferrer\">GES Presencial<\/a>).<\/p>\n<p>Dates de matr\u00edcula:<\/p>\n<p><strong>24, 25 i 26 de mar\u00e7 de 2021<\/strong><\/p>\n<ul>\n<li>Mat\u00ed: de 10.00 a 12.00 h<\/li>\n<li>Tarda: de 16.00 a 18.00 h<\/li>\n<\/ul>\n<p><strong>(excepte el dia 26 que nom\u00e9s atendrem al mat\u00ed)<\/strong><\/p>\n<p>Documentaci\u00f3 necess\u00e0ria:<\/p>\n<ul>\n<li>Fotoc\u00f2pia del DNI<\/li>\n<li>1 foto carnet<\/li>\n<li>Original i fotoc\u00f2pia del llibre d\u2019escolaritat o expedient acad\u00e8mic<\/li>\n<li>Fotoc\u00f2pia de la tarja sanit\u00e0ria<\/li>\n<\/ul>\n<p>El mateix dia de la matr\u00edcula s\u2019ha de fer efectiu el pagament del material del curs.<\/p>\n<p>Podeu consultar les dates d\u2019inici i fi del trimestre al\u00a0<a href=\"https:\/\/agora.xtec.cat\/cfalacreudebarbera\/wp-content\/uploads\/usu2281\/2020\/11\/Calendari-2020-2021.pdf\" target=\"_blank\" rel=\"noopener noreferrer\">calendari escolar de l\u2019ajuntament de Sabadell<\/a>.<\/p>\n","protected":false},"excerpt":{"rendered":"<p><a href=\"https:\/\/agora.xtec.cat\/cfalacreudebarbera\/wp-content\/uploads\/usu2281\/2020\/12\/escola-150x150.jpg\"><\/a>Ja disposem de les dates de matr\u00edcula per al tercer trimestre del curs de Graduat en Educaci\u00f3 Secund\u00e0ria (vegeu informaci\u00f3 sobre el <a href=\"https:\/\/agora.xtec.cat\/cfalacreudebarbera\/ensenyaments\/graduat-en-educacio-secundaria-per-adults\/ges-presencial\/\" target=\"_blank\" rel=\"noopener noreferrer\">GES Presencial<\/a>).<br \/>\nDates de matr\u00edcula:<br \/>\n24, 25 i 26 de mar\u00e7 de 2021<\/p>\n<ul>\n<li>Mat\u00ed: de 10.00 a 12.00 h<\/li>\n<li>Tarda: de 16.00&hellip;  <a href=\"https:\/\/agora.xtec.cat\/cfalacreudebarbera\/portada\/matricula-ges-presencial-3r-trimestre\/\" title=\"Read Matr\u00edcula GES presencial (3r trimestre)\">Llegeix m\u00e9s\u00bb<\/a><br \/>\n","protected":false},"author":1,"featured_media":0,"comment_status":"closed","ping_status":"closed","sticky":false,"template":"","format":"standard","meta":{"_bbp_topic_count":0,"_bbp_reply_count":0,"_bbp_total_topic_count":0,"_bbp_total_reply_count":0,"_bbp_voice_count":0,"_bbp_anonymous_reply_count":0,"_bbp_topic_count_hidden":0,"_bbp_reply_count_hidden":0,"_bbp_forum_subforum_count":0,"footnotes":""},"categories":[29],"tags":[],"class_list":["post-671","post","type-post","status-publish","format-standard","hentry","category-portada"],"post_mailing_queue_ids":[],"_links":{"self":[{"href":"https:\/\/agora.xtec.cat\/cfalacreudebarbera\/wp-json\/wp\/v2\/posts\/671","targetHints":{"allow":["GET"]}}],"collection":[{"href":"https:\/\/agora.xtec.cat\/cfalacreudebarbera\/wp-json\/wp\/v2\/posts"}],"about":[{"href":"https:\/\/agora.xtec.cat\/cfalacreudebarbera\/wp-json\/wp\/v2\/types\/post"}],"author":[{"embeddable":true,"href":"https:\/\/agora.xtec.cat\/cfalacreudebarbera\/wp-json\/wp\/v2\/users\/1"}],"replies":[{"embeddable":true,"href":"https:\/\/agora.xtec.cat\/cfalacreudebarbera\/wp-json\/wp\/v2\/comments?post=671"}],"version-history":[{"count":4,"href":"https:\/\/agora.xtec.cat\/cfalacreudebarbera\/wp-json\/wp\/v2\/posts\/671\/revisions"}],"predecessor-version":[{"id":780,"href":"https:\/\/agora.xtec.cat\/cfalacreudebarbera\/wp-json\/wp\/v2\/posts\/671\/revisions\/780"}],"wp:attachment":[{"href":"https:\/\/agora.xtec.cat\/cfalacreudebarbera\/wp-json\/wp\/v2\/media?parent=671"}],"wp:term":[{"taxonomy":"category","embeddable":true,"href":"https:\/\/agora.xtec.cat\/cfalacreudebarbera\/wp-json\/wp\/v2\/categories?post=671"},{"taxonomy":"post_tag","embeddable":true,"href":"https:\/\/agora.xtec.cat\/cfalacreudebarbera\/wp-json\/wp\/v2\/tags?post=671"}],"curies":[{"name":"wp","href":"https:\/\/api.w.org\/{rel}","templated":true}]}}